{"id":106730,"date":"2026-05-20T06:29:10","date_gmt":"2026-05-20T06:29:10","guid":{"rendered":"https:\/\/www.europesays.com\/hu\/106730\/"},"modified":"2026-05-20T06:29:10","modified_gmt":"2026-05-20T06:29:10","slug":"index-kulfold-fordulat-a-mango-milliardos-alapitojanak-halala-ugyeben-orizetbe-vettek-a-fiat","status":"publish","type":"post","link":"https:\/\/www.europesays.com\/hu\/106730\/","title":{"rendered":"Index &#8211; K\u00fclf\u00f6ld &#8211; Fordulat a Mango milli\u00e1rdos alap\u00edt\u00f3j\u00e1nak hal\u00e1la \u00fcgy\u00e9ben: \u0151rizetbe vett\u00e9k a fi\u00e1t"},"content":{"rendered":"<p>A 71 \u00e9ves Isak Andic a Barcelona k\u00f6zel\u00e9ben fekv\u0151 Montserrat-hegys\u00e9gben vesztette \u00e9let\u00e9t, amikor <a href=\"https:\/\/index.hu\/kulfold\/2024\/12\/14\/isak-andic-mango-divatlanc-alapito-halalos-baleset-turazas-lezuhant\/\" id=\"hyperlink_e480648d206cab3574701e37411a9bbf\" target=\"_blank\" title=\"Balesetben meghalt a Mango divatl\u00e1nc milli\u00e1rdos alap\u00edt\u00f3ja\" rel=\"nofollow noopener\">egy t\u00fara sor\u00e1n szakad\u00e9kba zuhant<\/a>. A trag\u00e9dia idej\u00e9n fia is vele tart\u00f3zkodott, b\u00e1r a sajt\u00f3ban elt\u00e9r\u0151 inform\u00e1ci\u00f3k jelentek meg arr\u00f3l, hogy m\u00e1s csal\u00e1dtagok jelen voltak-e.<\/p>\n<p>A nyomoz\u00e1st eredetileg 2025 elej\u00e9n lez\u00e1rt\u00e1k, mivel nem tal\u00e1ltak idegenkez\u0171s\u00e9gre utal\u00f3 bizony\u00edt\u00e9kot. A La Vanguardia \u00e9rtes\u00fcl\u00e9sei szerint azonban k\u00e9s\u0151bb ellentmond\u00e1sokat fedeztek fel Jonathan Andic vallom\u00e1s\u00e1ban, ez\u00e9rt a hat\u00f3s\u00e1gok \u00fajranyitott\u00e1k az \u00fcgyet \u2013 jelentette a <a href=\"https:\/\/www.bbc.com\/news\/articles\/c0m2pg1z4x8o\" id=\"hyperlink_24a2756d2e38830700d659e6f72c7854\" rel=\"nofollow noopener\" target=\"_blank\">BBC<\/a>.<\/p>\n<p>Jonathant kedden d\u00e9lel\u0151tt vitt\u00e9k el otthon\u00e1b\u00f3l kihallgat\u00e1sra. K\u00e9s\u0151bb b\u00edr\u00f3 el\u00e9 \u00e1ll\u00edtott\u00e1k, aki egymilli\u00f3 eur\u00f3s (k\u00f6r\u00fclbel\u00fcl\u00a0361 milli\u00f3 forint) \u00f3vad\u00e9k mellett enged\u00e9lyezte szabadl\u00e1bon v\u00e9dekez\u00e9s\u00e9t. Emellett bevont\u00e1k az \u00fatlevel\u00e9t, \u00e9s el\u0151\u00edrt\u00e1k sz\u00e1m\u00e1ra a heti rendszeress\u00e9g\u0171 b\u00edr\u00f3s\u00e1gi jelentkez\u00e9st.\u00a0A csal\u00e1d sz\u00f3viv\u0151je a Reuters h\u00edr\u00fcgyn\u00f6ks\u00e9gnek azt nyilatkozta, hogy a csal\u00e1d teljes m\u00e9rt\u00e9kben b\u00edzik Jonathan \u00e1rtatlans\u00e1g\u00e1ban.<\/p>\n<p>Jonathan Andic 2005-ben csatlakozott a Mango v\u00e1llalathoz, k\u00e9s\u0151bb pedig a Mango Man f\u00e9rfikollekci\u00f3 vezet\u0151je lett.<\/p>\n<p>Apja hal\u00e1la ut\u00e1n az igazgat\u00f3tan\u00e1cs aleln\u00f6ki poz\u00edci\u00f3j\u00e1t is megkapta.<\/p>\n<p>A t\u00f6r\u00f6k sz\u00e1rmaz\u00e1s\u00fa Isak Andic testv\u00e9r\u00e9vel, Nahmannal alap\u00edtotta meg a Mang\u00f3t Barcelon\u00e1ban 1984-ben. A m\u00e1rka m\u00e1ra k\u00f6zel 3000 \u00fczletet m\u0171k\u00f6dtet vil\u00e1gszerte, t\u00f6bb mint 120 orsz\u00e1gban. A Forbes becsl\u00e9se szerint a divatmogul vagyona hal\u00e1lakor el\u00e9rte a 4,5 milli\u00e1rd doll\u00e1rt (k\u00f6r\u00fclbel\u00fcl 1,37 billi\u00f3 forint).<\/p>\n<p>A v\u00e1llalat vez\u00e9rigazgat\u00f3ja, Toni Ruiz kor\u00e1bban \u00fagy fogalmazott: Isak Andic hal\u00e1la \u201ehatalmas \u0171rt hagy maga ut\u00e1n\u201d, ugyanakkor hangs\u00falyozta, hogy a c\u00e9g sz\u00e1m\u00e1ra az alap\u00edt\u00f3 \u00f6r\u00f6ks\u00e9g\u00e9nek tov\u00e1bbvitele jelenti a legnagyobb tisztelg\u00e9st.<\/p>\n<p>\n                          (Bor\u00edt\u00f3k\u00e9p: A katal\u00e1n rend\u0151rs\u00e9g \u0151rizetbe veszi Jonathan Andicot 2026. m\u00e1jus 19-\u00e9n. Fot\u00f3:\u00a0David Oller \/ Europa Press \/ Getty Images)\n                        <\/p>\n<p>\n                          \u00a0\n                        <\/p>\n<p><a href=\"https:\/\/dex.hu\/x.php?id=googlepref_desktop&amp;url=https:\/\/google.com\/preferences\/source?q=https:\/\/index.hu\" class=\"google-pref-banner \" id=\"googlePrefBanner\" rel=\"nofollow noopener\" target=\"_blank\"><\/p>\n<p>    Itt \u00e1ll\u00edtsa be, hogy az Index az els\u0151k k\u00f6z\u00f6tt legyen a Google-tal\u00e1latokban!<\/p>\n<p><\/a><\/p>\n<p>    <img decoding=\"async\" src=\"https:\/\/index.hu\/assets\/images\/social-follow\/logo-big.svg\" alt=\"Index.hu logo\"\/><\/p>\n<p>K\u00f6vesse az Indexet Facebookon is!<\/p>\n<p>    <a href=\"https:\/\/facebook.com\/Indexhu\" target=\"_blank\" rel=\"nofollow noopener\"><\/p>\n<p>        K\u00f6vetem!<br \/>\n    <\/a><\/p>\n","protected":false},"excerpt":{"rendered":"A 71 \u00e9ves Isak Andic a Barcelona k\u00f6zel\u00e9ben fekv\u0151 Montserrat-hegys\u00e9gben vesztette \u00e9let\u00e9t, amikor egy t\u00fara sor\u00e1n szakad\u00e9kba zuhant.&hellip;\n","protected":false},"author":2,"featured_media":106731,"comment_status":"","ping_status":"","sticky":false,"template":"","format":"standard","meta":{"footnotes":"","_share_on_mastodon":"0"},"categories":[8],"tags":[68,35272,1335,700,42,35270,64,899,43,35271,34,94,93,92],"class_list":["post-106730","post","type-post","status-publish","format-standard","has-post-thumbnail","category-vilag","tag-alapito","tag-divatlanc","tag-fia","tag-halalos-baleset","tag-hungarian","tag-isak-andic","tag-kulfold","tag-letartoztatas","tag-magyar","tag-mango","tag-news","tag-vilag","tag-world","tag-world-news"],"share_on_mastodon":{"url":"https:\/\/pubeurope.com\/@hu\/116605496266926327","error":""},"_links":{"self":[{"href":"https:\/\/www.europesays.com\/hu\/wp-json\/wp\/v2\/posts\/106730","targetHints":{"allow":["GET"]}}],"collection":[{"href":"https:\/\/www.europesays.com\/hu\/wp-json\/wp\/v2\/posts"}],"about":[{"href":"https:\/\/www.europesays.com\/hu\/wp-json\/wp\/v2\/types\/post"}],"author":[{"embeddable":true,"href":"https:\/\/www.europesays.com\/hu\/wp-json\/wp\/v2\/users\/2"}],"replies":[{"embeddable":true,"href":"https:\/\/www.europesays.com\/hu\/wp-json\/wp\/v2\/comments?post=106730"}],"version-history":[{"count":0,"href":"https:\/\/www.europesays.com\/hu\/wp-json\/wp\/v2\/posts\/106730\/revisions"}],"wp:featuredmedia":[{"embeddable":true,"href":"https:\/\/www.europesays.com\/hu\/wp-json\/wp\/v2\/media\/106731"}],"wp:attachment":[{"href":"https:\/\/www.europesays.com\/hu\/wp-json\/wp\/v2\/media?parent=106730"}],"wp:term":[{"taxonomy":"category","embeddable":true,"href":"https:\/\/www.europesays.com\/hu\/wp-json\/wp\/v2\/categories?post=106730"},{"taxonomy":"post_tag","embeddable":true,"href":"https:\/\/www.europesays.com\/hu\/wp-json\/wp\/v2\/tags?post=106730"}],"curies":[{"name":"wp","href":"https:\/\/api.w.org\/{rel}","templated":true}]}}