{"id":107468,"date":"2026-05-20T18:12:15","date_gmt":"2026-05-20T18:12:15","guid":{"rendered":"https:\/\/www.europesays.com\/hu\/107468\/"},"modified":"2026-05-20T18:12:15","modified_gmt":"2026-05-20T18:12:15","slug":"index-tech-tudomany-fogadjunk-hogy-ilyen-gyontatoszeket-meg-nem-latott","status":"publish","type":"post","link":"https:\/\/www.europesays.com\/hu\/107468\/","title":{"rendered":"Index &#8211; Tech-Tudom\u00e1ny &#8211; Fogadjunk, hogy ilyen gy\u00f3ntat\u00f3sz\u00e9ket m\u00e9g nem l\u00e1tott"},"content":{"rendered":"<p>Egy magas, oszlopos \u00e9p\u00edtm\u00e9nyt k\u00e9pzeljen el az olvas\u00f3, feny\u0151f\u00e1b\u00f3l, h\u00e1romsz\u00f6g\u0171 timpanonnal a tetej\u00e9n, f\u00fcgg\u00f6nnyel az ablak hely\u00e9n. A bem\u00e9lyed\u00e9s alj\u00e1n egy egyszer\u0171, koptatott t\u00e9rdepl\u0151. Oldalt f\u00fclhallgat\u00f3 l\u00f3g egy kamp\u00f3n \u2013 egyszer\u0171, fekete, mikrofonos darab.<\/p>\n<p>A talapzat el\u0151tt v\u00f6r\u00f6s \u00e9s feh\u00e9r \u00fcvegm\u00e9csesek sorakoznak, n\u00e9h\u00e1ny l\u00e9p\u00e9ssel arr\u00e9bb pedig egy k\u0151t\u00e1lc\u00e1n LED-es team\u00e9csesek pislognak, k\u00f6z\u00f6tt\u00fck egyetlen, k\u00e9ken vil\u00e1g\u00edt\u00f3, m\u0171anyag fogadalmi gyertya.<\/p>\n<p>A h\u00e1tt\u00e9rben a mil\u00e1n\u00f3i MiCo kongresszusi k\u00f6zpont ipari ac\u00e9lszerkezete, f\u00f6l\u00f6tte reflektorok, mellette p\u00e1lm\u00e1k, melyeket alulr\u00f3l k\u00e9k LED vil\u00e1g\u00edt meg. A padl\u00f3t rik\u00edt\u00f3 r\u00f3zsasz\u00edn sz\u0151nyeg bor\u00edtja. Enn\u00e9l kontrasztosabb tal\u00e1lkoz\u00e1st neh\u00e9z elk\u00e9pzelni: a n\u00e9hai pl\u00e9b\u00e1niai liturgia kell\u00e9kt\u00e1ra egy AI-ki\u00e1ll\u00edt\u00e1s k\u00f6zep\u00e9n.<\/p>\n<p>Ez Matteo Mandelli install\u00e1ci\u00f3ja \u2013 \u201eAz algoritmus im\u00e1ja\u201d \u2013, a mil\u00e1n\u00f3i AI Week 2026 egyik legforgalmasabb attrakci\u00f3ja. A harmincnyolc \u00e9ves lecc\u00f3i kort\u00e1rs m\u0171v\u00e9sz egy r\u00e9gi templomb\u00f3l mentett, megkopott gy\u00f3ntat\u00f3sz\u00e9ket kombin\u00e1lt egy chatbotos rendszerrel: aki let\u00e9rdel, f\u00fcl\u00e9re teheti a headsetet, \u00e9s ki\u00f6ntheti a sz\u00edv\u00e9t. A g\u00e9p pedig nem feloldoz, hanem penitenci\u00e1t r\u00f3 ki. Pontosabban: ritu\u00e1l\u00e9t. \u201eAz arch\u00edvum m\u00e9g egy pillanatig vil\u00e1g\u00edt. A munkamenet lez\u00e1rva\u201d \u2013 minden sze\u00e1nsz ezzel a sz\u00f6veggel \u00e9r v\u00e9get.<\/p>\n<p>                        Z\u00e1poroztak a zavarba ejt\u0151en \u0151szinte vallom\u00e1sok<\/p>\n<p>A f\u00fclke mellett egy hatalmas k\u00e9perny\u0151 \u00e1ll, rajta az \u00e9l\u0151 arch\u00edvum: a vallom\u00e1sokat id\u0151b\u00e9lyeggel, nyelvi jel\u00f6l\u00e9ssel kis k\u00e1rty\u00e1kban list\u00e1zza ki a rendszer. Be\u00fcltem a padra, \u00e9s figyeltem, mit m\u0171velnek m\u00e1sok. Egyetlen reggel alatt negyvenegyen gy\u00f3ntak. \u201eSok b\u0171nt elk\u00f6vettem\u201d \u2013 mondta valaki.<\/p>\n<p>Egy m\u00e1sik megsz\u00f3lal\u00f3 bevallotta: fogalma sincs, mi az a mesters\u00e9ges intelligencia, mik\u00f6zben \u00e9pp egy MI-konferenci\u00e1n m\u00e1szk\u00e1l, \u00e9s \u00fagy tesz, mintha tudn\u00e1. \u201eItt vagyok egy AI-ki\u00e1ll\u00edt\u00e1son, \u00e9s hazudok mindenkinek mindenr\u0151l\u201d \u2013 ennyi volt a teljes vallom\u00e1sa.<\/p>\n<p>Akadtak enn\u00e9l s\u00falyosabbak is. Egy f\u00e9rfi azt mondta a mikrofonba: meg\u00fct\u00f6tte a bar\u00e1tj\u00e1t, mik\u00f6zben az \u00e9ppen arr\u00f3l besz\u00e9lt, hogyan \u00edrt egy e-mailt az Opus 4.6-tal (egy nagy nyelvi modellel). Valaki k\u00f6zleked\u00e9si balesetet vallott be:<\/p>\n<p>\u201eelg\u00e1zoltunk p\u00e1r embert, mindenki j\u00f3l van, de jobban is csin\u00e1lhattuk volna.\u201d<\/p>\n<p>Egy m\u00e1sik gy\u00f3n\u00f3 azzal kezdte, hogy h\u00fasz \u00e9ve nem volt gy\u00f3nni, \u201emert nincs mi\u00e9rt, \u00e9s az egyetlen isten tal\u00e1n a technol\u00f3gia, vagyis maga az ember\u201d.<\/p>\n<p>                        Csendre utas\u00edt a g\u00e9p<\/p>\n<p>Egy n\u0151 bevallotta: gondolatban megcsalta a p\u00e1rj\u00e1t. A g\u00e9p azt r\u00f3tta ki r\u00e1, hogy a k\u00f6vetkez\u0151 alkalommal, amikor kettesben lesz a f\u00e9rj\u00e9vel, mondja ki nyersen, ami a fej\u00e9ben j\u00e1r \u2013 kertel\u00e9s n\u00e9lk\u00fcl \u2013, \u00e9s maradjon csendben, am\u00edg v\u00e1laszt nem kap.<\/p>\n<p>Itt nincs feloldoz\u00e1s. Nincs \u201eh\u00e1rom miaty\u00e1nk\u201d. A penitenci\u00e1k k\u00ednosan konkr\u00e9tak, n\u00e9ha b\u00e1nt\u00f3an azok.<\/p>\n<p>A f\u00fclke arra a k\u00e9rd\u00e9sre keresi a v\u00e1laszt, hogy kinek is vallunk be val\u00f3j\u00e1ban b\u00e1rmit a h\u00e9tk\u00f6znapokban.\u00a0Aki haszn\u00e1lta m\u00e1r az Indexen is meg\u00edrt m\u00f3don a ChatGPT-t <a href=\"https:\/\/index.hu\/kulfold\/2025\/01\/26\/mesterseges-intelligencia-mint-pszichologus-terapia-ai\/\" id=\"hyperlink_e2315a24311548294028a297864cbf62\" target=\"_blank\" title=\"A terapeut\u00e1m egy robot \u2013 egyre t\u00f6bb ember fordul az AI-hoz a ment\u00e1lis eg\u00e9szs\u00e9g\u00e9vel\" rel=\"nofollow noopener\">terapeutak\u00e9nt<\/a>, az nagyj\u00e1b\u00f3l tudja, mir\u0151l van sz\u00f3: m\u00e1r nem a papnak \u00e9s nem is a pszichol\u00f3gusnak \u00f6ntj\u00fck ki a lelk\u00fcnket, hanem egy nyelvi modellnek.<\/p>\n<p>A k\u00fcl\u00f6nbs\u00e9g csup\u00e1n annyi, hogy Mandelli install\u00e1ci\u00f3j\u00e1ban mindezt megkopott feny\u0151fa, kr\u00e9msz\u00edn\u0171 f\u00fcgg\u00f6ny \u00e9s egy templomi t\u00e9rdepl\u0151 keretezi.<\/p>\n<p>                        A g\u00e9p, amely nem \u00edt\u00e9lkezik \u2013 de nem is hazudtolja meg mag\u00e1t<\/p>\n<p>A pszichol\u00f3gusok \u00e9ppen ett\u0151l tartanak. A chatbotok egyik legnagyobb vonzereje \u2013 ahogy kor\u00e1bban dr. Makai G\u00e1bor klinikai szakpszichol\u00f3gus is <a href=\"https:\/\/www.borsonline.hu\/test-es-lelek\/2025\/10\/chatgpt-terapia-veszely-trend-makai-gabor-pszichologus\" id=\"hyperlink_df26902ae7073685ff3bd14a0273b842\" rel=\"nofollow noopener\" target=\"_blank\">figyelmeztetett<\/a> \u2013, hogy nem \u00edt\u00e9lkeznek; a szakember szerint azonban ez \u201ecsak a biztons\u00e1g ill\u00fazi\u00f3ja\u201d.<\/p>\n<p>Az Algorithm Creed rendszere viszont szembemegy a megfelel\u00e9si k\u00e9nyszerre \u00e9p\u00edt\u0151 chatbotokkal: nem h\u00edzelg\u0151, \u00e9s nem szemf\u00e9nyveszt\u0151.<\/p>\n<p>Az egyik gy\u00f3n\u00f3 \u2013 aki bevallotta, hogy t\u00fal sokat cigarett\u00e1zik \u2013 azt a v\u00e1laszt kapta, hogy \u201enem a f\u00fcst a probl\u00e9ma, hanem az, amit elker\u00fclsz vele\u201d.<\/p>\n<p>Egy m\u00e1sik megsz\u00f3lal\u00f3nak, aki egy l\u00e1ny ir\u00e1nti, ki nem mondott v\u00e1gyat vallott be, azt \u00edrta ki a g\u00e9p penitenciak\u00e9nt, hogy \u00edrjon egy levelet a l\u00e1nynak \u2013 de ne k\u00fcldje el.\u00a0Ebben az esetben a kir\u00f3tt ritu\u00e1l\u00e9 folytat\u00e1sa hat\u00e1rozottan terapikus jelleg\u0171: \u00e1llj n\u00e9ma csendben egy percig a t\u00fck\u00f6r el\u0151tt, h\u00e1rom nap m\u00falva t\u00e9pd sz\u00e9t a pap\u00edrt, ne ny\u00falj k\u00f6zben a telefonodhoz.<\/p>\n<p>Az Index m\u00e1r tavaly tavasszal bemutatta, hogy egyre t\u00f6bb n\u0151 haszn\u00e1lja a ChatGPT-t pszichol\u00f3gus helyett. A mil\u00e1n\u00f3i f\u00fclke ezt a tendenci\u00e1t egy l\u00e9p\u00e9ssel tov\u00e1bb viszi: nemcsak a k\u00e9nyelmet, hanem a katolikus liturgia legintimebb gesztus\u00e1t, a b\u0171nbevall\u00e1st is \u00e1temeli a chatablakba.<\/p>\n<p>                        Olcs\u00f3 tr\u00fckk vagy korlenyomat?<\/p>\n<p>A n\u00e9z\u0151 gyan\u00edthatja, hogy itt csak egy \u00fcgyes m\u0171v\u00e9sz hat\u00e1svad\u00e1sz megold\u00e1shoz ny\u00falt: fogjunk egy r\u00e9gi szakr\u00e1lis kell\u00e9ket, dobjuk be a divatsz\u00f3t, \u00e9s k\u00e9sz is a kort\u00e1rs install\u00e1ci\u00f3. A f\u00fclke el\u0151tti t\u00fcleked\u00e9s azonban m\u00e1st mutat.<\/p>\n<p>A kordon m\u00f6g\u00f6tt folyamatosan \u00e1llnak az emberek, fiatal MI-fejleszt\u0151k, marketingesek, programoz\u00f3k v\u00e1rnak a sorukra, n\u00e9h\u00e1nyan a telefonjukon olvass\u00e1k Mandelli r\u00f6vid le\u00edr\u00e1s\u00e1t, m\u00e1sok m\u00e1r a t\u00e9rdepl\u0151n t\u00e9rdelnek, f\u00fcl\u00fck\u00f6n a headsettel. \u00c9s sokan \u0151szint\u00e9n vallanak. Nem azt mondj\u00e1k, hogy \u201eteszt\u201d, hanem azt, hogy \u201ekicsit sokat ittam tegnap\u201d, \u201eloptam\u201d, \u201eelhanyagolom az any\u00e1mat\u201d.<\/p>\n<p>A teljes arch\u00edvum az interneten is olvashat\u00f3, n\u00e9v n\u00e9lk\u00fcl, d\u00e1tumozva. Val\u00f3sz\u00edn\u0171leg ez a m\u0171alkot\u00e1s legfontosabb r\u00e9tege. Az Index kor\u00e1bban arr\u00f3l is \u00edrt, hogy a mesters\u00e9ges intelligencia nem \u00e9rez, de <a href=\"https:\/\/index.hu\/tudomany\/2025\/07\/25\/mesterseges-intelligencia-szegedy-balazs-reakcio\/\" id=\"hyperlink_410de8be19d4a13a5f6714c899cd02a3\" target=\"_blank\" title=\"A mesters\u00e9ges intelligencia v\u00e1laszolt az Index cikk\u00e9re, \u00e9s j\u00f3l odamondott nek\u00fcnk\" rel=\"nofollow noopener\">\u201erezon\u00e1l\u201d<\/a>. Az Algorithm Creed arch\u00edvuma pontosan ezt mutatja: egy g\u00e9pet, amely figyel, r\u00f6gz\u00edt, \u00e9s szem\u00e9lyre szabott feladatot ad.<\/p>\n<p>Amikor fel\u00e1lltam, a kordon m\u00e1sik oldal\u00e1n m\u00e1r sor \u00e1llt. Az egyik szervez\u0151 azt mondta, hogy a d\u00e9lel\u0151tt els\u0151 gy\u00f3n\u00f3ja egy id\u0151s h\u00f6lgy volt, aki \u0151szint\u00e9n azt hitte, igazi templomban van \u2013 kiss\u00e9 megs\u00e9rt\u0151d\u00f6tt, amikor kider\u00fclt, hogy a t\u00faloldalon nem pl\u00e9b\u00e1nos \u00fcl, hanem egy kalkul\u00e1lt, r\u00e9szv\u00e9tlen szerver.<\/p>\n<p>Egy mell\u00e9nyes f\u00e9rfi \u00e9pp akkor t\u00e9rdelt le helyettem, a bar\u00e1tn\u0151je n\u00e9h\u00e1ny l\u00e9p\u00e9ssel arr\u00e9bb fej\u00e9re h\u00fazta a saj\u00e1t headsetj\u00e9t, \u00e9s a kijelz\u0151r\u0151l pr\u00f3b\u00e1lta kisilabiz\u00e1lni, mit kap majd v\u00e1laszk\u00e9nt a t\u00e1rsa. A f\u00fcgg\u00f6ny meglibbent. A LED-m\u00e9csesek pislogtak tov\u00e1bb.<\/p>\n<p>A munkamenet lez\u00e1rult. Az arch\u00edvum m\u00e9g egy pillanatig vil\u00e1g\u00edtott.<\/p>\n<p>\n                          (Bor\u00edt\u00f3k\u00e9p: R\u00e1di Bal\u00e1zs \/ Index)\u00a0\n                        <\/p>\n<p><a href=\"https:\/\/dex.hu\/x.php?id=googlepref_desktop&amp;url=https:\/\/google.com\/preferences\/source?q=https:\/\/index.hu\" class=\"google-pref-banner \" id=\"googlePrefBanner\" rel=\"nofollow noopener\" target=\"_blank\"><\/p>\n<p>    Itt \u00e1ll\u00edtsa be, hogy az Index az els\u0151k k\u00f6z\u00f6tt legyen a Google-tal\u00e1latokban!<\/p>\n<p><\/a><\/p>\n<p>      <a class=\"\" href=\"https:\/\/indexadhu.hit.gemius.pl\/hitredir?id=d7.rQk91pCyMn7AhP950spbfLW9UV09Vz2WGFmgcDGv.N7&amp;stparam=ubqqhsgonq&amp;fastid=iaaimdmjgovrqxgmpnrdbsbmcajp&amp;nc=0&amp;url=https:\/\/aisummitbudapest.hu\/\" target=\"_blank\" rel=\"nofollow noopener\"><img decoding=\"async\" src=\"https:\/\/www.europesays.com\/hu\/wp-content\/uploads\/2026\/05\/1779300731_43_69486391_58fec5c1ccb7a721181e512a7783d891_wm.jpg\" width=\"100%\"\/><\/a><\/p>\n<p><img loading=\"lazy\" decoding=\"async\" src=\"https:\/\/www.europesays.com\/hu\/wp-content\/uploads\/2026\/05\/1779300733_348_redot.gif\" border=\"0\" height=\"0\" width=\"0\"\/><\/p>\n<p>                <a href=\"https:\/\/konyvek.index.hu\/\" target=\"_blank\" rel=\"nofollow noopener\"><br \/>\n                <img decoding=\"async\" src=\"https:\/\/index.hu\/assets\/images\/konyvajanlo\/book_indapress\/book_indapress_logo.svg\" loading=\"lazy\" alt=\"Inda Press Kiad\u00f3\"\/><br \/>\n                <\/a><\/p>\n<p>                <img decoding=\"async\" src=\"https:\/\/www.europesays.com\/hu\/wp-content\/uploads\/2026\/05\/whatsnext.png\" loading=\"lazy\" alt=\"What's next is now!\"\/><\/p>\n<p>Mi lenne, ha a j\u00f6v\u0151 nem csak t\u00f6rt\u00e9nne veled, hanem te alak\u00edtan\u00e1d? Ez a k\u00f6nyv seg\u00edt felk\u00e9sz\u00fclni, sosem tapasztalt m\u00f3don. Tedd meg az els\u0151 l\u00e9p\u00e9st most.  <\/p>\n<p>                <a class=\"book_index_btn\" href=\"https:\/\/indexadhu.hit.gemius.pl\/hitredir?id=nSCbubuYpDWJZLZs0TssLrbt33Lk5kbipuiZrkg89G3.g7&amp;stparam=vcfjpqgmbf&amp;fastid=lplbwtajxrtlabdtadgtgveqxwlp&amp;nc=0&amp;url=https:\/\/www.indapresskiado.hu\/products\/whats-next-is-now-tervezd-a-jelent\" target=\"_blank\" rel=\"nofollow noopener\">MEGVESZEM<\/a><\/p>\n<p>    <img decoding=\"async\" src=\"https:\/\/www.europesays.com\/hu\/wp-content\/uploads\/2026\/05\/1779300734_891_redot.gif\"\/><\/p>\n<p>    <img decoding=\"async\" src=\"https:\/\/index.hu\/assets\/images\/social-follow\/logo-big.svg\" alt=\"Index.hu logo\"\/><\/p>\n<p>K\u00f6vesse az Indexet Facebookon is!<\/p>\n<p>    <a href=\"https:\/\/facebook.com\/Indexhu\" target=\"_blank\" rel=\"nofollow noopener\"><\/p>\n<p>        K\u00f6vetem!<br \/>\n    <\/a><\/p>\n","protected":false},"excerpt":{"rendered":"Egy magas, oszlopos \u00e9p\u00edtm\u00e9nyt k\u00e9pzeljen el az olvas\u00f3, feny\u0151f\u00e1b\u00f3l, h\u00e1romsz\u00f6g\u0171 timpanonnal a tetej\u00e9n, f\u00fcgg\u00f6nnyel az ablak hely\u00e9n. A&hellip;\n","protected":false},"author":2,"featured_media":107469,"comment_status":"","ping_status":"","sticky":false,"template":"","format":"standard","meta":{"footnotes":"","_share_on_mastodon":"0"},"categories":[8],"tags":[35068,35419,35416,151,152,35437,42,43,283,34,8679,357,94,93,92],"class_list":["post-107468","post","type-post","status-publish","format-standard","has-post-thumbnail","category-vilag","tag-ai-summit","tag-ai-summit-2026","tag-ai-week-milano-2026","tag-ce-femina","tag-ce-napi","tag-gyontatoszek","tag-hungarian","tag-magyar","tag-mesterseges-intelligencia","tag-news","tag-riport","tag-tech-tudomany","tag-vilag","tag-world","tag-world-news"],"share_on_mastodon":{"url":"https:\/\/pubeurope.com\/@hu\/116608260396704346","error":""},"_links":{"self":[{"href":"https:\/\/www.europesays.com\/hu\/wp-json\/wp\/v2\/posts\/107468","targetHints":{"allow":["GET"]}}],"collection":[{"href":"https:\/\/www.europesays.com\/hu\/wp-json\/wp\/v2\/posts"}],"about":[{"href":"https:\/\/www.europesays.com\/hu\/wp-json\/wp\/v2\/types\/post"}],"author":[{"embeddable":true,"href":"https:\/\/www.europesays.com\/hu\/wp-json\/wp\/v2\/users\/2"}],"replies":[{"embeddable":true,"href":"https:\/\/www.europesays.com\/hu\/wp-json\/wp\/v2\/comments?post=107468"}],"version-history":[{"count":0,"href":"https:\/\/www.europesays.com\/hu\/wp-json\/wp\/v2\/posts\/107468\/revisions"}],"wp:featuredmedia":[{"embeddable":true,"href":"https:\/\/www.europesays.com\/hu\/wp-json\/wp\/v2\/media\/107469"}],"wp:attachment":[{"href":"https:\/\/www.europesays.com\/hu\/wp-json\/wp\/v2\/media?parent=107468"}],"wp:term":[{"taxonomy":"category","embeddable":true,"href":"https:\/\/www.europesays.com\/hu\/wp-json\/wp\/v2\/categories?post=107468"},{"taxonomy":"post_tag","embeddable":true,"href":"https:\/\/www.europesays.com\/hu\/wp-json\/wp\/v2\/tags?post=107468"}],"curies":[{"name":"wp","href":"https:\/\/api.w.org\/{rel}","templated":true}]}}