{"id":108779,"date":"2026-05-21T18:12:10","date_gmt":"2026-05-21T18:12:10","guid":{"rendered":"https:\/\/www.europesays.com\/hu\/108779\/"},"modified":"2026-05-21T18:12:10","modified_gmt":"2026-05-21T18:12:10","slug":"arveresen-vehetsz-regi-nascar-versenyautot","status":"publish","type":"post","link":"https:\/\/www.europesays.com\/hu\/108779\/","title":{"rendered":"\u00c1rver\u00e9sen vehetsz r\u00e9gi NASCAR versenyaut\u00f3t"},"content":{"rendered":"<p data-alignment=\"left\" class=\"text-left\" data-block-key=\"b227l\">Rajongok az amerikai aukci\u00f3k\u00e9rt: mindig felt\u0171nik valami v\u00e9gtelen\u00fcl indokolatlan h\u00fclyes\u00e9g, ami azonnal k\u00e9ne. Megfigyeltem, hogy ebb\u0151l am\u00fagy sportot \u0171znek: minden valamire val\u00f3 aukci\u00f3s h\u00e1z ad a humorra \u00e9s <a href=\"https:\/\/totalcar.hu\/hirek\/2026\/02\/11\/ez-egy-igazi-60-eves-ford-nem-egy-hot-wheels\/\" target=\"_blank\" rel=\" noopener noreferrer nofollow\" data-link-preview=\"true\" data-og-title=\"Ez egy igazi, 60 \u00e9ves Ford, nem egy Hot Wheels\" data-og-description=\"K\u00e9ne egy, a hatvanas \u00e9vekben szuperig\u00e9nyesen versenyaut\u00f3nak \u00e1t\u00e9p\u00edtett Bronco? Tess\u00e9k!\" data-og-image=\"https:\/\/totalcar.hu\/media\/images\/908324_copy.format-jpeg.max-3840x2160.jpg\" data-og-column=\"H\u00edrek\" data-og-tags=\"[&quot;H\\u00edrek&quot;, &quot;aukci\\u00f3&quot;, &quot;ford&quot;, &quot;bronco&quot;, &quot;versenyaut\\u00f3&quot;, &quot;gyorsul\\u00e1si verseny&quot;, &quot;dragster&quot;, &quot;sand racer&quot;]\">v\u00e1s\u00e1rl\u00f3k megd\u00f6bbent\u00e9s\u00e9re<\/a>, ez\u00e9rt a klasszikus, gy\u0171jt\u0151k \u00e9s rajong\u00f3k \u00e1ltal prefer\u00e1lt darabok mellett rendszeresen meghirdetnek furcsa r\u00e9tegterm\u00e9keket is. <a href=\"https:\/\/totalcar.hu\/hirek\/2026\/05\/13\/porba-ultetett-corvette-motoros-lakoauto-kene-tessek\/\" rel=\"nofollow noopener\" target=\"_blank\">\u00c9s ezek mindig irgalmatlanul men\u0151k.<\/a><\/p>\n<p>  <a rel=\"noopener nofollow\" href=\"https:\/\/indamediasales.hu\/2019\/06\/25\/quality_placement_minosegbiztositasi_tajekoztato_728\" target=\"_blank\"><\/p>\n<p>      <img loading=\"lazy\" decoding=\"async\" src=\"https:\/\/totalcar.hu\/static\/images\/brand\/quality_placement_logo.svg\" alt=\"Quality Placement\" width=\"150\" height=\"15\"\/><\/p>\n<p>  <\/a><\/p>\n<p>\n  hirdet\u00e9s\n<\/p>\n<p data-alignment=\"left\" class=\"text-left\" data-block-key=\"ce8k9\">Itt van p\u00e9ld\u00e1ul ez a sokat l\u00e1tott, 26 \u00e9ves NASCAR versenyaut\u00f3, amin\u00e9l kev\u00e9s f\u00e9rfiasabb cuccot l\u00e1ttam manaps\u00e1g elad\u00f3sorban. Szinte l\u00e1tom magam el\u0151tt, hogy miut\u00e1n megvettem napi j\u00e1r\u00f3snak, var\u00e1zs\u00fct\u00e9sre olyan bajszom serken, mint Tom Selleck\u00e9, \u00e9s minden pillanatban a kezemben terem egy langyos Busch Light.<\/p>\n<p>          <a href=\"https:\/\/totalcar.hu\/galeria\/2026\/05\/20\/ford-taurus-nascar-versenyauto-2000\/10\/?back_post_id=167782\" data-image-index=\"10\" data-parent-id=\"167782\" class=\"!no-underline\" rel=\"nofollow noopener\" target=\"_blank\"><br \/>\n            <img loading=\"lazy\" decoding=\"async\" alt=\"\" class=\"w-full h-full object-cover rounded-bl-[20px] lg:rounded-bl-none lg:rounded-tr-[20px] border-white border-t border-r lg:border-t-0 lg:border-r-0 lg:border-b lg:border-l aspect-[16\/9]\" height=\"246\"  src=\"https:\/\/www.europesays.com\/hu\/wp-content\/uploads\/2026\/05\/943032.format-jpeg.max-370x278.jpg\"  width=\"370\"\/><\/p>\n<p>          <\/a><\/p>\n<p>          <a href=\"https:\/\/totalcar.hu\/galeria\/2026\/05\/20\/ford-taurus-nascar-versenyauto-2000\/8\/?back_post_id=167782\" data-image-index=\"8\" data-parent-id=\"167782\" class=\"!no-underline\" rel=\"nofollow noopener\" target=\"_blank\"><br \/>\n            <img loading=\"lazy\" decoding=\"async\" alt=\"\" class=\"w-full h-full object-cover rounded-br-[20px] lg:border-l border-white border-t lg:border-t-0 lg:border-l aspect-[16\/9]\" height=\"246\"  src=\"https:\/\/www.europesays.com\/hu\/wp-content\/uploads\/2026\/05\/993167.format-jpeg.max-370x278.jpg\"  width=\"370\"\/><br \/>\n          <\/a><\/p>\n<p data-alignment=\"left\" class=\"text-left\" data-block-key=\"4d22q\">A konkr\u00e9t term\u00e9k egy\u00e9bk\u00e9nt Ford Taurusnak n\u00e9z ki, de val\u00f3j\u00e1ban egy egyedi, a Roush Racing \u00e1ltal gy\u00e1rtott v\u00e1zra h\u00fazott h\u00e9j, ami csak t\u00e1volr\u00f3l eml\u00e9keztet az utcai tes\u00f3j\u00e1ra. Ez egy igazi versenyaut\u00f3, nem replika: a 60-as rajtsz\u00e1m\u00fa, Winn-Dixie dekoros Fordnak Mark Martin pil\u00f3ta kente r\u00e9gen.<\/p>\n<p data-alignment=\"left\" class=\"text-left\" data-block-key=\"3c9lr\">K\u00fcl\u00f6n\u00f6sen men\u0151, hogy nem \u00faj\u00edtott\u00e1k fel: \u00edgy, eredeti, kiss\u00e9 kopottas \u00e1llapotban nagyszer\u0171en t\u00fckr\u00f6zi a <a href=\"https:\/\/totalcar.hu\/magazin\/2023\/01\/24\/fogalmad-sincs-hogy-milyen-gyors-a-nascar-kozelrol\/\" target=\"_blank\" rel=\" noopener noreferrer nofollow\" data-link-preview=\"true\" data-og-title=\"Fogalmad sincs, hogy milyen gyors a NASCAR k\u00f6zelr\u0151l\" data-og-description=\"Tart\u00f3san 300 km\/h felett menni nem tr\u00e9fa, de a k\u00fcls\u0151 felv\u00e9teleken nem t\u0171nik olyan durv\u00e1nak egy ov\u00e1lis p\u00e1ly\u00e1n. Gondold \u00fajra!\" data-og-image=\"https:\/\/totalcar.hu\/media\/images\/47157098_3595468_8041a80fb4668.format-jpeg.max-3840x2160.jpg\" data-og-column=\"Magazin\" data-og-tags=\"[&quot;Magazin&quot;, &quot;nascar&quot;, &quot;temp\\u00f3&quot;, &quot;200 mph&quot;, &quot;gumipor&quot;]\">NASCAR versenyek hangulat\u00e1t.<\/a> A Taurus alkatr\u00e9szei eredetiek: megvannak verseny\u00fcl\u00e9sek, az \u00f6vek, a korm\u00e1ny, a speci\u00e1lis m\u0171szerek, a buk\u00f3keret \u00e9s a Brembo f\u00e9kek is. S\u0151t, m\u00e9g a 15 colos felnik \u00e9s a r\u00e1juk h\u00fazott, h\u00fasos Goodyear Eagle versenygumik is eredetiek.<\/p>\n<p>          <a href=\"https:\/\/totalcar.hu\/galeria\/2026\/05\/20\/ford-taurus-nascar-versenyauto-2000\/4\/?back_post_id=167782\" data-image-index=\"4\" data-parent-id=\"167782\" class=\"!no-underline\" rel=\"nofollow noopener\" target=\"_blank\"><br \/>\n            <img loading=\"lazy\" decoding=\"async\" alt=\"\" class=\"w-full h-full object-cover rounded-bl-[20px] lg:rounded-bl-none lg:rounded-tr-[20px] border-white border-t border-r lg:border-t-0 lg:border-r-0 lg:border-b lg:border-l aspect-[16\/9]\" height=\"246\"  src=\"https:\/\/www.europesays.com\/hu\/wp-content\/uploads\/2026\/05\/144472.format-jpeg.max-370x278.jpg\"  width=\"370\"\/><\/p>\n<p>          <\/a><\/p>\n<p>          <a href=\"https:\/\/totalcar.hu\/galeria\/2026\/05\/20\/ford-taurus-nascar-versenyauto-2000\/1\/?back_post_id=167782\" data-image-index=\"1\" data-parent-id=\"167782\" class=\"!no-underline\" rel=\"nofollow noopener\" target=\"_blank\"><br \/>\n            <img loading=\"lazy\" decoding=\"async\" alt=\"\" class=\"w-full h-full object-cover rounded-br-[20px] lg:border-l border-white border-t lg:border-t-0 lg:border-l aspect-[16\/9]\" height=\"246\"  src=\"https:\/\/www.europesays.com\/hu\/wp-content\/uploads\/2026\/05\/598020.format-jpeg.max-370x278.jpg\"  width=\"370\"\/><br \/>\n          <\/a><\/p>\n<p data-alignment=\"left\" class=\"text-left\" data-block-key=\"5l3e\">Egy nagyon fontos elem azonban hi\u00e1nyzik: kiszerelt\u00e9k a versenyaut\u00f3 lelk\u00e9t, vagyis a fantasztikus, kihegyezett V8-at. Ez egy\u00e9rtelm\u0171en probl\u00e9ma, az azonban remek h\u00edr, hogy szerencs\u00e9re r\u00e9giv\u00e1g\u00e1s\u00fa V8-b\u00f3l akad b\u0151ven a piacon, r\u00e1ad\u00e1sul ezeket sim\u00e1n meg lehet tuningolni \u00fagy, hogy egy NASCAR versenyaut\u00f3hoz hasonl\u00f3an sz\u00f3ljanak.<\/p>\n<p data-alignment=\"left\" class=\"text-left\" data-block-key=\"buo31\">Ha ugyan\u00fagy megk\u00edv\u00e1ntad ezt a csod\u00e1s, \u00f6reg Fordot, akkor m\u00e9g egy kicsit v\u00e1rnod kell a v\u00e1s\u00e1rl\u00e1ssal. A Taurusra <a href=\"https:\/\/www.mecum.com\/lots\/1173904\/2000-ford-taurus-nascar\/?aa_id=785451-0\" target=\"_blank\" rel=\" noopener noreferrer nofollow\">szeptemberben lehet majd licit\u00e1lni a Mecum aukci\u00f3s h\u00e1z \u00e1rver\u00e9s\u00e9n<\/a>, Nashville-ben.<\/p>\n<p data-alignment=\"left\" class=\"text-left\" data-block-key=\"42q05\">Forr\u00e1s: Mecum Auctions<\/p>\n","protected":false},"excerpt":{"rendered":"Rajongok az amerikai aukci\u00f3k\u00e9rt: mindig felt\u0171nik valami v\u00e9gtelen\u00fcl indokolatlan h\u00fclyes\u00e9g, ami azonnal k\u00e9ne. Megfigyeltem, hogy ebb\u0151l am\u00fagy sportot&hellip;\n","protected":false},"author":2,"featured_media":108780,"comment_status":"","ping_status":"","sticky":false,"template":"","format":"standard","meta":{"footnotes":"","_share_on_mastodon":"0"},"categories":[12],"tags":[1866,1863,1788,44,42,40,43,41,33741,121,120,35705,125,122,124,123,497,4601],"class_list":["post-108779","post","type-post","status-publish","format-standard","has-post-thumbnail","category-tudomany-es-technologia","tag-arveres","tag-aukcio","tag-ford","tag-hu","tag-hungarian","tag-hungary","tag-magyar","tag-magyarorszag","tag-nascar","tag-science","tag-science-technology","tag-taurus","tag-technologia","tag-technology","tag-tudomany","tag-tudomany-es-technologia","tag-v8","tag-versenyauto"],"share_on_mastodon":{"url":"https:\/\/pubeurope.com\/@hu\/116613922375008193","error":""},"_links":{"self":[{"href":"https:\/\/www.europesays.com\/hu\/wp-json\/wp\/v2\/posts\/108779","targetHints":{"allow":["GET"]}}],"collection":[{"href":"https:\/\/www.europesays.com\/hu\/wp-json\/wp\/v2\/posts"}],"about":[{"href":"https:\/\/www.europesays.com\/hu\/wp-json\/wp\/v2\/types\/post"}],"author":[{"embeddable":true,"href":"https:\/\/www.europesays.com\/hu\/wp-json\/wp\/v2\/users\/2"}],"replies":[{"embeddable":true,"href":"https:\/\/www.europesays.com\/hu\/wp-json\/wp\/v2\/comments?post=108779"}],"version-history":[{"count":0,"href":"https:\/\/www.europesays.com\/hu\/wp-json\/wp\/v2\/posts\/108779\/revisions"}],"wp:featuredmedia":[{"embeddable":true,"href":"https:\/\/www.europesays.com\/hu\/wp-json\/wp\/v2\/media\/108780"}],"wp:attachment":[{"href":"https:\/\/www.europesays.com\/hu\/wp-json\/wp\/v2\/media?parent=108779"}],"wp:term":[{"taxonomy":"category","embeddable":true,"href":"https:\/\/www.europesays.com\/hu\/wp-json\/wp\/v2\/categories?post=108779"},{"taxonomy":"post_tag","embeddable":true,"href":"https:\/\/www.europesays.com\/hu\/wp-json\/wp\/v2\/tags?post=108779"}],"curies":[{"name":"wp","href":"https:\/\/api.w.org\/{rel}","templated":true}]}}