{"id":109366,"date":"2026-05-22T06:13:10","date_gmt":"2026-05-22T06:13:10","guid":{"rendered":"https:\/\/www.europesays.com\/hu\/109366\/"},"modified":"2026-05-22T06:13:10","modified_gmt":"2026-05-22T06:13:10","slug":"ujra-repul-philadelphia-es-budapest-kozott-az-american-airlines","status":"publish","type":"post","link":"https:\/\/www.europesays.com\/hu\/109366\/","title":{"rendered":"\u00dajra rep\u00fcl Philadelphia \u00e9s Budapest k\u00f6z\u00f6tt az American Airlines"},"content":{"rendered":"<p>A l\u00e9git\u00e1rsas\u00e1g okt\u00f3ber elej\u00e9ig naponta rep\u00fcl az \u00fatvonalon Boeing 787-8 Dreamliner rep\u00fcl\u0151g\u00e9peivel.<\/p>\n<p>\u00dajraind\u00edtotta Philadelphia \u00e9s Budapest k\u00f6z\u00f6tti \u00fatvonal\u00e1t az American Airlines, a m\u00e9g <a href=\"https:\/\/airportal.hu\/philadelphia-es-budapest-kozotti-jaratot-indit-az-american-airlines\/\" rel=\"nofollow noopener\" target=\"_blank\">tavaly augusztusban bejelentett j\u00e1rat <\/a>m\u00e1jus 22-\u00e9n, p\u00e9nteken reggel landolt els\u0151 alkalommal a budapesti rep\u00fcl\u0151t\u00e9ren.<\/p>\n<p>Az \u00fatvonalon okt\u00f3ber 4-ig naponta k\u00f6zlekednek a l\u00e9git\u00e1rsas\u00e1g Boeing 787-8 Dreamlinerei.<\/p>\n<p>Az AA 96-os j\u00e1ratok helyi id\u0151 szerint 17:30-kor sz\u00e1llnak fel Philadelphi\u00e1b\u00f3l \u00e9s m\u00e1snap reggel 8:40-kor \u00e9rkeznek meg Budapestre, ahonnan AA 97-es j\u00e1ratsz\u00e1mmal 10:05-kor indulnak vissza \u00e9s 13:30-kor sz\u00e1llnak le a keleti parti nagyv\u00e1rosban.<\/p>\n<p><a href=\"https:\/\/www.europesays.com\/hu\/wp-content\/uploads\/2026\/05\/american-airlines-boeing-787-8-dreamliner.jpg\"><img fetchpriority=\"high\" decoding=\"async\" class=\"size-full wp-image-135433\" src=\"https:\/\/www.europesays.com\/hu\/wp-content\/uploads\/2026\/05\/american-airlines-boeing-787-8-dreamliner.jpg\" alt=\"\" width=\"1920\" height=\"1280\"  \/><\/a>Fot\u00f3: AIRportal.hu<\/p>\n<p>A rep\u00fcl\u0151g\u00e9pek h\u00e1rom oszt\u00e1lyon \u00f6sszesen 234 utast sz\u00e1ll\u00edthatnak, a fed\u00e9lzeten 20 business, 28 pr\u00e9mium turista \u00e9s 186 turista oszt\u00e1ly\u00fa \u00fcl\u00e9s \u00e9rhet\u0151 el.<\/p>\n<p>A cikk a hirdet\u00e9s alatt folytat\u00f3dik.<\/p>\n<p>A Budapest Airport kor\u00e1bbi k\u00f6zl\u00e9se szerint a vil\u00e1gj\u00e1rv\u00e1ny el\u0151tt magas kihaszn\u00e1lts\u00e1ggal \u00fczemeltek ezek a j\u00e1ratok, amelyekkel az American Airlines heti 3200 \u00fcl\u0151helyet biztos\u00edt a k\u00e9t v\u00e1ros k\u00f6z\u00f6tt.<\/p>\n<p>A l\u00e9git\u00e1rsas\u00e1g Philadelphi\u00e1ban m\u0171k\u00f6d\u0151 b\u00e1zis\u00e1n kiv\u00e1l\u00f3 \u00e1tsz\u00e1ll\u00e1si lehet\u0151s\u00e9geket k\u00edn\u00e1l a Budapestr\u0151l indul\u00f3 utasok sz\u00e1m\u00e1ra t\u00f6bb mint 100 \u00e9szak-amerikai \u00e9s karibi c\u00e9l\u00e1llom\u00e1sra.<\/p>\n<p>Az American Airlines el\u0151z\u0151leg\u00a0<a href=\"https:\/\/airportal.hu\/megerkezett-budapestre-az-american-elso-philadelphiai-jarata\/\" rel=\"nofollow noopener\" target=\"_blank\">2018 m\u00e1jus\u00e1ban ind\u00edtotta el<\/a>\u00a0szezon\u00e1lis j\u00e1ratait Philadelphia \u00e9s Budapest k\u00f6z\u00f6tt Boeing 767-300ER rep\u00fcl\u0151g\u00e9peivel, \u00e1m\u00a0<a href=\"https:\/\/airportal.hu\/leallitja-budapesti-jaratait-az-american-airlines\/\" rel=\"nofollow noopener\" target=\"_blank\">a vil\u00e1gj\u00e1rv\u00e1ny hat\u00e1sai miatt a 2020-as ny\u00e1ri szezonban m\u00e1r nem t\u00e9rt vissza<\/a>. A l\u00e9git\u00e1rsas\u00e1g <a href=\"https:\/\/airportal.hu\/chicago-es-budapest-kozott-indit-jaratot-az-american-airlines\/\" rel=\"nofollow noopener\" target=\"_blank\">2020-ban Chicago \u00e9s Budapest k\u00f6z\u00f6tt is ind\u00edtott volna j\u00e1ratot<\/a>, \u00e1m az v\u00e9g\u00fcl a j\u00e1rv\u00e1ny miatt nem val\u00f3sult meg.<\/p>\n<p>H\u00edr\u00fcnk friss\u00fcl: Tov\u00e1bbi r\u00e9szletek a j\u00e1ratnyit\u00f3 sajt\u00f3t\u00e1j\u00e9koztat\u00f3t k\u00f6vet\u0151en.<\/p>\n","protected":false},"excerpt":{"rendered":"A l\u00e9git\u00e1rsas\u00e1g okt\u00f3ber elej\u00e9ig naponta rep\u00fcl az \u00fatvonalon Boeing 787-8 Dreamliner rep\u00fcl\u0151g\u00e9peivel. \u00dajraind\u00edtotta Philadelphia \u00e9s Budapest k\u00f6z\u00f6tti \u00fatvonal\u00e1t&hellip;\n","protected":false},"author":2,"featured_media":109367,"comment_status":"","ping_status":"","sticky":false,"template":"","format":"standard","meta":{"footnotes":"","_share_on_mastodon":"0"},"categories":[22],"tags":[34472,35527,73,1802,302,44,42,40,14811,43,41,18621,14812,35886,35887],"class_list":["post-109366","post","type-post","status-publish","format-standard","has-post-thumbnail","category-budapest","tag-american-airlines","tag-boeing-787-8-dreamliner","tag-budapest","tag-budapest-airport-bud","tag-ferihegy","tag-hu","tag-hungarian","tag-hungary","tag-jaratnyitas","tag-magyar","tag-magyarorszag","tag-philadelphia","tag-s26-bud","tag-szezonalis-jarat","tag-transzatlanti-jarat"],"share_on_mastodon":{"url":"https:\/\/pubeurope.com\/@hu\/116616757613932603","error":""},"_links":{"self":[{"href":"https:\/\/www.europesays.com\/hu\/wp-json\/wp\/v2\/posts\/109366","targetHints":{"allow":["GET"]}}],"collection":[{"href":"https:\/\/www.europesays.com\/hu\/wp-json\/wp\/v2\/posts"}],"about":[{"href":"https:\/\/www.europesays.com\/hu\/wp-json\/wp\/v2\/types\/post"}],"author":[{"embeddable":true,"href":"https:\/\/www.europesays.com\/hu\/wp-json\/wp\/v2\/users\/2"}],"replies":[{"embeddable":true,"href":"https:\/\/www.europesays.com\/hu\/wp-json\/wp\/v2\/comments?post=109366"}],"version-history":[{"count":0,"href":"https:\/\/www.europesays.com\/hu\/wp-json\/wp\/v2\/posts\/109366\/revisions"}],"wp:featuredmedia":[{"embeddable":true,"href":"https:\/\/www.europesays.com\/hu\/wp-json\/wp\/v2\/media\/109367"}],"wp:attachment":[{"href":"https:\/\/www.europesays.com\/hu\/wp-json\/wp\/v2\/media?parent=109366"}],"wp:term":[{"taxonomy":"category","embeddable":true,"href":"https:\/\/www.europesays.com\/hu\/wp-json\/wp\/v2\/categories?post=109366"},{"taxonomy":"post_tag","embeddable":true,"href":"https:\/\/www.europesays.com\/hu\/wp-json\/wp\/v2\/tags?post=109366"}],"curies":[{"name":"wp","href":"https:\/\/api.w.org\/{rel}","templated":true}]}}