{"id":109370,"date":"2026-05-22T06:20:07","date_gmt":"2026-05-22T06:20:07","guid":{"rendered":"https:\/\/www.europesays.com\/hu\/109370\/"},"modified":"2026-05-22T06:20:07","modified_gmt":"2026-05-22T06:20:07","slug":"41-eves-koraban-elhunyt-kyle-busch","status":"publish","type":"post","link":"https:\/\/www.europesays.com\/hu\/109370\/","title":{"rendered":"41 \u00e9ves kor\u00e1ban elhunyt Kyle Busch"},"content":{"rendered":"<p class=\"\">\n    Cs\u00fct\u00f6rt\u00f6k\u00f6n csal\u00e1dja tudatta, hogy v\u00e1ratlan hirtelens\u00e9ggel k\u00f3rh\u00e1zba kellett sz\u00e1ll\u00edtani egy s\u00falyos betegs\u00e9g miatt Kyle Busch NASCAR-pil\u00f3t\u00e1t, aki emiatt a h\u00e9tv\u00e9gi versenyeket is kihagyja. Nem sokkal k\u00e9s\u0151bb azonban m\u00e1r a NASCAR hivatalos fel\u00fcletein tudatt\u00e1k, hogy a mind\u00f6ssze 41 \u00e9ves versenyz\u0151 \u00e9let\u00e9t vesztette, hal\u00e1l\u00e1nak okai eddig nem tiszt\u00e1zottak.\n  <\/p>\n<p class=\"\">\n    Busch a m\u00falt h\u00e9tv\u00e9g\u00e9n a doveri NASCAR All-Star Race-en m\u00e9g a nyolcadik helyen v\u00e9gzett.\n  <\/p>\n<p>    <a href=\"https:\/\/www.europesays.com\/hu\/wp-content\/uploads\/2026\/05\/8LPgr939NsQbGWB0s.jpeg\" class=\"uwwrama _1chu0ywg _8b6bx65\" rel=\"nofollow\"><\/p>\n<p>  <img decoding=\"async\" loading=\"lazy\" src=\"https:\/\/www.europesays.com\/hu\/wp-content\/uploads\/2026\/05\/8LPgr939NsQbGWB0s.jpeg\"   class=\"_672m2jd _1chu0ywo ta3a4c1ey ta3a4c1aa he2knv4 ta3a4c1ey ta3a4czs\" style=\"--_672m2j6:1.50;--_672m2j5:1024px 682px\" alt=\"\"\/><\/p>\n<p>      <\/a><\/p>\n<p>\n               Kyle Busch m\u00e1jus 3-\u00e1n a Texas Motor Speedway-en.\n            <\/p>\n<p class=\"\">\n    A NASCAR \u00edgy b\u00facs\u00fazott a k\u00e9tszeres Cup Series bajnokt\u00f3l:\n  <\/p>\n<p> A NASCAR eg\u00e9sz csal\u00e1dja \u00f6sszet\u00f6rt Kyle Busch elveszt\u00e9se miatt. Mint j\u00f6v\u0151beni H\u00edress\u00e9gek csarnoka-tag, Kyle ritka tehets\u00e9g volt, olyan, akib\u0151l nemzed\u00e9kenk\u00e9nt csak egy sz\u00fcletik. Harcos \u00e9s szenved\u00e9lyes volt, rendk\u00edv\u00fcli k\u00e9pess\u00e9gekkel rendelkezett, im\u00e1dta a sportot \u00e9s a rajong\u00f3kat&#8230; A NASCAR ma a sport egyik \u00f3ri\u00e1s\u00e1t vesz\u00edtette el, t\u00fal kor\u00e1n,<\/p>\n","protected":false},"excerpt":{"rendered":"Cs\u00fct\u00f6rt\u00f6k\u00f6n csal\u00e1dja tudatta, hogy v\u00e1ratlan hirtelens\u00e9ggel k\u00f3rh\u00e1zba kellett sz\u00e1ll\u00edtani egy s\u00falyos betegs\u00e9g miatt Kyle Busch NASCAR-pil\u00f3t\u00e1t, aki emiatt&hellip;\n","protected":false},"author":2,"featured_media":109371,"comment_status":"","ping_status":"","sticky":false,"template":"","format":"standard","meta":{"footnotes":"","_share_on_mastodon":"0"},"categories":[14],"tags":[35889,35888,34692,44,42,40,35890,43,41,33741,45,131],"class_list":["post-109370","post","type-post","status-publish","format-standard","has-post-thumbnail","category-sport","tag-cup-series","tag-dover","tag-hiressegek-csarnoka","tag-hu","tag-hungarian","tag-hungary","tag-kyle-busch","tag-magyar","tag-magyarorszag","tag-nascar","tag-sport","tag-sports"],"share_on_mastodon":{"url":"https:\/\/pubeurope.com\/@hu\/116616785004635335","error":""},"_links":{"self":[{"href":"https:\/\/www.europesays.com\/hu\/wp-json\/wp\/v2\/posts\/109370","targetHints":{"allow":["GET"]}}],"collection":[{"href":"https:\/\/www.europesays.com\/hu\/wp-json\/wp\/v2\/posts"}],"about":[{"href":"https:\/\/www.europesays.com\/hu\/wp-json\/wp\/v2\/types\/post"}],"author":[{"embeddable":true,"href":"https:\/\/www.europesays.com\/hu\/wp-json\/wp\/v2\/users\/2"}],"replies":[{"embeddable":true,"href":"https:\/\/www.europesays.com\/hu\/wp-json\/wp\/v2\/comments?post=109370"}],"version-history":[{"count":0,"href":"https:\/\/www.europesays.com\/hu\/wp-json\/wp\/v2\/posts\/109370\/revisions"}],"wp:featuredmedia":[{"embeddable":true,"href":"https:\/\/www.europesays.com\/hu\/wp-json\/wp\/v2\/media\/109371"}],"wp:attachment":[{"href":"https:\/\/www.europesays.com\/hu\/wp-json\/wp\/v2\/media?parent=109370"}],"wp:term":[{"taxonomy":"category","embeddable":true,"href":"https:\/\/www.europesays.com\/hu\/wp-json\/wp\/v2\/categories?post=109370"},{"taxonomy":"post_tag","embeddable":true,"href":"https:\/\/www.europesays.com\/hu\/wp-json\/wp\/v2\/tags?post=109370"}],"curies":[{"name":"wp","href":"https:\/\/api.w.org\/{rel}","templated":true}]}}