{"id":109755,"date":"2026-05-22T12:39:11","date_gmt":"2026-05-22T12:39:11","guid":{"rendered":"https:\/\/www.europesays.com\/hu\/109755\/"},"modified":"2026-05-22T12:39:11","modified_gmt":"2026-05-22T12:39:11","slug":"index-futball-futball-539","status":"publish","type":"post","link":"https:\/\/www.europesays.com\/hu\/109755\/","title":{"rendered":"Index &#8211; Futball &#8211; Futball"},"content":{"rendered":"<p>\n                          Ma, azaz m\u00e1jus 22-\u00e9n rendezik meg a f\u0151v\u00e1rosban a Francia Kupa d\u00f6nt\u0151j\u00e9t, melynek el\u0151est\u00e9j\u00e9n az OGC Nice szurkol\u00f3ihoz k\u00f6thet\u0151 incidensek sor\u00e1n 65 embert vettek \u0151rizetbe, hatan megs\u00e9r\u00fcltek, k\u00f6z\u00fcl\u00fck egy ember s\u00falyosan, akit \u00fajra kellett \u00e9leszteni \u2013 sz\u00e1molt be r\u00f3la a francia sportnapilap, a <a href=\"https:\/\/www.lequipe.fr\/Football\/Actualites\/Bagarres-impliquant-des-supporters-de-nice-avant-la-finale-de-la-coupe-de-france-65-gardes-a-vue-et-6-blesses-dont-un-grave\/1677721\" id=\"hyperlink_bbdc50c4e27a10952d7cbd6b941829fd\" rel=\"nofollow noopener\" target=\"_blank\">L&#8217;\u00c9quipe<\/a>.\n                        <\/p>\n<p>A lap szerint t\u00f6bb szurkol\u00f3i csoport csapott \u00f6ssze egym\u00e1ssal \u00e9jf\u00e9l k\u00f6rny\u00e9k\u00e9n a Stade de France stadion k\u00f6rny\u00e9k\u00e9n, amelyhez a rend\u0151rs\u00e9g nagy er\u0151kkel vonult ki. A hat\u00f3s\u00e1gok k\u00f6zl\u00e9se alapj\u00e1n k\u00fcl\u00f6nf\u00e9le t\u00e1rgyakat is dob\u00e1ltak egym\u00e1s fel\u00e9 az emberek, v\u00e9g\u00fcl k\u00f6nnyg\u00e1zt vetettek be a t\u00f6meg feloszlat\u00e1s\u00e1ra.<\/p>\n<p>A francia hat\u00f3s\u00e1gok vizsg\u00e1lj\u00e1k az esem\u00e9nyek pontos k\u00f6r\u00fclm\u00e9nyeit, valamint azt is, hogy a rendbont\u00e1sokat el\u0151re megszervezhett\u00e9k-e a, de a\u00a0lap szerint <\/p>\n<p>a nizzai ultr\u00e1khoz Lille-b\u0151l, Nancyb\u00f3l \u00e9s a n\u00e9metorsz\u00e1gi Saarbr\u00fcckenb\u0151l \u00e9rkez\u0151 szurkol\u00f3k is csatlakoztak, els\u0151sorban a PSG drukkereit vett\u00e9k c\u00e9lba.<\/p>\n<p>\n                          A Nice\u2013Lens-tal\u00e1lkoz\u00f3 21 \u00f3rakor kezd\u0151dik.\u00a0\n                        <\/p>\n<p><a href=\"https:\/\/dex.hu\/x.php?id=googlepref_desktop&amp;url=https:\/\/google.com\/preferences\/source?q=https:\/\/index.hu\" class=\"google-pref-banner \" id=\"googlePrefBanner\" rel=\"nofollow noopener\" target=\"_blank\"><\/p>\n<p>    Itt \u00e1ll\u00edtsa be, hogy az Index az els\u0151k k\u00f6z\u00f6tt legyen a Google-tal\u00e1latokban!<\/p>\n<p><\/a><\/p>\n<p>                <a href=\"https:\/\/konyvek.index.hu\/\" target=\"_blank\" rel=\"nofollow noopener\"><br \/>\n                <img decoding=\"async\" src=\"https:\/\/index.hu\/assets\/images\/konyvajanlo\/book_indapress\/book_indapress_logo.svg\" loading=\"lazy\" alt=\"Inda Press Kiad\u00f3\"\/><br \/>\n                <\/a><\/p>\n<p>                <img decoding=\"async\" src=\"https:\/\/www.europesays.com\/hu\/wp-content\/uploads\/2026\/05\/1779415871_702_rossi.png\" loading=\"lazy\" alt=\"Rossi\"\/><\/p>\n<p>Ismerd meg a magyar labdar\u00fag\u00e1s h\u0151s\u00e9nek eml\u00e9kezetes pillanatait!<br \/>Folytassa, Mister!<\/p>\n<p>                <a class=\"book_index_btn\" href=\"https:\/\/indexadhu.hit.gemius.pl\/hitredir\/id=nSCbubuYpDWJZLZs0TssLrbt33Lk5kbipuiZrkg89G3.g7\/stparam=uciklwjurk\/fastid=efdamtuhsxcjschvtzobuxredglq\/nc=0\/url=https:\/\/www.indapresskiado.hu\/products\/marco-rossi?_pos=1&amp;_psq=rossi&amp;_ss=e&amp;_v=1.0\" target=\"_blank\" rel=\"nofollow noopener\">MEGVESZEM<\/a><\/p>\n<p>    <img loading=\"lazy\" decoding=\"async\" src=\"https:\/\/www.europesays.com\/hu\/wp-content\/uploads\/2026\/05\/1779415873_524_nc=0.gif\" border=\"0\" height=\"0\" width=\"0\"\/><\/p>\n<p>    <img decoding=\"async\" src=\"https:\/\/index.hu\/assets\/images\/social-follow\/logo-big.svg\" alt=\"Index.hu logo\"\/><\/p>\n<p>K\u00f6vesse az Indexet Facebookon is!<\/p>\n<p>    <a href=\"https:\/\/facebook.com\/Indexhu\" target=\"_blank\" rel=\"nofollow noopener\"><\/p>\n<p>        K\u00f6vetem!<br \/>\n    <\/a><\/p>\n","protected":false},"excerpt":{"rendered":"Ma, azaz m\u00e1jus 22-\u00e9n rendezik meg a f\u0151v\u00e1rosban a Francia Kupa d\u00f6nt\u0151j\u00e9t, melynek el\u0151est\u00e9j\u00e9n az OGC Nice szurkol\u00f3ihoz&hellip;\n","protected":false},"author":2,"featured_media":1062,"comment_status":"","ping_status":"","sticky":false,"template":"","format":"standard","meta":{"footnotes":"","_share_on_mastodon":"0"},"categories":[14],"tags":[10001,35976,44,42,40,502,33623,43,41,35977,14125,1410,45,131,2483,3489],"class_list":["post-109755","post","type-post","status-publish","format-standard","has-post-thumbnail","category-sport","tag-francia-bajnoksag","tag-francia-kupa","tag-hu","tag-hungarian","tag-hungary","tag-labdarugas","tag-lens","tag-magyar","tag-magyarorszag","tag-nice","tag-nizza","tag-parizs","tag-sport","tag-sports","tag-ujraelesztes","tag-zavargasok"],"share_on_mastodon":{"url":"https:\/\/pubeurope.com\/@hu\/116618275380385967","error":""},"_links":{"self":[{"href":"https:\/\/www.europesays.com\/hu\/wp-json\/wp\/v2\/posts\/109755","targetHints":{"allow":["GET"]}}],"collection":[{"href":"https:\/\/www.europesays.com\/hu\/wp-json\/wp\/v2\/posts"}],"about":[{"href":"https:\/\/www.europesays.com\/hu\/wp-json\/wp\/v2\/types\/post"}],"author":[{"embeddable":true,"href":"https:\/\/www.europesays.com\/hu\/wp-json\/wp\/v2\/users\/2"}],"replies":[{"embeddable":true,"href":"https:\/\/www.europesays.com\/hu\/wp-json\/wp\/v2\/comments?post=109755"}],"version-history":[{"count":0,"href":"https:\/\/www.europesays.com\/hu\/wp-json\/wp\/v2\/posts\/109755\/revisions"}],"wp:featuredmedia":[{"embeddable":true,"href":"https:\/\/www.europesays.com\/hu\/wp-json\/wp\/v2\/media\/1062"}],"wp:attachment":[{"href":"https:\/\/www.europesays.com\/hu\/wp-json\/wp\/v2\/media?parent=109755"}],"wp:term":[{"taxonomy":"category","embeddable":true,"href":"https:\/\/www.europesays.com\/hu\/wp-json\/wp\/v2\/categories?post=109755"},{"taxonomy":"post_tag","embeddable":true,"href":"https:\/\/www.europesays.com\/hu\/wp-json\/wp\/v2\/tags?post=109755"}],"curies":[{"name":"wp","href":"https:\/\/api.w.org\/{rel}","templated":true}]}}