{"id":111035,"date":"2026-05-23T15:57:11","date_gmt":"2026-05-23T15:57:11","guid":{"rendered":"https:\/\/www.europesays.com\/hu\/111035\/"},"modified":"2026-05-23T15:57:11","modified_gmt":"2026-05-23T15:57:11","slug":"presser-gabor-elmondta-ki-hivta-meg-a-kossuth-terre","status":"publish","type":"post","link":"https:\/\/www.europesays.com\/hu\/111035\/","title":{"rendered":"Presser G\u00e1bor elmondta, ki h\u00edvta meg a Kossuth t\u00e9rre"},"content":{"rendered":"<p>M\u00e1jus kilencedik\u00e9n szab\u00e1lyos fesztiv\u00e1lhangulat alakult ki a Kossuth t\u00e9ren. A minisztereln\u00f6ki esk\u00fct k\u00f6vet\u0151 programsorozat egyik legeml\u00e9kezetesebb pillanata Presser G\u00e1bor fell\u00e9p\u00e9se volt, akit Magyar P\u00e9ter is a nap egyik <a href=\"https:\/\/nlc.hu\/sztarok\/20260511\/olah-ibolya-ruha-kossuth-ter-jelentes\/\" target=\"_blank\" rel=\"noopener nofollow\">kiemelt fell\u00e9p\u0151jek\u00e9nt<\/a> vezetett fel.<\/p>\n<p>A k\u00f6z\u00f6ns\u00e9g soraiban alig akadt sz\u00e1raz szem: a meghatotts\u00e1g szinte tapinthat\u00f3 volt. \u00dagy t\u0171nt, nemcsak a n\u00e9z\u0151ket, hanem mag\u00e1t az el\u0151ad\u00f3t is mag\u00e1val ragadt\u00e1k az \u00e9rzelmek, amikor a Neked \u00edrom a dalt el\u0151ad\u00e1sa ut\u00e1n a hatalmas t\u00f6meg lelkes \u00fcnnepl\u00e9sben r\u00e9szes\u00edtette.<\/p>\n<p><img fetchpriority=\"high\" decoding=\"async\" class=\"img-responsive size-full wp-image-2139110\" src=\"https:\/\/www.europesays.com\/hu\/wp-content\/uploads\/2026\/05\/pressergabor.jpg\" alt=\"Presser G\u00e1bor\" width=\"1280\" height=\"720\"   loading=\"lazy\"\/><\/p>\n<p class=\"wp-caption-text\">Presser G\u00e1bor a Kossuth t\u00e9ren (Forr\u00e1s: V\u00f6r\u00f6s Szil\u00e1rd\/Fotocentral)<\/p>\n<p>Hogy ker\u00fclt Presser G\u00e1bor a Parlamenthez?<\/p>\n<p>Az LGT egykori alap\u00edt\u00f3ja R\u00f3nai Egon H\u00faz\u00f3s c\u00edm\u0171 m\u0171sor\u00e1ban el\u00e1rulta, hogy val\u00f3ban m\u00e9lyen meg\u00e9rintette az \u00e9lm\u00e9ny. Arr\u00f3l is besz\u00e9lt, ki kereste meg a rendszerv\u00e1lt\u00f3 buli kapcs\u00e1n.<\/p>\n<p>Geszti P\u00e9ter h\u00edvott f\u00f6l, hogy engem keresn\u00e9nek. \u00c9s \u00e9n elk\u00e9pzeltem, milyen lesz az a rengeteg ember, \u00e9s \u00e9n kis\u00e9rem \u0151ket zongor\u00e1n, olyan ak\u00e1r egy alkalmi k\u00f3rus. \u00c9s annyira \u00fagy lett, ahogy elk\u00e9pzeltem.<\/p>\n<p> Elk\u00e9pzeltem azt, hogy ezt a dalt \u2013 de nem ilyen marketing jelleggel \u2013 \u00e1tadom egy n\u00e1lam 30 \u00e9vvel fiatalabb pasinak, Wunderlich J\u00f3zsefnek, \u00e9s az 50 \u00e9vvel fiatalabbnak Mehringer Marcinak\u201d <\/p>\n<p>\u2013 mondta a nemr\u00e9g a <a href=\"https:\/\/nlc.hu\/sztarok\/20260114\/presser-gabor-foto-lgt-betiltott-aranylemez\/\" target=\"_blank\" rel=\"noopener nofollow\">betiltott aranylemez\u00e9t megszerz\u0151<\/a> Pici b\u00e1csi a m\u0171sor vend\u00e9gek\u00e9nt.<\/p>\n<p>Ideol\u00f3giamentes buli<\/p>\n<p>Megfogalmaz\u00e1sa szerint nem egy politikai esem\u00e9nyhez csatlakozott a nev\u00e9vel. \u201eEzen a d\u00e9lut\u00e1non nem lengte be a Kossuth teret valamilyen ideol\u00f3giai szellenty\u0171 illata vagy ink\u00e1bb szaga. Ez itt nem l\u00e9tezett. Ez egy ideol\u00f3giamentes buli volt, \u00e9s amikor lej\u00f6ttem a sz\u00ednpadr\u00f3l ezt is \u00e9reztem.\u201d<\/p>\n<p>A dal eml\u00e9kezetes sz\u00f6veggel <a href=\"https:\/\/nlc.hu\/sztarok\/20260512\/presser-gabor-kossuth-ter-fellepes-uzenet\/\" target=\"_blank\" rel=\"noopener nofollow\">vezette fel<\/a> a t\u00f6megrendezv\u00e9nyen:<\/p>\n<p>\u201eAmikor ezt a dalt \u00edrtam, nem gondoltam volna, hogy 51 \u00e9vvel k\u00e9s\u0151bb itt leszek, \u00e9s azoknak j\u00e1tsszuk el azokkal, akik akkoriban m\u00e9g meg sem sz\u00fclettek! Ez a dal 51 \u00e9v alatt t\u00fal\u00e9lt mindenf\u00e9le rendszert, rezsimet, hatalmat \u2013 puh\u00e1ny vagy \u00e9pp kapzsi diktat\u00far\u00e1t, \u00e9s sajnos t\u00fal\u00e9lte azt a zenekart is, amelyik el\u0151sz\u00f6r elj\u00e1tszotta. M\u00e1r 10 \u00e9ve, hogy Soml\u00f3 Tomi hal\u00e1l\u00e1val megsz\u0171nt az LGT. \u00c9s egy kicsit m\u00e1r t\u00fal\u00e9lt engem is. Legyenek Boldog H\u00e9tk\u00f6znapjaitok!\u201d<\/p>\n<p>Forr\u00e1s: <a href=\"https:\/\/story.hu\/napi-friss\/2026\/05\/23\/kiderult-ki-hivta-pressert-a-kossuth-teri-koncertre\/xr7pw40\" target=\"_blank\" rel=\"noopener noreferrer nofollow\">Story<\/a><\/p>\n","protected":false},"excerpt":{"rendered":"M\u00e1jus kilencedik\u00e9n szab\u00e1lyos fesztiv\u00e1lhangulat alakult ki a Kossuth t\u00e9ren. A minisztereln\u00f6ki esk\u00fct k\u00f6vet\u0151 programsorozat egyik legeml\u00e9kezetesebb pillanata Presser&hellip;\n","protected":false},"author":2,"featured_media":111036,"comment_status":"","ping_status":"","sticky":false,"template":"","format":"standard","meta":{"footnotes":"","_share_on_mastodon":"0"},"categories":[16],"tags":[137,10709,44,42,40,6274,43,41,17387,8810,138,235],"class_list":["post-111035","post","type-post","status-publish","format-standard","has-post-thumbnail","category-szorakozas","tag-entertainment","tag-geszti-peter","tag-hu","tag-hungarian","tag-hungary","tag-kossuth-ter","tag-magyar","tag-magyarorszag","tag-presser-gabor","tag-ronai-egon","tag-szorakozas","tag-sztarok"],"share_on_mastodon":{"url":"https:\/\/pubeurope.com\/@hu\/116624716550637247","error":""},"_links":{"self":[{"href":"https:\/\/www.europesays.com\/hu\/wp-json\/wp\/v2\/posts\/111035","targetHints":{"allow":["GET"]}}],"collection":[{"href":"https:\/\/www.europesays.com\/hu\/wp-json\/wp\/v2\/posts"}],"about":[{"href":"https:\/\/www.europesays.com\/hu\/wp-json\/wp\/v2\/types\/post"}],"author":[{"embeddable":true,"href":"https:\/\/www.europesays.com\/hu\/wp-json\/wp\/v2\/users\/2"}],"replies":[{"embeddable":true,"href":"https:\/\/www.europesays.com\/hu\/wp-json\/wp\/v2\/comments?post=111035"}],"version-history":[{"count":0,"href":"https:\/\/www.europesays.com\/hu\/wp-json\/wp\/v2\/posts\/111035\/revisions"}],"wp:featuredmedia":[{"embeddable":true,"href":"https:\/\/www.europesays.com\/hu\/wp-json\/wp\/v2\/media\/111036"}],"wp:attachment":[{"href":"https:\/\/www.europesays.com\/hu\/wp-json\/wp\/v2\/media?parent=111035"}],"wp:term":[{"taxonomy":"category","embeddable":true,"href":"https:\/\/www.europesays.com\/hu\/wp-json\/wp\/v2\/categories?post=111035"},{"taxonomy":"post_tag","embeddable":true,"href":"https:\/\/www.europesays.com\/hu\/wp-json\/wp\/v2\/tags?post=111035"}],"curies":[{"name":"wp","href":"https:\/\/api.w.org\/{rel}","templated":true}]}}