{"id":111083,"date":"2026-05-23T16:31:09","date_gmt":"2026-05-23T16:31:09","guid":{"rendered":"https:\/\/www.europesays.com\/hu\/111083\/"},"modified":"2026-05-23T16:31:09","modified_gmt":"2026-05-23T16:31:09","slug":"index-belfold-kritikat-kapott-a-kormany-az-elet-menete-miatt-egy-zsido-szervezettol-vitezy-david-szerepvallalasat-biraltak","status":"publish","type":"post","link":"https:\/\/www.europesays.com\/hu\/111083\/","title":{"rendered":"Index &#8211; Belf\u00f6ld &#8211; Kritik\u00e1t kapott a korm\u00e1ny az \u00c9let Menete miatt egy zsid\u00f3 szervezett\u0151l, Vit\u00e9zy D\u00e1vid szerepv\u00e1llal\u00e1s\u00e1t b\u00edr\u00e1lt\u00e1k"},"content":{"rendered":"<p>A budapesti zsid\u00f3 kultur\u00e1lis \u00e9s ifj\u00fas\u00e1gi szervezet, a <a href=\"https:\/\/www.facebook.com\/photo\/?fbid=1444864347679541&amp;set=a.553623263470325\" id=\"hyperlink_2c2545ff484c9b9843ecdc44eb1bd1ab\" rel=\"nofollow noopener\" target=\"_blank\">Kidma<\/a> a k\u00f6z\u00f6ss\u00e9gi oldal\u00e1n sz\u00e1molt be arr\u00f3l, hogy a\u00a0<a href=\"https:\/\/galeria.index.hu\/belfold\/2026\/05\/17\/az_eletmenete_budapest_rakpart\/?audit=1\" id=\"hyperlink_def1180d8b12210ee6e9ce6de634cf6d\" target=\"_blank\" rel=\"nofollow noopener\">2026. m\u00e1jus 17-ei \u00c9let Menet\u00e9n<\/a> a frissen alakult magyar korm\u00e1nyt Vit\u00e9zy D\u00e1vid k\u00e9pviselte. \u201eA gesztus nyilv\u00e1nval\u00f3an nemes, azonban nem felt\u00e9tlen\u00fcl a legjobb az optik\u00e1ja\u201d \u2013 jegyezt\u00e9k meg.\u00a0<\/p>\n<p>Bejegyz\u00e9s\u00fckben felid\u00e9zt\u00e9k, hogy <a href=\"https:\/\/www.facebook.com\/mazsihisz\/posts\/pfbid02SDCaZuwQsHTopKbjnLzL9cAqCjThtxvGcGRhN6piBBKFSXhnogc1ujjhHMEtV4Ywl\" id=\"hyperlink_071323c1c3cc12326dc07123a9fe90a9\" rel=\"nofollow noopener\" target=\"_blank\">Magyar P\u00e9ter a megv\u00e1laszt\u00e1sa ut\u00e1n n\u00e9h\u00e1ny nappal<\/a> a Holokauszt Eml\u00e9kk\u00f6zpont holokausztmegeml\u00e9kez\u00e9s\u00e9n r\u00e9szt vett.<\/p>\n<p>M\u00e9ghozz\u00e1 k\u00e9t olyan politikust\u00e1rs\u00e1val, akikb\u0151l kisv\u00e1rtatva korm\u00e1nytag lett. Ez egy egy\u00e9rtelm\u0171 \u00e9s nyilv\u00e1nval\u00f3 \u00fczenet volt a magyar zsid\u00f3 k\u00f6z\u00f6ss\u00e9g \u00e9s t\u00e1gabb \u00e9rtelemben a zsid\u00f3 vil\u00e1g fel\u00e9. \u00c9rtett\u00fck, nagyra \u00e9rt\u00e9kelt\u00fck<\/p>\n<p>\u2013 \u00edrt\u00e1k.<\/p>\n<p>Majd kit\u00e9rtek arra, hogy a Magyar-korm\u00e1ny tagjai k\u00f6z\u00fcl egyel\u0151re egyetlen szem\u00e9lyr\u0151l lehet tudni, hogy a zsid\u00f3 k\u00f6z\u00f6ss\u00e9ghez tartozik, aki nem m\u00e1s, mint Vit\u00e9zy D\u00e1vid, aki soha nem titkolta felekezeti hovatartoz\u00e1s\u00e1t. \u201eKinevez\u00e9sekor mi is gratul\u00e1ltunk neki, mert ak\u00e1rhogy is, de szem\u00e9lye pozit\u00edv \u00fczenet a zsid\u00f3 k\u00f6z\u00f6ss\u00e9g fel\u00e9 is \u2013 ha m\u00e1s\u00e9rt nem, h\u00e1t mert jelzi az integr\u00e1ci\u00f3nk siker\u00e9t\u201d \u2013 f\u0171zt\u00e9k hozz\u00e1.<\/p>\n<p>Vit\u00e9zy deleg\u00e1l\u00e1sa az \u00c9let Menet\u00e9re azonban nem volt szerencs\u00e9s, mert az egyetlen zsid\u00f3 sz\u00e1rmaz\u00e1s\u00fa korm\u00e1nytag ilyet\u00e9n pozicion\u00e1l\u00e1s\u00e1val a holokausztot akaratlanul zsid\u00f3 \u00fcggy\u00e9 nyilv\u00e1n\u00edtotta a korm\u00e1ny<\/p>\n<p>\u2013 h\u00fazt\u00e1k al\u00e1, majd megjegyezt\u00e9k, hogy a holokauszt t\u00falnyom\u00f3r\u00e9szt a zsid\u00f3 k\u00f6z\u00f6ss\u00e9ggel t\u00f6rt\u00e9nt meg, \u201eez a mi trag\u00e9di\u00e1nk, de ez legkev\u00e9sb\u00e9 csak a mi \u00fcgy\u00fcnk\u201d. A posztjukban lesz\u00f6gezt\u00e9k, hogy a \u201eholokauszt k\u00f6z\u00f6s t\u00f6rt\u00e9net\u00fcnk, nemzeti k\u00e9rd\u00e9s kell legyen, amit szimbolikusan is jelezni kellene. P\u00e9ld\u00e1ul azzal, hogy demonstrat\u00edvan nem zsid\u00f3 korm\u00e1nytagok nyilv\u00e1nulnak meg a holokauszt eml\u00e9kezete kapcs\u00e1n\u201d.<\/p>\n<p>\u201eVit\u00e9zy deleg\u00e1l\u00e1sa nyilv\u00e1nval\u00f3an j\u00f3 sz\u00e1nd\u00e9k\u00fa volt, \u00e9s Magyar P\u00e9ter l\u00e1togat\u00e1sa a P\u00e1va utc\u00e1ban is jelzi, hogy tudat\u00e1ban vannak a holokauszt eml\u00e9kezete fontoss\u00e1g\u00e1nak. Baj nem t\u00f6rt\u00e9nt, de \u00e9rdemes volna gener\u00e1lisan is \u00e1tgondolnunk, hogy mik\u00e9ppen k\u00e9ne 80 \u00e9vvel a holokauszt ut\u00e1n validan eml\u00e9kezn\u00fcnk \u00e9s eml\u00e9keztetn\u00fcnk\u201d \u2013 z\u00e1rt\u00e1k bejegyz\u00e9s\u00fcket.<\/p>\n<p><a href=\"https:\/\/dex.hu\/x.php?id=googlepref_desktop&amp;url=https:\/\/google.com\/preferences\/source?q=https:\/\/index.hu\" class=\"google-pref-banner \" id=\"googlePrefBanner\" rel=\"nofollow noopener\" target=\"_blank\"><\/p>\n<p>    Itt \u00e1ll\u00edtsa be, hogy az Index az els\u0151k k\u00f6z\u00f6tt legyen a Google-tal\u00e1latokban!<\/p>\n<p><\/a><\/p>\n<p>    <img decoding=\"async\" src=\"https:\/\/index.hu\/assets\/images\/social-follow\/logo-big.svg\" alt=\"Index.hu logo\"\/><\/p>\n<p>K\u00f6vesse az Indexet Facebookon is!<\/p>\n<p>    <a href=\"https:\/\/facebook.com\/Indexhu\" target=\"_blank\" rel=\"nofollow noopener\"><\/p>\n<p>        K\u00f6vetem!<br \/>\n    <\/a><\/p>\n","protected":false},"excerpt":{"rendered":"A budapesti zsid\u00f3 kultur\u00e1lis \u00e9s ifj\u00fas\u00e1gi szervezet, a Kidma a k\u00f6z\u00f6ss\u00e9gi oldal\u00e1n sz\u00e1molt be arr\u00f3l, hogy a\u00a02026. m\u00e1jus&hellip;\n","protected":false},"author":2,"featured_media":111084,"comment_status":"","ping_status":"","sticky":false,"template":"","format":"standard","meta":{"footnotes":"","_share_on_mastodon":"0"},"categories":[6],"tags":[80,34008,18775,44,42,40,36356,43,41,3085,945,593],"class_list":["post-111083","post","type-post","status-publish","format-standard","has-post-thumbnail","category-magyarorszag","tag-belfold","tag-elet-menete","tag-holokauszt","tag-hu","tag-hungarian","tag-hungary","tag-kidman","tag-magyar","tag-magyarorszag","tag-megemlekezes","tag-tisza-part","tag-vitezy-david"],"share_on_mastodon":{"url":"https:\/\/pubeurope.com\/@hu\/116624850202738316","error":""},"_links":{"self":[{"href":"https:\/\/www.europesays.com\/hu\/wp-json\/wp\/v2\/posts\/111083","targetHints":{"allow":["GET"]}}],"collection":[{"href":"https:\/\/www.europesays.com\/hu\/wp-json\/wp\/v2\/posts"}],"about":[{"href":"https:\/\/www.europesays.com\/hu\/wp-json\/wp\/v2\/types\/post"}],"author":[{"embeddable":true,"href":"https:\/\/www.europesays.com\/hu\/wp-json\/wp\/v2\/users\/2"}],"replies":[{"embeddable":true,"href":"https:\/\/www.europesays.com\/hu\/wp-json\/wp\/v2\/comments?post=111083"}],"version-history":[{"count":0,"href":"https:\/\/www.europesays.com\/hu\/wp-json\/wp\/v2\/posts\/111083\/revisions"}],"wp:featuredmedia":[{"embeddable":true,"href":"https:\/\/www.europesays.com\/hu\/wp-json\/wp\/v2\/media\/111084"}],"wp:attachment":[{"href":"https:\/\/www.europesays.com\/hu\/wp-json\/wp\/v2\/media?parent=111083"}],"wp:term":[{"taxonomy":"category","embeddable":true,"href":"https:\/\/www.europesays.com\/hu\/wp-json\/wp\/v2\/categories?post=111083"},{"taxonomy":"post_tag","embeddable":true,"href":"https:\/\/www.europesays.com\/hu\/wp-json\/wp\/v2\/tags?post=111083"}],"curies":[{"name":"wp","href":"https:\/\/api.w.org\/{rel}","templated":true}]}}