{"id":111149,"date":"2026-05-23T17:42:10","date_gmt":"2026-05-23T17:42:10","guid":{"rendered":"https:\/\/www.europesays.com\/hu\/111149\/"},"modified":"2026-05-23T17:42:10","modified_gmt":"2026-05-23T17:42:10","slug":"index-kultur-presser-gabor-elarulta-ki-hivta-meg-a-kossuth-teri-rendszervalto-unnepsegre","status":"publish","type":"post","link":"https:\/\/www.europesays.com\/hu\/111149\/","title":{"rendered":"Index &#8211; Kult\u00far &#8211; Presser G\u00e1bor el\u00e1rulta, ki h\u00edvta meg a Kossuth t\u00e9ri rendszerv\u00e1lt\u00f3 \u00fcnneps\u00e9gre"},"content":{"rendered":"<p>                <a href=\"https:\/\/index.hu\/szerzo\/olah_zsanett\" rel=\"nofollow noopener\" target=\"_blank\"><br \/>\n                        <img decoding=\"async\" class=\"szerzo-kep\" src=\"https:\/\/www.europesays.com\/hu\/wp-content\/uploads\/2026\/05\/1779476172_510_68042483_5023425_6c25dbf93ee8e9917e996ebccc7002db_wm.jpg\" alt=\"Ol\u00e1h Zsanett\"\/><br \/>\n                <\/a><\/p>\n<p>\n                Geszti P\u00e9ter er\u0151s\u00edtette meg Presser G\u00e1bort abban, hogy fell\u00e9pjen a Kossuth t\u00e9ren m\u00e1jus 9-\u00e9n, miut\u00e1n megalakult az \u00faj orsz\u00e1ggy\u0171l\u00e9s. A zen\u00e9sz a Neked \u00edrom a dalt c\u00edm\u0171 szerzem\u00e9ny\u00e9t adta el\u0151 Wunderlich J\u00f3zseffel \u00e9s Mehringer Marcival.            <\/p>\n<p>Az ATV H\u00faz\u00f3s podcast nev\u0171 m\u0171sor\u00e1ban vend\u00e9geskedett <a href=\"https:\/\/index.hu\/kultur\/2026\/05\/22\/presser-gabor-enekes-lgt-somlo-tamas-inforadio-arena-interju\/\" id=\"hyperlink_2363d82b05c8abddbc3a617498fd079d\" target=\"_blank\" title=\"Presser G\u00e1bor: Soml\u00f3 Tam\u00e1s n\u00e9lk\u00fcl nincs t\u00f6bb\u00e9 LGT\" rel=\"nofollow noopener\">Presser G\u00e1bor<\/a>, ahol el\u00e1rulta, kinek a megh\u00edv\u00e1s\u00e1ra d\u00f6nt\u00f6tt \u00fagy, hogy fell\u00e9p a m\u00e1jus 9-i rendszerv\u00e1lt\u00f3 n\u00e9p\u00fcnnep\u00e9lyen. Az LGT egykori alap\u00edt\u00f3ja a Neked \u00edrom a dalt c\u00edm\u0171 szerzem\u00e9nyt <a href=\"https:\/\/index.hu\/belfold\/2026\/05\/09\/orszaggyules-parlament-miniszterelnok-alakulo-ules-magyar-peter-tisza-part-fidesz-kdnp-mi-hazank-mozgalom-valasztas2026\/presser-gabor-a-kossuth-lajos-teren\/\" id=\"hyperlink_d093dd2277ce469f210827c20bad0f42\" target=\"_blank\" title=\"Presser G\u00e1bor a Kossuth Lajos t\u00e9ren\" rel=\"nofollow noopener\">adta el\u0151<\/a> a Kossuth t\u00e9ren, azonban a helysz\u00ednen nem lehetett hallani a besz\u00e9d\u00e9t, egy <a href=\"https:\/\/index.hu\/kultur\/2026\/05\/12\/presser-gabor-kossuth-ter-fellepes-beiktatas-alakulo-ules-parlament-unnepseg-lgt-rendszervalto-nepunnepely\/\" id=\"hyperlink_5450230fc6e9d20c6791e7b4cdf73ce8\" target=\"_blank\" title=\"Technikai hiba zavarta meg Presser G\u00e1bor besz\u00e9d\u00e9t, kider\u00fclt, mit mondott volna\" rel=\"nofollow noopener\">technikai hiba<\/a> zavarta meg. K\u00e9s\u0151bb k\u00f6z\u00f6ss\u00e9gi oldal\u00e1n a rengeteg visszajelz\u00e9s miatt megosztotta az akkor elmondott gondolatait.<\/p>\n<p>Geszti P\u00e9ter h\u00edvott f\u00f6l, hogy engem keresn\u00e9nek. \u00c9s \u00e9n elk\u00e9pzeltem, milyen lesz az a rengeteg ember, \u00e9s \u00e9n k\u00eds\u00e9rem \u0151ket zongor\u00e1n, olyan, ak\u00e1r egy alkalmi k\u00f3rus<\/p>\n<p>\u2013 mes\u00e9lte R\u00f3nai Egonnak az \u00e9nekes, kiemelve, hogy \u0151 maga is meghat\u00f3dott att\u00f3l a szeretett\u0151l, ami a k\u00f6z\u00f6ns\u00e9g soraib\u00f3l \u00e1radt.<\/p>\n<p>\u00c1ll\u00edt\u00e1sa szerint minden \u00fagy alakult, ahogyan elk\u00e9pzelte. Szerette volna tov\u00e1bb\u00e1 azt is, ha nem csak a saj\u00e1t gener\u00e1ci\u00f3j\u00e1hoz jutna el a produkci\u00f3, \u00edgy n\u00e1la t\u00f6bb \u00e9vtizeddel fiatalabb el\u0151ad\u00f3kkal zen\u00e9lt egy\u00fctt.<\/p>\n<p>\u201eElk\u00e9pzeltem azt, hogy ezt a dalt \u2013 de nem ilyen marketingjelleggel \u2013 \u00e1tadom egy n\u00e1lam 30 \u00e9vvel fiatalabb pasinak, Wunderlich J\u00f3zsefnek \u00e9s az 50 \u00e9vvel fiatalabbnak, Mehringer Marcinak\u201d\u00a0\u2013 mondta Presser, aki nem politikai rendezv\u00e9nyk\u00e9nt tekintett az esem\u00e9nyre, ink\u00e1bb k\u00f6z\u00f6ss\u00e9gi \u00e9lm\u00e9nyk\u00e9nt, aminek a f\u00f3kusz\u00e1ban a zene \u00e1llt.<\/p>\n<p>\n                          (Bor\u00edt\u00f3k\u00e9p: Presser G\u00e1bor 2021. augusztus 6-\u00e1n. Fot\u00f3:\u00a0Kasz\u00e1s Tam\u00e1s \/ Index)\n                        <\/p>\n<p><a href=\"https:\/\/dex.hu\/x.php?id=googlepref_desktop&amp;url=https:\/\/google.com\/preferences\/source?q=https:\/\/index.hu\" class=\"google-pref-banner \" id=\"googlePrefBanner\" rel=\"nofollow noopener\" target=\"_blank\"><\/p>\n<p>    Itt \u00e1ll\u00edtsa be, hogy az Index az els\u0151k k\u00f6z\u00f6tt legyen a Google-tal\u00e1latokban!<\/p>\n<p><\/a><\/p>\n<p>    <img decoding=\"async\" src=\"https:\/\/index.hu\/assets\/images\/social-follow\/logo-big.svg\" alt=\"Index.hu logo\"\/><\/p>\n<p>K\u00f6vesse az Indexet Facebookon is!<\/p>\n<p>    <a href=\"https:\/\/facebook.com\/Indexhu\" target=\"_blank\" rel=\"nofollow noopener\"><\/p>\n<p>        K\u00f6vetem!<br \/>\n    <\/a><\/p>\n","protected":false},"excerpt":{"rendered":"Geszti P\u00e9ter er\u0151s\u00edtette meg Presser G\u00e1bort abban, hogy fell\u00e9pjen a Kossuth t\u00e9ren m\u00e1jus 9-\u00e9n, miut\u00e1n megalakult az \u00faj&hellip;\n","protected":false},"author":2,"featured_media":111150,"comment_status":"","ping_status":"","sticky":false,"template":"","format":"standard","meta":{"footnotes":"","_share_on_mastodon":"0"},"categories":[33],"tags":[151,38,35,37,44,42,40,213,1731,6274,150,43,41,97,34,17387,36,39],"class_list":["post-111149","post","type-post","status-publish","format-standard","has-post-thumbnail","category-hirek","tag-ce-femina","tag-focimek","tag-headlines","tag-hirek","tag-hu","tag-hungarian","tag-hungary","tag-koncert","tag-kormanyvaltas","tag-kossuth-ter","tag-kultur","tag-magyar","tag-magyarorszag","tag-meghivas","tag-news","tag-presser-gabor","tag-top-stories","tag-vezeto-hirek"],"share_on_mastodon":{"url":"https:\/\/pubeurope.com\/@hu\/116625129121876375","error":""},"_links":{"self":[{"href":"https:\/\/www.europesays.com\/hu\/wp-json\/wp\/v2\/posts\/111149","targetHints":{"allow":["GET"]}}],"collection":[{"href":"https:\/\/www.europesays.com\/hu\/wp-json\/wp\/v2\/posts"}],"about":[{"href":"https:\/\/www.europesays.com\/hu\/wp-json\/wp\/v2\/types\/post"}],"author":[{"embeddable":true,"href":"https:\/\/www.europesays.com\/hu\/wp-json\/wp\/v2\/users\/2"}],"replies":[{"embeddable":true,"href":"https:\/\/www.europesays.com\/hu\/wp-json\/wp\/v2\/comments?post=111149"}],"version-history":[{"count":0,"href":"https:\/\/www.europesays.com\/hu\/wp-json\/wp\/v2\/posts\/111149\/revisions"}],"wp:featuredmedia":[{"embeddable":true,"href":"https:\/\/www.europesays.com\/hu\/wp-json\/wp\/v2\/media\/111150"}],"wp:attachment":[{"href":"https:\/\/www.europesays.com\/hu\/wp-json\/wp\/v2\/media?parent=111149"}],"wp:term":[{"taxonomy":"category","embeddable":true,"href":"https:\/\/www.europesays.com\/hu\/wp-json\/wp\/v2\/categories?post=111149"},{"taxonomy":"post_tag","embeddable":true,"href":"https:\/\/www.europesays.com\/hu\/wp-json\/wp\/v2\/tags?post=111149"}],"curies":[{"name":"wp","href":"https:\/\/api.w.org\/{rel}","templated":true}]}}