{"id":111242,"date":"2026-05-23T19:19:10","date_gmt":"2026-05-23T19:19:10","guid":{"rendered":"https:\/\/www.europesays.com\/hu\/111242\/"},"modified":"2026-05-23T19:19:10","modified_gmt":"2026-05-23T19:19:10","slug":"telex-forsthoffer-agnes-a-tavozo-kepviseloket-is-arra-keri-hogy-jotekony-celra-utaljak-a-haromhavi-vegkielegitesuket","status":"publish","type":"post","link":"https:\/\/www.europesays.com\/hu\/111242\/","title":{"rendered":"Telex: Forsthoffer \u00c1gnes a t\u00e1voz\u00f3 k\u00e9pvisel\u0151ket is arra k\u00e9ri, hogy j\u00f3t\u00e9kony c\u00e9lra utalj\u00e1k a h\u00e1romhavi v\u00e9gkiel\u00e9g\u00edt\u00e9s\u00fcket"},"content":{"rendered":"<p>Forsthoffer \u00c1gnes h\u00e1zeln\u00f6k lev\u00e9lben k\u00e9rte a parlamentb\u0151l t\u00e1voz\u00f3, illetve m\u00e1r kor\u00e1bban mand\u00e1tumukat vesztett orsz\u00e1ggy\u0171l\u00e9si k\u00e9pvisel\u0151ket, hogy a t\u00f6rv\u00e9ny szerint nekik j\u00e1r\u00f3 h\u00e1romhavi v\u00e9gkiel\u00e9g\u00edt\u00e9s\u00fcket j\u00f3t\u00e9kony c\u00e9lra aj\u00e1nlj\u00e1k fel. A kezdem\u00e9nyez\u00e9sr\u0151l J\u00e1mbor Andr\u00e1s sz\u00e1molt be Facebook-oldal\u00e1n, ahol a levelet is k\u00f6zz\u00e9tette.<\/p>\n<p>\u201eAz \u00faj Orsz\u00e1ggy\u0171l\u00e9s \u00e9s az \u00faj Korm\u00e1ny megalakul\u00e1s\u00e1val a k\u00f6zv\u00e9lem\u00e9ny sz\u00e1m\u00e1ra is egyre t\u00f6bb hiteles inform\u00e1ci\u00f3 jut el arr\u00f3l, hogy Magyarorsz\u00e1g milyen gazdas\u00e1gi \u00e9s k\u00f6lts\u00e9gvet\u00e9si kih\u00edv\u00e1sokkal n\u00e9z szembe, valamint arr\u00f3l, hogy az egyes \u00e1llami \u00e1gazatok, illetve a civil szf\u00e9ra milyen megd\u00f6bbent\u0151 k\u00f6r\u00fclm\u00e9nyek k\u00f6z\u00f6tt volt k\u00e9nytelen m\u0171k\u00f6dni\u201d \u2013 \u00edrta Forsthoffer.<\/p>\n<p>K\u00f6vetel\u00e9s\u00e9t \u00edgy indokolta: \u201eA t\u00e1rsadalom r\u00e9sz\u00e9r\u0151l jelentkez\u0151 jogos ig\u00e9nyt k\u00f6zvet\u00edtve \u00e9ppen ez\u00e9rt felk\u00e9rem \u00d6n\u00f6ket \u2013 k\u00fcl\u00f6n\u00f6sen azokat a volt k\u00e9pvisel\u0151t\u00e1rsainkat, akiknek az elm\u00falt ciklusokban leadott szavazatai e m\u00e9ltatlan helyzetek kialakul\u00e1s\u00e1hoz hozz\u00e1j\u00e1rultak \u2013, hogy a r\u00e9sz\u00fckre kiutalt p\u00e9nzbeli ell\u00e1t\u00e1st j\u00f3t\u00e9kony c\u00e9lokra felaj\u00e1nlani sz\u00edveskedjenek!\u201d<\/p>\n<p>J\u00e1mbor Andr\u00e1s posztj\u00e1ban arr\u00f3l \u00edr, hogy a felsz\u00f3l\u00edt\u00e1s indokolt, \u00e9s biztos volt benne, hogy el\u0151bb-ut\u00f3bb meg\u00e9rkezik. J\u00e1mbor \u2013 aki fizet\u00e9se harmad\u00e1t eddig is j\u00f3t\u00e9kony c\u00e9lra aj\u00e1nlotta \u2013 most a k\u00f6vet\u0151ivel szavaztatn\u00e1 meg, hogy az \u00f6sszeg h\u00e1nyad r\u00e9sz\u00e9t aj\u00e1nlja fel: aki l\u00e1jkkal szavaz, az arra voksol, hogy v\u00e9gkiel\u00e9g\u00edt\u00e9se harmad\u00e1t utalja el, aki pedig sz\u00edv emojival, az azt k\u00e9ri, hogy a t\u00e1voz\u00f3 k\u00e9pvisel\u0151 a teljes \u00f6sszeget ford\u00edtsa j\u00f3t\u00e9kony c\u00e9lokra.<\/p>\n<p>\u00d6sszesen 156 k\u00e9pvisel\u0151 mand\u00e1tuma sz\u0171nt meg az \u00faj Orsz\u00e1ggy\u0171l\u00e9s megalakul\u00e1s\u00e1val, <a href=\"https:\/\/telex.hu\/belfold\/2026\/05\/09\/parlament-alakulo-ules-kepviselok-megbizatas-tavozo-erkezo\" class=\"\" rel=\"nofollow noopener\" target=\"_blank\">a teljes list\u00e1t itt gy\u0171jt\u00f6tt\u00fck \u00f6ssze<\/a>. A t\u00e1voz\u00f3 politikusok k\u00f6z\u00f6tt t\u00f6bb cikluson \u00e1t parlamentben \u00fcl\u0151 korm\u00e1nyp\u00e1rti \u00e9s ellenz\u00e9ki k\u00e9pvisel\u0151k is vannak. A jelenlegi szab\u00e1lyoz\u00e1s alapj\u00e1n a mand\u00e1tumukat elveszt\u0151 k\u00e9pvisel\u0151k h\u00e1romhavi tiszteletd\u00edjnak megfelel\u0151 juttat\u00e1sra jogosultak. A v\u00e9gkiel\u00e9g\u00edt\u00e9s automatikusan j\u00e1r azoknak, akik nem szereztek \u00faj mand\u00e1tumot, vagy nem t\u00f6ltenek be m\u00e1s parlamenti tiszts\u00e9get.<\/p>\n<p>A <a href=\"https:\/\/net.jogtar.hu\/jogszabaly?docid=a1200036.tv\" target=\"_blank\" rel=\"nofollow noopener\">jogszab\u00e1ly szerint<\/a> h\u00e1romhavi b\u00facs\u00fap\u00e9nzt kapnak, amit a megb\u00edzat\u00e1suk megsz\u0171n\u00e9se el\u0151tti h\u00e1romhavi (febru\u00e1r, m\u00e1rcius, \u00e1prilis) tiszteletd\u00edj \u00e1tlag\u00e1b\u00f3l kell kisz\u00e1molni. Eszerint <a href=\"https:\/\/telex.hu\/belfold\/2026\/04\/16\/tavozo-parlamenti-kepviselok-megbizatas-majus-vegkielegites-diplomata-utlevel\" class=\"\" rel=\"nofollow noopener\" target=\"_blank\">t\u00f6bb t\u00e1voz\u00f3 parlamenti k\u00e9pvisel\u0151 is 12 milli\u00f3 forintos b\u00facs\u00fap\u00e9nzt kap<\/a>.<\/p>\n<p>Guly\u00e1s Gergely kor\u00e1bbi Minisztereln\u00f6ks\u00e9get vezet\u0151 miniszter azt mondta, hogy a t\u00e1voz\u00f3 korm\u00e1ny tagjai a juttat\u00e1sukat <a href=\"https:\/\/telex.hu\/belfold\/2026\/05\/14\/gulyas-gergely-vegkielegites-kormanytagok-karpataljai-gyerekotthon\" class=\"\" rel=\"nofollow noopener\" target=\"_blank\">egys\u00e9gesen k\u00e1rp\u00e1taljai gyerekeknek fogj\u00e1k felaj\u00e1nlani<\/a>. Orb\u00e1n Viktor k\u00f6z\u00f6lte, hogy a k\u00e1rp\u00e1taljai Irgalmas Samarit\u00e1nus Reform\u00e1tus Gyermekotthonnak adom\u00e1nyozza <a href=\"https:\/\/telex.hu\/belfold\/2026\/05\/14\/magyar-peter-miniszterek-vegkielegitese-tilalom\" class=\"\" rel=\"nofollow noopener\" target=\"_blank\">a t\u00f6rv\u00e9ny szerint neki j\u00e1r\u00f3<\/a> brutt\u00f3 38 milli\u00f3 forintos v\u00e9gkiel\u00e9g\u00edt\u00e9st. Magyar P\u00e9ter <a href=\"https:\/\/telex.hu\/belfold\/2026\/05\/16\/magyar-peter-miniszterelnok-vegkielegites-orban-viktor\" class=\"\" rel=\"nofollow noopener\" target=\"_blank\">dics\u00e9retesnek nevezte Orb\u00e1n felaj\u00e1nl\u00e1s\u00e1t, \u00e9s elfogadta azt<\/a>.<\/p>\n<p>Havasi Bertalan is <a href=\"https:\/\/telex.hu\/belfold\/2026\/05\/15\/havasi-bertalan-helyettes-allamtitkar-karmelita-juttatas\" class=\"\" rel=\"nofollow noopener\" target=\"_blank\">nyilatkozott kor\u00e1bban a b\u00facs\u00fap\u00e9nz\u00e9r\u0151l, ami\u00e9rt perelni is hajland\u00f3 lenne<\/a>. \u201e\u00c9n majd eld\u00f6nt\u00f6m, hogy azt a p\u00e9nzt, ami\u00e9rt megdolgoztam 16 \u00e9vig, mire ford\u00edtom, mert \u00e9n b\u00e9rb\u0151l \u00e9s fizet\u00e9sb\u0151l \u00e9ltem ugyan\u00fagy, ahogy \u00f6n\u201d \u2013 mondta Orb\u00e1n Viktor kor\u00e1bbi sajt\u00f3f\u0151n\u00f6ke a Telex k\u00e9rd\u00e9s\u00e9re. \u201eLehet, hogy a gyerekeim tan\u00edttat\u00e1s\u00e1ra. Vagy a Suzuki Vitar\u00e1mon lecser\u00e9lem a gumikat v\u00e9gre, nem tudom, h\u00e1ny \u00e9v ut\u00e1n. Ilyesmikre az\u00e9rt nem \u00e1rt n\u00e9ha p\u00e9nzt k\u00f6lteni\u201d \u2013 fogalmazott azzal kapcsolatban, hogy mire sz\u00e1nn\u00e1 az \u00f6sszeget, amit t\u00e1voz\u00e1sa miatt kap az \u00e1llamt\u00f3l.<\/p>\n","protected":false},"excerpt":{"rendered":"Forsthoffer \u00c1gnes h\u00e1zeln\u00f6k lev\u00e9lben k\u00e9rte a parlamentb\u0151l t\u00e1voz\u00f3, illetve m\u00e1r kor\u00e1bban mand\u00e1tumukat vesztett orsz\u00e1ggy\u0171l\u00e9si k\u00e9pvisel\u0151ket, hogy a t\u00f6rv\u00e9ny&hellip;\n","protected":false},"author":2,"featured_media":111243,"comment_status":"","ping_status":"","sticky":false,"template":"","format":"standard","meta":{"footnotes":"","_share_on_mastodon":"0"},"categories":[6],"tags":[80,8070,44,42,40,4674,7681,43,41,945,33504],"class_list":["post-111242","post","type-post","status-publish","format-standard","has-post-thumbnail","category-magyarorszag","tag-belfold","tag-forsthoffer-agnes","tag-hu","tag-hungarian","tag-hungary","tag-jambor-andras","tag-jotekonysag","tag-magyar","tag-magyarorszag","tag-tisza-part","tag-vegkielegites"],"share_on_mastodon":{"url":"https:\/\/pubeurope.com\/@hu\/116625510681082941","error":""},"_links":{"self":[{"href":"https:\/\/www.europesays.com\/hu\/wp-json\/wp\/v2\/posts\/111242","targetHints":{"allow":["GET"]}}],"collection":[{"href":"https:\/\/www.europesays.com\/hu\/wp-json\/wp\/v2\/posts"}],"about":[{"href":"https:\/\/www.europesays.com\/hu\/wp-json\/wp\/v2\/types\/post"}],"author":[{"embeddable":true,"href":"https:\/\/www.europesays.com\/hu\/wp-json\/wp\/v2\/users\/2"}],"replies":[{"embeddable":true,"href":"https:\/\/www.europesays.com\/hu\/wp-json\/wp\/v2\/comments?post=111242"}],"version-history":[{"count":0,"href":"https:\/\/www.europesays.com\/hu\/wp-json\/wp\/v2\/posts\/111242\/revisions"}],"wp:featuredmedia":[{"embeddable":true,"href":"https:\/\/www.europesays.com\/hu\/wp-json\/wp\/v2\/media\/111243"}],"wp:attachment":[{"href":"https:\/\/www.europesays.com\/hu\/wp-json\/wp\/v2\/media?parent=111242"}],"wp:term":[{"taxonomy":"category","embeddable":true,"href":"https:\/\/www.europesays.com\/hu\/wp-json\/wp\/v2\/categories?post=111242"},{"taxonomy":"post_tag","embeddable":true,"href":"https:\/\/www.europesays.com\/hu\/wp-json\/wp\/v2\/tags?post=111242"}],"curies":[{"name":"wp","href":"https:\/\/api.w.org\/{rel}","templated":true}]}}