{"id":112287,"date":"2026-05-24T19:20:09","date_gmt":"2026-05-24T19:20:09","guid":{"rendered":"https:\/\/www.europesays.com\/hu\/112287\/"},"modified":"2026-05-24T19:20:09","modified_gmt":"2026-05-24T19:20:09","slug":"telex-a-divatbirodalom-alapitoja-lezuhant-egy-sziklarol-ami-korul-egyre-tobb-a-gyanus-jel-es-csak-a-fia-volt-vele","status":"publish","type":"post","link":"https:\/\/www.europesays.com\/hu\/112287\/","title":{"rendered":"Telex: A divatbirodalom alap\u00edt\u00f3ja lezuhant egy szikl\u00e1r\u00f3l, ami k\u00f6r\u00fcl egyre t\u00f6bb a gyan\u00fas jel. \u00c9s csak a fia volt vele"},"content":{"rendered":"<p>A leggazdagabb spanyolok k\u00f6z\u00e9 tartoz\u00f3 Isak Andic hal\u00e1la m\u00e1sf\u00e9l \u00e9vvel ezel\u0151tt megr\u00e1zta Spanyolorsz\u00e1got. A Mango ruha\u00fczletl\u00e1nc alap\u00edt\u00f3ja 71 \u00e9vesen is j\u00f3 er\u0151ben volt, \u00e9s akt\u00edv \u00e9letet \u00e9lt. 2024 december\u00e9ben fi\u00e1val t\u00far\u00e1zott Barcelona k\u00f6zel\u00e9ben, amikor \u00e1ll\u00edt\u00f3lag <a href=\"https:\/\/telex.hu\/kulfold\/2024\/12\/14\/isak-andic-mango-halal-spanyolorszag\" class=\"\" rel=\"nofollow noopener\" target=\"_blank\">lezuhant<\/a> egy szikl\u00e1r\u00f3l. A b\u00edr\u00f3s\u00e1g kezdetben balesetk\u00e9nt kezelte \u00e9s hamar le is z\u00e1rta volna az \u00fcgyet. A rend\u0151rs\u00e9g azonban tov\u00e1bb vizsg\u00e1l\u00f3dott. Kider\u00fclt, hogy a szimatuk nem csalt: Andic val\u00f3sz\u00edn\u0171leg nem csak balesetet szenvedve lezuhant, hanem val\u00f3j\u00e1ban lel\u00f6kt\u00e9k.<\/p>\n<p>A gyan\u00fas baleset idej\u00e9n egyvalaki volt vele: a legid\u0151sebb gyereke, a fia, az els\u0151 sz\u00e1m\u00fa \u00f6r\u00f6k\u00f6s.<\/p>\n<p>Kedden egy katal\u00f3niai b\u00edr\u00f3s\u00e1g bejelentette, hogy ember\u00f6l\u00e9s gyan\u00faj\u00e1val vizsg\u00e1lj\u00e1k az \u00fcgyet. Jonathan Andicot aznap \u0151rizetbe vett\u00e9k, \u00e9s gyan\u00fas\u00edtottk\u00e9nt kellett megjelennie a b\u00edr\u00f3s\u00e1g el\u0151tt. A meghallgat\u00e1s ut\u00e1n viszont szabadon t\u00e1vozhatott, miut\u00e1n kifizette az egymilli\u00f3 eur\u00f3s (kb. 359 milli\u00f3 forintos) \u00f3vad\u00e9kot. Nem hagyhatja el Katal\u00f3ni\u00e1t, \u00e9s hetente egyszer jelentkeznie kell a b\u00edr\u00f3s\u00e1gon. Az Andic csal\u00e1d ki\u00e1llt a f\u00e9rfi mellett, <a href=\"https:\/\/www.reuters.com\/business\/retail-consumer\/son-mango-fashion-tycoon-detained-investigation-fathers-death-spain-2026-05-19\/\" target=\"_blank\" rel=\"nofollow noopener\">a Reutersnek jelezt\u00e9k<\/a>, hogy \u201enincs legitim bizony\u00edt\u00e9k ellene\u201d.<\/p>\n<p>A hat\u00f3s\u00e1gok m\u00e9g nem hoztak nyilv\u00e1noss\u00e1gra minden k\u00f6r\u00fclm\u00e9nyt, amire a gyan\u00fat alapozz\u00e1k. B\u00e1r \u00fagy n\u00e9z ki, hogy csak k\u00f6zvetett bizony\u00edt\u00e9kok lehetnek a nyomoz\u00f3k kez\u00e9ben, azok, amikr\u0151l tudni lehet, viszont nem festenek j\u00f3 k\u00e9pet a 45 \u00e9ves Andicr\u00f3l.<\/p>\n<p>El\u0151sz\u00f6r egyszer\u0171 balesetnek gondolt\u00e1k<\/p>\n<p>Isak Andic egy szef\u00e1rd zsid\u00f3 csal\u00e1dba sz\u00fcletett Isztambulban. Tizen\u00e9ves volt, amikor az eg\u00e9sz csal\u00e1d \u00e1tk\u00f6lt\u00f6z\u00f6tt Katal\u00f3ni\u00e1ba. 30 \u00e9ves kor\u00e1ban, 1984-ben egy \u00fczlett\u00e1rs\u00e1val megalap\u00edtotta a Mang\u00f3t. A m\u00e1rk\u00e1nak az\u00f3ta 120 orsz\u00e1gban \u00f6sszesen k\u00f6zel 3000 boltja van. Az \u00fczletember vagyon\u00e1t kor\u00e1bban 4,5 milli\u00e1rd doll\u00e1rra becs\u00fclte a Forbes, ezzel felker\u00fclt a leggazdagabb spanyolok list\u00e1j\u00e1ra.<\/p>\n<p>Andicnak h\u00e1rom gyereke sz\u00fcletett k\u00e9t h\u00e1zass\u00e1gb\u00f3l. A legid\u0151sebb, Jonathan, 2005-ben csatlakozott a Mang\u00f3hoz, \u00e9s a c\u00e9g f\u00e9rfiaknak gy\u00e1rtott term\u00e9kcsal\u00e1dj\u00e1t fel\u00fcgyelte. 2012-ben bejelentett\u00e9k, hogy \u00f6r\u00f6k\u00f6sk\u00e9nt \u0151 viszi majd tov\u00e1bb a teljes ruhabirodalmat is. Andicnak m\u00e9g k\u00e9t l\u00e1nya volt, a szint\u00e9n a Mang\u00f3n\u00e1l dolgoz\u00f3 Judith \u00e9s Sarah. <a href=\"https:\/\/www.bbc.com\/news\/articles\/cwy2g09yvgmo\" target=\"_blank\" rel=\"nofollow noopener\">A BBC szerint<\/a> a h\u00e1rom gyerek egy\u00fctt a Mango r\u00e9szv\u00e9nyeinek 95 sz\u00e1zal\u00e9k\u00e1t birtokolja. C\u00e9galap\u00edt\u00f3 apjuk a hatvanas \u00e9vei k\u00f6zep\u00e9n \u00f6sszej\u00f6tt Estefania Knuth spanyol golfoz\u00f3val, akivel 2018-t\u00f3l a hal\u00e1l\u00e1ig alkottak egy p\u00e1rt.<\/p>\n<p>Isak Andic 2024. december 14-\u00e9n a most 45 \u00e9ves fi\u00e1val ment el t\u00far\u00e1zni. Barcelona k\u00f6zel\u00e9ben j\u00e1rtak a Montserrat hegys\u00e9gben, \u00e9s egy olyan \u00f6sv\u00e9nyt v\u00e1lasztottak, amit iskol\u00e1sok \u00e9s id\u0151sebbek is v\u00e9gig szoktak j\u00e1rni. Nem k\u00fcl\u00f6n\u00f6sebben meger\u0151ltet\u0151 program. Jonathan besz\u00e1mol\u00f3ja szerint \u0151 ment el\u0151l, m\u00f6g\u00f6tte haladt az apja. Azt mondta, hogy egy szakad\u00e9k mellett sziklaoml\u00e1s hangj\u00e1t hallotta a h\u00e1ta m\u00f6g\u00f6tt. Megfordult, \u00e9s l\u00e1tta az apj\u00e1t lezuhanni a csap\u00e1son. Az id\u0151s f\u00e9rfi egy 150 m\u00e9ter m\u00e9ly szakad\u00e9kba esett. A baleset ut\u00e1n Jonathan Andic el\u0151sz\u00f6r az apja \u00e9lett\u00e1rs\u00e1t, Knuth-t h\u00edvta fel, azt\u00e1n a ment\u0151ket is riasztotta.<\/p>\n<p>A hat\u00f3s\u00e1gok eleinte balesetk\u00e9nt kezelt\u00e9k az \u00fcgyet. Kihallgatt\u00e1k Jonathant, aki fel\u00fcletesen, de elmagyar\u00e1zta a t\u00f6rt\u00e9nteket. A v\u00e1zlatos le\u00edr\u00e1s\u00e1t ekkor m\u00e9g a lelki megr\u00e1zk\u00f3dtat\u00e1soknak tudt\u00e1k be a hat\u00f3s\u00e1gok. A f\u00e9rfi k\u00f6zben az apja hal\u00e1la miatt a Mango igazgat\u00f3s\u00e1g\u00e1nak aleln\u00f6ke lett. Mivel meggy\u0151z\u0151nek t\u0171nt a vallom\u00e1sa, ez\u00e9rt hamar le is z\u00e1rt\u00e1k volna az \u00fcgyet. A rend\u0151rs\u00e9g viszont v\u00e9g\u00fcl egy b\u00edr\u00f3 egyet\u00e9rt\u00e9s\u00e9vel ink\u00e1bb folytatta a nyomoz\u00e1st. Ekkor k\u00e9rtek egy m\u00e1sodik vallom\u00e1st is Jonathant\u00f3l.<\/p>\n<p>Ellentmond\u00e1sok a vallom\u00e1sban \u00e9s lehets\u00e9ges ind\u00edt\u00e9k<\/p>\n<p>A m\u00e1sodik kihallgat\u00e1sa m\u00e1r <a href=\"https:\/\/www.bbc.com\/news\/articles\/cwy2g09yvgmo\" target=\"_blank\" rel=\"nofollow noopener\">h\u00e1rom \u00f3r\u00e1n \u00e1t<\/a> zajlott. A vallom\u00e1s\u00e1ban ekkor m\u00e1r <a href=\"https:\/\/elpais.com\/espana\/2025-10-16\/los-mossos-investigan-como-posible-homicidio-la-muerte-del-fundador-de-mango-isak-andic.html\" target=\"_blank\" rel=\"nofollow noopener\">ellentmond\u00e1sos r\u00e9szletek is voltak<\/a>. Hol azt mondta, hogy j\u00f3val el\u0151r\u00e9bb j\u00e1rt, mint apja, hol azt, hogy egym\u00e1shoz k\u00f6zel haladtak. Azt is mondta, hogy az apja az\u00e9rt maradt le, mert f\u00e9nyk\u00e9peket k\u00e9sz\u00edtett eg\u00e9szen az es\u00e9s el\u0151tti pillanatokig. Csakhogy az id\u0151s f\u00e9rfi telefonja a zseb\u00e9ben volt az es\u00e9s ut\u00e1n is, nem a kez\u00e9ben, vagy a szakad\u00e9kban. Azt sem j\u00f3l id\u00e9zte vissza, hogy hol parkoltak le a t\u00fara el\u0151tt.<\/p>\n<p>Jonathan telefonj\u00e1nak rejt\u00e9lyes m\u00f3don <a href=\"https:\/\/www.bbc.com\/news\/articles\/cwy2g09yvgmo\" target=\"_blank\" rel=\"nofollow noopener\">nyoma veszett<\/a>, \u00e9ppen akkor, amikor a rend\u0151rs\u00e9g bejelentette, hogy \u00fajranyitj\u00e1k az akt\u00e1t. Akkoriban a f\u00e9rfi azt mondta a hat\u00f3s\u00e1goknak, hogy ellopt\u00e1k a telefonj\u00e1t egy ecuadori utaz\u00e1s sor\u00e1n. Azt\u00e1n valahogy m\u00e9gis meglett a telefon, mert a f\u00e9rfi v\u00e9g\u00fcl \u00e1tadta azt a rend\u0151rs\u00e9gnek. R\u00f6vid id\u0151n bel\u00fcl pedig gyilkoss\u00e1ggal v\u00e1dolt\u00e1k meg az \u00f6r\u00f6k\u00f6st.<\/p>\n<p>Jonathan Andic azt mondta a nyomoz\u00f3knak, hogy kor\u00e1bban csak egyszer t\u00far\u00e1zott az \u00e9rintett \u00fatvonalon. A telefonja GPS-adataib\u00f3l viszont kider\u00fclt, hogy napokkal kor\u00e1bban t\u00f6bbsz\u00f6r is j\u00e1rt a baleset helysz\u00edn\u00e9n, december 7-\u00e9n, 8-\u00e1n, \u00e9s 10-\u00e9n is. A hat\u00f3s\u00e1gok gyan\u00faja szerint ekkor t\u00e9rk\u00e9pezte fel, hogy hol lehetne elk\u00f6vetni a gyilkoss\u00e1got.<\/p>\n<p><img decoding=\"async\" src=\"https:\/\/www.europesays.com\/hu\/wp-content\/uploads\/2026\/05\/1779467757-temp-1rfk0vadu9ghbcmgmpc_cikktorzs:xl.jpg\"  loading=\"lazy\" alt=\"Isak Andic, a Mango eln\u00f6ke \u00e9s alap\u00edt\u00f3ja a Spanyol \u00dczleti Karrier \u00c9rdemd\u00edj (IESE) \u00e1tad\u00f3\u00fcnneps\u00e9g\u00e9n az IESE Business School barcelonai \u00e9szaki campus\u00e1n 2024. m\u00e1rcius 18-\u00e1n \u2013 Fot\u00f3: Lorena Sopena \/ Europa Press \/ Getty Images\" class=\"placeholder_\"\/><\/p>\n<p>Isak Andic, a Mango eln\u00f6ke \u00e9s alap\u00edt\u00f3ja a Spanyol \u00dczleti Karrier \u00c9rdemd\u00edj (IESE) \u00e1tad\u00f3\u00fcnneps\u00e9g\u00e9n az IESE Business School barcelonai \u00e9szaki campus\u00e1n 2024. m\u00e1rcius 18-\u00e1n \u2013 Fot\u00f3: Lorena Sopena \/ Europa Press \/ Getty Images<\/p>\n<p><a href=\"https:\/\/english.elpais.com\/spain\/2025-10-20\/did-mango-founder-isak-andic-fall-to-his-death-or-was-he-pushed-by-his-son.html\" target=\"_blank\" rel=\"nofollow noopener\">Az El Pa\u00eds szerint<\/a> a hat\u00f3s\u00e1gok azt is t\u00f6bbsz\u00f6r is letesztelt\u00e9k, hogy hogyan lehetne lesz\u00e9d\u00fclni a Montserrat szakad\u00e9k\u00e1ba. <a href=\"https:\/\/www.bbc.com\/news\/articles\/cwy2g09yvgmo\" target=\"_blank\" rel=\"nofollow noopener\">Nem stimmelt<\/a> az, amilyen l\u00e1bnyomokat Isak Andic maga ut\u00e1n hagyott az es\u00e9s el\u0151tt: egy\u00e1ltal\u00e1n nem \u00fagy n\u00e9zett ki, mintha elcs\u00faszott volna. Az id\u0151s f\u00e9rfi testhelyzete \u00e9s s\u00e9r\u00fcl\u00e9sei sem v\u00e9letlen eles\u00e9sre utaltak. A szakv\u00e9lem\u00e9ny szerint \u00fagy t\u0171nt, \u201emintha l\u00e1bbal el\u0151re, egy cs\u00faszd\u00e1n vetette volna le mag\u00e1t\u201d.<\/p>\n<p>A rend\u0151rs\u00e9g emellett arra jutott, hogy Jonathannak lehetett r\u00e1 ind\u00edt\u00e9ka, hogy meg\u00f6lje az apj\u00e1t. Isak \u00e9s Jonathan kapcsolata val\u00f3j\u00e1ban r\u00e9g\u00f3ta konfliktusos volt. 2015-ben m\u00e9lyponton volt a viszonyuk. Ekkoriban Isak h\u00e1tr\u00e9bb l\u00e9pett a Mango igazgat\u00e1s\u00e1t\u00f3l \u00e9s a fi\u00e1ra, valamint a vezet\u0151s\u00e9gre b\u00edzta a v\u00e1llalat vezet\u00e9s\u00e9t. K\u00e9s\u0151bb azonban azzal v\u00e1dolta meg a fi\u00e1t, hogy hagyta, hogy a m\u00e1rka elvesz\u00edtse az \u201eeszenci\u00e1j\u00e1t \u00e9s lelk\u00e9t\u201d, \u00e9s hogy nem \u00e1polt\u00e1k eleget a kapcsolatot a v\u00e1s\u00e1rl\u00f3kkal. Knuth besz\u00e1mol\u00f3ja szerint a k\u00f6vetkez\u0151 \u00e9vekben a Mango t\u00f6bb milli\u00f3 doll\u00e1ros vesztes\u00e9geket halmozott fel, \u00e9s Isaknak vissza kellett vennie az ir\u00e1ny\u00edt\u00e1st, hogy \u00fajra m\u0171k\u00f6d\u0151k\u00e9pess\u00e9 tegye a c\u00e9get. Knuth viszont nem c\u00e9lzott arra a rend\u0151rs\u00e9gnek, hogy Jonathan b\u00e1rmi\u00e9rt is bossz\u00fat akart volna \u00e1llni az apj\u00e1n.<\/p>\n<p>Az viszont egy\u00e9rtelm\u0171en kider\u00fclt, hogy Isak Andic \u00e9lett\u00e1rsa \u00e9s a h\u00e1rom gyerek k\u00f6zt szint\u00e9n vit\u00e1k zajlottak. Ahogy az lenni szokott: az \u00f6r\u00f6ks\u00e9gr\u0151l. 2023 j\u00falius\u00e1ban Isak Andic \u00faj v\u00e9grendeletet \u00edrt, amiben a h\u00e1rom gyerekre h\u00e1rom egyenl\u0151 r\u00e9szt sz\u00e1nt, Estefania Knuth-ra pedig egy kisebb \u00f6sszeget hagyott volna. A n\u0151 \u00fagy gondolta, hogy a r\u00e1 es\u0151 r\u00e9sz nem el\u00e9g. Szerinte \u0151 \u00e9s a Mango alap\u00edt\u00f3ja ugyanis \u00e9lett\u00e1rsi kapcsolattal egyen\u00e9rt\u00e9k\u0171 \u00e9letk\u00f6z\u00f6ss\u00e9gben \u00e9ltek. Ez\u00e9rt azt akarta, hogy 70 milli\u00f3 eur\u00f3val t\u00f6bbet \u00f6r\u00f6k\u00f6lj\u00f6n \u2013 ami nyilv\u00e1n r\u00f6vid\u00edtett volna a gyerekek juss\u00e1n. Az \u00fcgyv\u00e9dek szerint ezzel \u00f6zvegyi j\u00e1rad\u00e9kkal egyen\u00e9rt\u00e9k\u0171 juttat\u00e1st kapott volna a n\u0151 Andic \u00f6r\u00f6ks\u00e9g\u00e9b\u0151l. A felek a Mango-mogul hal\u00e1la \u00f3ta pereskedtek egym\u00e1ssal az \u00fcgy\u00f6n.<\/p>\n<p>A nyomoz\u00f3k szerint az is s\u00farl\u00f3d\u00e1st okozott, hogy Isak Andic j\u00f3t\u00e9konys\u00e1gi alap\u00edtv\u00e1ny l\u00e9trehoz\u00e1s\u00e1t tervezte, ami viszont nem tetszett Jonathannak. Az apa \u00e9s fia k\u00f6zti \u00fczenetv\u00e1lt\u00e1sokb\u00f3l kit\u0171nt, hogy ezen \u00f6sszek\u00fcl\u00f6nb\u00f6ztek. A nyomoz\u00f3k szerint a fi\u00fa \u00e9rzelmileg manipul\u00e1lta az apj\u00e1t, hogy az az \u0151 koncepci\u00f3i szerint alak\u00edtsa a p\u00e9nz\u00fcgyeket. Eg\u00e9szen pontosan arr\u00f3l volt sz\u00f3, hogy Jonathan <a href=\"https:\/\/www.forbes.com\/sites\/zacharyfolk\/2026\/05\/20\/mango-billionaires-son-and-possible-killer-had-obsession-with-money-judge-says\/\" target=\"_blank\" rel=\"nofollow noopener\">m\u00e1r azel\u0151tt k\u00e9rte<\/a> az \u00f6r\u00f6ks\u00e9g\u00e9b\u0151l a r\u00e9sz\u00e9t, hogy az apja meghalt volna. Gy\u0171l\u00f6letr\u0151l, csal\u00f3dotts\u00e1gr\u00f3l, hal\u00e1lr\u00f3l \u00e9s hasonl\u00f3kr\u00f3l \u00edrt az apj\u00e1nak \u2013 <a href=\"https:\/\/www.bbc.com\/news\/articles\/cwy2g09yvgmo\" target=\"_blank\" rel=\"nofollow noopener\">sz\u00e1moltak be r\u00f3la a hat\u00f3s\u00e1gok<\/a>. A gyan\u00fa szerint Isak Andic ezut\u00e1n \u201ek\u00e9nytelen volt elfogadni az aj\u00e1nlatot, hogy tov\u00e1bbra is kapcsolatban maradhasson a fi\u00e1val\u201d.<\/p>\n<p>Andic csal\u00e1dj\u00e1nak sz\u00f3viv\u0151i kor\u00e1bban kijelentett\u00e9k, hogy nem fognak nyilatkozni a nyomoz\u00e1sr\u00f3l, de tiszteletben tartj\u00e1k az elj\u00e1r\u00e1st, \u00e9s egy\u00fcttm\u0171k\u00f6dnek a hat\u00f3s\u00e1gokkal. A letart\u00f3ztat\u00e1s ut\u00e1n k\u00f6z\u00f6s k\u00f6zlem\u00e9nyben fejezt\u00e9k ki, hogy t\u00e1mogatj\u00e1k az \u00f6r\u00f6k\u00f6st. Jonathan Andicot kedden <a href=\"https:\/\/www.forbes.com\/sites\/zacharyfolk\/2026\/05\/20\/mango-billionaires-son-and-possible-killer-had-obsession-with-money-judge-says\/\" target=\"_blank\" rel=\"nofollow noopener\">szabadon engedt\u00e9k<\/a>, miut\u00e1n befizette az egymilli\u00f3 eur\u00f3s \u00f3vad\u00e9kot. Leadta az \u00fatlevel\u00e9t, bokamonitort kapott, \u00e9s egyel\u0151re szabadl\u00e1bon v\u00e9dekezhet.<\/p>\n","protected":false},"excerpt":{"rendered":"A leggazdagabb spanyolok k\u00f6z\u00e9 tartoz\u00f3 Isak Andic hal\u00e1la m\u00e1sf\u00e9l \u00e9vvel ezel\u0151tt megr\u00e1zta Spanyolorsz\u00e1got. A Mango ruha\u00fczletl\u00e1nc alap\u00edt\u00f3ja 71&hellip;\n","protected":false},"author":2,"featured_media":112288,"comment_status":"","ping_status":"","sticky":false,"template":"","format":"standard","meta":{"footnotes":"","_share_on_mastodon":"0"},"categories":[8],"tags":[1078,3465,42,36649,64,899,43,35271,34,1511,1772,94,93,92],"class_list":["post-112287","post","type-post","status-publish","format-standard","has-post-thumbnail","category-vilag","tag-bunugy","tag-gyilkossag","tag-hungarian","tag-jonathan-andic","tag-kulfold","tag-letartoztatas","tag-magyar","tag-mango","tag-news","tag-nyomozas","tag-spanyolorszag","tag-vilag","tag-world","tag-world-news"],"share_on_mastodon":{"url":"https:\/\/pubeurope.com\/@hu\/116631176628744604","error":""},"_links":{"self":[{"href":"https:\/\/www.europesays.com\/hu\/wp-json\/wp\/v2\/posts\/112287","targetHints":{"allow":["GET"]}}],"collection":[{"href":"https:\/\/www.europesays.com\/hu\/wp-json\/wp\/v2\/posts"}],"about":[{"href":"https:\/\/www.europesays.com\/hu\/wp-json\/wp\/v2\/types\/post"}],"author":[{"embeddable":true,"href":"https:\/\/www.europesays.com\/hu\/wp-json\/wp\/v2\/users\/2"}],"replies":[{"embeddable":true,"href":"https:\/\/www.europesays.com\/hu\/wp-json\/wp\/v2\/comments?post=112287"}],"version-history":[{"count":0,"href":"https:\/\/www.europesays.com\/hu\/wp-json\/wp\/v2\/posts\/112287\/revisions"}],"wp:featuredmedia":[{"embeddable":true,"href":"https:\/\/www.europesays.com\/hu\/wp-json\/wp\/v2\/media\/112288"}],"wp:attachment":[{"href":"https:\/\/www.europesays.com\/hu\/wp-json\/wp\/v2\/media?parent=112287"}],"wp:term":[{"taxonomy":"category","embeddable":true,"href":"https:\/\/www.europesays.com\/hu\/wp-json\/wp\/v2\/categories?post=112287"},{"taxonomy":"post_tag","embeddable":true,"href":"https:\/\/www.europesays.com\/hu\/wp-json\/wp\/v2\/tags?post=112287"}],"curies":[{"name":"wp","href":"https:\/\/api.w.org\/{rel}","templated":true}]}}