{"id":112411,"date":"2026-05-24T21:27:07","date_gmt":"2026-05-24T21:27:07","guid":{"rendered":"https:\/\/www.europesays.com\/hu\/112411\/"},"modified":"2026-05-24T21:27:07","modified_gmt":"2026-05-24T21:27:07","slug":"a-dizel-halott-de-egy-egy-uj-villanytoltore-akar-negy-evet-is-varhatunk-az-mvm-mobiliti-vezere-kimondta-a-rideg-valosagot","status":"publish","type":"post","link":"https:\/\/www.europesays.com\/hu\/112411\/","title":{"rendered":"A d\u00edzel halott, de egy-egy \u00faj villanyt\u00f6lt\u0151re ak\u00e1r n\u00e9gy \u00e9vet is v\u00e1rhatunk \u2013 az MVM Mobiliti vez\u00e9re kimondta a rideg val\u00f3s\u00e1got"},"content":{"rendered":"<p data-alignment=\"left\" class=\"text-left\" data-block-key=\"4spoi\">Az elektromobilit\u00e1s ma m\u00e1r nem technikai kuri\u00f3zum, hanem az aut\u00f3ipar \u00e9s az energiaipar k\u00e9nyszer\u0171, de meg\u00e1ll\u00edthatatlan f\u00fazi\u00f3ja. Kormos P\u00e9ter szerint az \u00e1tbillen\u00e9s megt\u00f6rt\u00e9nt, a trendeket pedig a glob\u00e1lis energiapiaci v\u00e1ls\u00e1gok csak m\u00e9g tov\u00e1bb gyors\u00edtj\u00e1k, mik\u00f6zben a klasszikus benzinkutak rohamtemp\u00f3ban alakulnak \u00e1t komplex energiahubokk\u00e1.<\/p>\n<p>      A sz\u00e1mok nem hazudnak: A d\u00edzelnek le\u00e1ldozott<\/p>\n<p data-alignment=\"left\" class=\"text-left\" data-block-key=\"222gq\">A magyarorsz\u00e1gi flottaadatok \u00e9s az \u00e9rt\u00e9kes\u00edt\u00e9si statisztik\u00e1k egy\u00e9rtelm\u0171 ir\u00e1nyt mutatnak. A z\u00f6ld rendsz\u00e1mos \u00e1llom\u00e1ny <a href=\"https:\/\/www.economx.hu\/gazdasag\/2026\/05\/19\/feledy-botond-kinaiak-auto-autoipar-automotive-summit\/\" target=\"_blank\" rel=\" noopener noreferrer nofollow\">n\u00f6veked\u00e9se<\/a> az elm\u00falt \u00e9vekben robban\u00e1sszer\u0171 volt, a legfrissebb piaci adatok szerint pedig a trend visszaford\u00edthatatlan:<\/p>\n<p>      115 000 tiszt\u00e1n elektromos j\u00e1rm\u0171 fut m\u00e1r a hazai utakon (ebb\u0151l mintegy 106 000 a szem\u00e9lyaut\u00f3). ez a sz\u00e1m 2020 \u00f3ta egy elk\u00e9peszt\u0151, 12\u201314-szeres \u00e1llom\u00e1nyn\u00f6veked\u00e9st jelent.Az \u00faj szem\u00e9lyaut\u00f3-elad\u00e1sok \u201evirtu\u00e1lis tort\u00e1j\u00e1b\u00f3l\u201d a tiszt\u00e1n elektromos meghajt\u00e1s m\u00e1r 10 sz\u00e1zal\u00e9k k\u00f6r\u00fcli szeletet has\u00edt ki.A hagyom\u00e1nyos hajt\u00e1sl\u00e1ncok k\u00f6z\u00fcl a benzin tartja a stabil 20 sz\u00e1zal\u00e9k\u00e1t, mik\u00f6zben a d\u00edzel l\u00e1tv\u00e1nyosan bezuhant a 10 sz\u00e1zal\u00e9kos l\u00e9lektani hat\u00e1r al\u00e1.A piacot jelenleg a k\u00fcl\u00f6nb\u00f6z\u0151 hibrid megold\u00e1sok domin\u00e1lj\u00e1k.<\/p>\n<p>\n          Az elektromos hajt\u00e1s mostanra legy\u0151zte a d\u00edzelt. Mire a k\u00e9tesztend\u0151s kisl\u00e1nyom jogos\u00edtv\u00e1nyt szerez, m\u00e1r egy teljesen m\u00e1s aut\u00f3parkkal fogunk tal\u00e1lkozni a hazai utakon\n        <\/p>\n<p data-alignment=\"left\" class=\"text-left\" data-block-key=\"4spoi\">\u2013 mutatott r\u00e1 Kormos P\u00e9ter.<\/p>\n<p>      \u00d6sszeolvad az aut\u00f3- \u00e9s az energiaipar<\/p>\n<p data-alignment=\"left\" class=\"text-left\" data-block-key=\"b5b0u\">Az elektromobilit\u00e1s siker\u00e9t glob\u00e1lisan azok az orsz\u00e1gok pl. Norv\u00e9gia \u00e9s azok a m\u00e1rk\u00e1k pl. Tesla a Superchargerrel, vagy a Nio az akkucsere-h\u00e1l\u00f3zat\u00e1val tudt\u00e1k maximaliz\u00e1lni, amelyek az aut\u00f3gy\u00e1rt\u00e1ssal p\u00e1rhuzamosan az energetikai infrastrukt\u00far\u00e1t is ki\u00e9p\u00edtett\u00e9k.<\/p>\n<p data-alignment=\"left\" class=\"text-left\" data-block-key=\"b15do\">Magyarorsz\u00e1gon az MVM a teljes \u00e9rt\u00e9kl\u00e1ncot lefedi a villamosenergia-termel\u00e9st\u0151l a h\u00e1l\u00f3zatir\u00e1ny\u00edt\u00e1son \u00e1t a lakoss\u00e1gi napelemekig \u00e9s t\u00f6lt\u0151kig. Ez a szinergia az\u00e9rt kulcsfontoss\u00e1g\u00fa, mert a fogyaszt\u00f3k egyre tudatosabbak: a h\u00e1ztart\u00e1sok ma m\u00e1r rendszerszinten k\u00f6tik \u00f6ssze a tet\u0151re szerelt napelemet, az otthoni energiat\u00e1rol\u00f3t \u00e9s a gar\u00e1zsban \u00e1ll\u00f3 <a href=\"https:\/\/www.economx.hu\/auto\/2026\/05\/20\/byd-automotive-summit-autogyartas-kinai-autogyarto-maria-grazia-davino\/\" target=\"_blank\" rel=\" noopener noreferrer nofollow\">villanyaut\u00f3t<\/a>.<\/p>\n<p data-alignment=\"left\" class=\"text-left\" data-block-key=\"em67g\">A publikus infrastrukt\u00fara is dinamikusan n\u0151tt: a 2025 v\u00e9gi adatok szerint Magyarorsz\u00e1gon m\u00e1r t\u00f6bb mint 4200 t\u00f6lt\u0151\u00e1llom\u00e1s \u00fczemel, \u00f6sszesen 7500 csatlakoz\u00f3val.<\/p>\n<p data-alignment=\"left\" class=\"text-left\" data-block-key=\"4spoi\">Kormos szerint ma m\u00e1r nem az a k\u00e9rd\u00e9s, hogy h\u00e1ny darab t\u00f6lt\u0151 van, hanem az, hogy hol, mekkora teljes\u00edtm\u00e9nnyel (AC vs. DC ultragyors t\u00f6lt\u0151k) \u00e9s milyen megb\u00edzhat\u00f3s\u00e1ggal \u00e1llnak az <a href=\"https:\/\/www.economx.hu\/gazdasag\/2026\/05\/20\/belso-egesu-motor-zoldebb-uzemanyag-mol-zsoter-csaba\/\" target=\"_blank\" rel=\" noopener noreferrer nofollow\">aut\u00f3sok<\/a> rendelkez\u00e9s\u00e9re.<\/p>\n<p>      Sz\u0171k a keresztmetszet: 2\u20134 \u00e9v egyetlen csatlakoz\u00e1s\u00e9rt<\/p>\n<p data-alignment=\"left\" class=\"text-left\" data-block-key=\"7le7\">Az ipar\u00e1g legnagyobb, jelenleg is \u00e9get\u0151 kih\u00edv\u00e1sa nem a fizikai t\u00f6lt\u0151oszlopok legy\u00e1rt\u00e1sa vagy helysz\u00ednre sz\u00e1ll\u00edt\u00e1sa, hanem a m\u00f6g\u00f6tt\u00fck \u00e1ll\u00f3 villamosenergia-h\u00e1l\u00f3zat fejleszt\u00e9si ideje.<\/p>\n<p>\n          Nem az a m\u0171v\u00e9szet, hogy a t\u00f6lt\u0151t odategy\u00fck a helysz\u00ednre. A sz\u0171k keresztmetszet a h\u00e1l\u00f3zati csatlakoz\u00e1s meg\u00e9rkez\u00e9se. Egy-egy nagy teljes\u00edtm\u00e9ny\u0171, \u00faj DC t\u00f6lt\u0151\u00e1llom\u00e1s megval\u00f3s\u00edt\u00e1sa az ig\u00e9ny bejelent\u00e9s\u00e9t\u0151l a kulcsrak\u00e9sz \u00e1tad\u00e1sig ma 2, 3, de ak\u00e1r 4 \u00e9vig is eltarthat\n        <\/p>\n<p data-alignment=\"left\" class=\"text-left\" data-block-key=\"4spoi\">\u2013 v\u00e1zolta a realit\u00e1sokat az \u00fcgyvezet\u0151.<\/p>\n<p data-alignment=\"left\" class=\"text-left\" data-block-key=\"4spoi\">Ez a b\u00fcrokratikus \u00e9s infrastruktur\u00e1lis \u00e1tfut\u00e1si id\u0151 komolyan lass\u00edtja a hazai telep\u00edt\u00e9sek temp\u00f3j\u00e1t, j\u00f3llehet a h\u00e1tt\u00e9rben foly\u00f3 h\u00e1l\u00f3zatfejleszt\u00e9sek m\u00e1r a j\u00f6v\u0151 kapacit\u00e1sig\u00e9nyeinek \u00e1gyaznak meg.<\/p>\n<p>      L\u00e1thatatlann\u00e1 tenni a t\u00f6lt\u00e9st<\/p>\n<p data-alignment=\"left\" class=\"text-left\" data-block-key=\"8g7jm\">A piacnak a sz\u0171k, technol\u00f3gia-rajong\u00f3 pr\u00e9mium szegmensb\u0151l val\u00f3 kit\u00f6r\u00e9s\u00e9hez \u00e9s a val\u00f3di t\u00f6megpiacc\u00e1 v\u00e1l\u00e1shoz elengedhetetlen az \u00fcgyf\u00e9lbizalom meger\u0151s\u00edt\u00e9se. Ehhez s\u0171r\u0171 h\u00e1l\u00f3zat, stabil hazai \u00e9s nemzetk\u00f6zi roaming (\u00e1tj\u00e1rhat\u00f3s\u00e1g a szolg\u00e1ltat\u00f3k k\u00f6z\u00f6tt \u2013 a szerk.) \u00e9s egyszer\u0171 fizet\u00e9si megold\u00e1sok kellenek. Kormos P\u00e9ter hangs\u00falyozta, hogy ebben a versenyt\u00e1rsak fejleszt\u00e9seire is sz\u00fcks\u00e9g van, hiszen a piaci verseny neveli ki a fogyaszt\u00f3i bizalmat.<\/p>\n<p data-alignment=\"left\" class=\"text-left\" data-block-key=\"bqh5c\">\u201eA Mobility-n\u00e9l azon dolgozunk, hogy a villanyaut\u00f3 t\u00f6lt\u00e9se ne egy k\u00fcl\u00f6n, el\u0151re megtervezend\u0151, stresszes program legyen, hanem a mindennapi k\u00f6zleked\u00e9s \u00e9s \u00e9letvitel \u00e9szrev\u00e9tlen, term\u00e9szetes r\u00e9sze\u201d \u2013 z\u00e1rta el\u0151ad\u00e1s\u00e1t az MVM Mobiliti vezet\u0151je.<\/p>\n","protected":false},"excerpt":{"rendered":"Az elektromobilit\u00e1s ma m\u00e1r nem technikai kuri\u00f3zum, hanem az aut\u00f3ipar \u00e9s az energiaipar k\u00e9nyszer\u0171, de meg\u00e1ll\u00edthatatlan f\u00fazi\u00f3ja. Kormos&hellip;\n","protected":false},"author":2,"featured_media":112412,"comment_status":"","ping_status":"","sticky":false,"template":"","format":"standard","meta":{"footnotes":"","_share_on_mastodon":"0"},"categories":[6],"tags":[33521,2158,15168,26968,44,42,40,43,41,36677],"class_list":["post-112411","post","type-post","status-publish","format-standard","has-post-thumbnail","category-magyarorszag","tag-automotive_summit","tag-elektromobilitas","tag-elektromos_auto","tag-elektromos_autok","tag-hu","tag-hungarian","tag-hungary","tag-magyar","tag-magyarorszag","tag-mvm_zrt"],"share_on_mastodon":{"url":"https:\/\/pubeurope.com\/@hu\/116631676014162595","error":""},"_links":{"self":[{"href":"https:\/\/www.europesays.com\/hu\/wp-json\/wp\/v2\/posts\/112411","targetHints":{"allow":["GET"]}}],"collection":[{"href":"https:\/\/www.europesays.com\/hu\/wp-json\/wp\/v2\/posts"}],"about":[{"href":"https:\/\/www.europesays.com\/hu\/wp-json\/wp\/v2\/types\/post"}],"author":[{"embeddable":true,"href":"https:\/\/www.europesays.com\/hu\/wp-json\/wp\/v2\/users\/2"}],"replies":[{"embeddable":true,"href":"https:\/\/www.europesays.com\/hu\/wp-json\/wp\/v2\/comments?post=112411"}],"version-history":[{"count":0,"href":"https:\/\/www.europesays.com\/hu\/wp-json\/wp\/v2\/posts\/112411\/revisions"}],"wp:featuredmedia":[{"embeddable":true,"href":"https:\/\/www.europesays.com\/hu\/wp-json\/wp\/v2\/media\/112412"}],"wp:attachment":[{"href":"https:\/\/www.europesays.com\/hu\/wp-json\/wp\/v2\/media?parent=112411"}],"wp:term":[{"taxonomy":"category","embeddable":true,"href":"https:\/\/www.europesays.com\/hu\/wp-json\/wp\/v2\/categories?post=112411"},{"taxonomy":"post_tag","embeddable":true,"href":"https:\/\/www.europesays.com\/hu\/wp-json\/wp\/v2\/tags?post=112411"}],"curies":[{"name":"wp","href":"https:\/\/api.w.org\/{rel}","templated":true}]}}