{"id":112677,"date":"2026-05-25T07:52:14","date_gmt":"2026-05-25T07:52:14","guid":{"rendered":"https:\/\/www.europesays.com\/hu\/112677\/"},"modified":"2026-05-25T07:52:14","modified_gmt":"2026-05-25T07:52:14","slug":"az-egri-csillagok-bornemissza-gergoje-es-felesege-alompar-a-sztarvilagban-a-szineszno-megis-egyedul-utazott-kulfoldre-hazai-sztar","status":"publish","type":"post","link":"https:\/\/www.europesays.com\/hu\/112677\/","title":{"rendered":"Az Egri csillagok Bornemissza Gerg\u0151je \u00e9s feles\u00e9ge \u00e1lomp\u00e1r a szt\u00e1rvil\u00e1gban: a sz\u00edn\u00e9szn\u0151 m\u00e9gis egyed\u00fcl utazott k\u00fclf\u00f6ldre &#8211; Hazai szt\u00e1r"},"content":{"rendered":"<p>Sajg\u00e1l Erika \u00e9s f\u00e9rje, az Egri csillagok c\u00edm\u0171 filmben Bornemissza Gergely szerep\u00e9t j\u00e1tsz\u00f3\u00a0 Kov\u00e1cs Istv\u00e1n, \u00e9vtizedek \u00f3ta elv\u00e1laszthatatlanok, \u00e9s gyakorlatilag mindent egy\u00fctt csin\u00e1lnak. \u00c9ppen ez\u00e9rt lehetett meglep\u0151 sokak sz\u00e1m\u00e1ra, hogy a sz\u00edn\u00e9szn\u0151 megszak\u00edtotta ezt a hossz\u00fa hagyom\u00e1nyt \u00e9s a f\u00e9rje n\u00e9lk\u00fcl v\u00e1gott neki egy t\u00e1voli, \u00e1zsiai utaz\u00e1snak.<\/p>\n<p>                        Sajg\u00e1 Erika egyed\u00fcl utazott Vietn\u00e1mba<\/p>\n<p>A h\u00e1zasp\u00e1r m\u00e1r nagyon r\u00e9g\u00f3ta \u00e1lmodozott arr\u00f3l, hogy <a href=\"http:\/\/femina.hu\/hazai_sztar\/kovacs-istvan-sajgal-erika-dubaj\/\" id=\"hyperlink_629bb4ce5fc581062c4b954d154b320b\" target=\"_blank\" title=\"Kov\u00e1cs Istv\u00e1n \u00e9s Sajg\u00e1l Erika \u00e1lomp\u00e1r a nyaral\u00f3s fot\u00f3n: 25 \u00e9ve \u00e9lnek boldog h\u00e1zass\u00e1gban\" rel=\"nofollow noopener\">k\u00f6z\u00f6sen eljutnak Vietn\u00e1mba<\/a>, de az \u00e9let \u00e9s a sz\u00edn\u00e9sz s\u0171r\u0171 id\u0151beoszt\u00e1sa v\u00e9g\u00fcl k\u00f6zbesz\u00f3lt. Kov\u00e1cs Istv\u00e1n ugyanis egy k\u00f6zelg\u0151 sz\u00ednh\u00e1zi premier miatt nem tudott hosszabb id\u0151re elszakadni a munk\u00e1j\u00e1t\u00f3l.\u00a0<\/p>\n<p>A sz\u00edn\u00e9sz azonban nem akarta visszatartani a feles\u00e9g\u00e9t att\u00f3l, hogy val\u00f3ra v\u00e1ltsa az \u00e1lm\u00e1t.\u00a0<\/p>\n<p><a href=\"https:\/\/story.hu\/napi-friss\/2026\/05\/20\/kovacs-istvan-felesege-egyedul-hagyta-el-az-orszagot\/c7jndkx\" id=\"hyperlink_eaed891eee640768cb09859fbeaddab0\" rel=\"nofollow noopener\" target=\"_blank\">A story magazin meg\u00edrta<\/a>:\u00a0a f\u00e9rje egyb\u0151l arra biztatta Sajg\u00e1l Erik\u00e1t, hogy utazzon el \u00e9s \u00e9rezze j\u00f3l mag\u00e1t.\u00a0<\/p>\n<p>&#8211; Az els\u0151 pillanatt\u00f3l kezdve, amikor Vietn\u00e1m sz\u00f3ba ker\u00fclt, azt mondta, \u2019figyelj, \u00e9n nem tudok elmenni, sz\u00ednh\u00e1zi premierre k\u00e9sz\u00fcl\u00f6k, de te menj, \u00e9rezd j\u00f3l magad\u2019 \u2013 eml\u00e9kezett vissza a sz\u00edn\u00e9szn\u0151.<\/p>\n<p>Sajg\u00e1l Erika azt mondta, m\u00e9lyen meg\u00e9rintette a f\u00e9rje t\u00e1mogat\u00e1sa, legink\u00e1bb az\u00e9rt, mert az elm\u00falt \u00e9vtizedekben soha nem utaztak egym\u00e1s n\u00e9lk\u00fcl. Ahogy fogalmazott, a legszebb pillanat tal\u00e1n az els\u0151 telefonh\u00edv\u00e1s volt, amikor a meg\u00e9rkez\u00e9se ut\u00e1n felh\u00edvta a f\u00e9rj\u00e9t, \u0151 pedig elmondhatatlanul boldog volt, hogy a feles\u00e9ge j\u00f3l.<\/p>\n<p>A sz\u00edn\u00e9szn\u0151 szerint az \u00fat v\u00e9g\u00fcl nem csak kikapcsol\u00f3d\u00e1s volt a sz\u00e1m\u00e1ra, hanem lelkileg is sokat adott neki.\u00a0<\/p>\n<p>&#8211; Az \u00fat v\u00e9g\u00e9re nemcsak \u00e9lm\u00e9nyekkel t\u00e9rtem haza, hanem valami m\u00e1ssal is: egy r\u00e9gi \u00e9rz\u00e9ssel, amelyr\u0151l m\u00e1r azt hittem, \u00f6r\u00f6kre elveszett. Saj\u00e1t magam aj\u00e1nd\u00e9ka lettem magamnak \u2013 mes\u00e9lte.\u00a0<\/p>\n<p>                            <img decoding=\"async\" id=\"kep_szerkfoto_image_69541199\" src=\"https:\/\/www.europesays.com\/hu\/wp-content\/uploads\/2026\/05\/69541199_5131695_352eabffaaf1ce517926c1c972041f80_wm.jpg\" loading=\"lazy\" alt=\"Fot\u00f3: Facebook\/Sajg\u00e1l Erika\" data-image_width=\"840\" data-image_height=\"840\" width=\"840\" height=\"840\"\/><\/p>\n<p>Fot\u00f3: Facebook\/Sajg\u00e1l Erika<\/p>\n<p><a href=\"http:\/\/femina.hu\/hazai_sztar\/egri-csillagok-kovacs-istvan-hazassaga\/\" id=\"hyperlink_8fdb41dfd5e2e49f785739a82061f3db\" target=\"_blank\" title=\"Az Egri csillagok szt\u00e1rja volt: a 81 \u00e9ves Kov\u00e1cs Istv\u00e1n \u00e9s 20 \u00e9vvel fiatalabb feles\u00e9ge ma is \u00e1lomh\u00e1zass\u00e1gban \u00e9l\" rel=\"nofollow noopener\">A k\u00e9t sz\u00edn\u00e9sz 26 \u00e9ve \u00e9l boldog h\u00e1zass\u00e1gban<\/a>, a k\u00f6zt\u00fck l\u00e9v\u0151 20 \u00e9v kork\u00fcl\u00f6nbs\u00e9g pedig sosem jelentett akad\u00e1lyt. S\u0151t, Sajg\u00e1l Erika \u00e9let\u00e9t egy t\u00fcnd\u00e9rmes\u00e9hez is hasonl\u00edthatn\u00e1nk, ugyanis elnyerte a f\u00e9rfi szerelm\u00e9t, aki\u00e9rt m\u00e1r tinil\u00e1nyk\u00e9nt is rajongott.<\/p>\n<p>                                    <a href=\"https:\/\/femina.hu\/hazai_sztar\/pataki-agi-eskuvoi-foto\/\" title=\"\" rel=\"nofollow noopener\" target=\"_blank\"><br \/>\n                                    <img decoding=\"async\" src=\"https:\/\/www.europesays.com\/hu\/wp-content\/uploads\/2026\/05\/42016286_3207270_b44afde3a7fafac4d5b028cc8a83757c_wm.jpg\" alt=\"\" title=\"\"\/><br \/>\n                                <\/a><\/p>\n<p>                                Pataki \u00c1gi \u00e9s f\u00e9rje 30 \u00e9ves h\u00e1zasok: esk\u00fcv\u0151i fot\u00f3juk elt\u00e9r a hagyom\u00e1nyost\u00f3l<\/p>\n<p class=\"lead\">Pataki \u00c1gi \u00e9s f\u00e9rje, Kov\u00e1cs G\u00e1bor harminc \u00e9ve mondt\u00e1k ki az igent, m\u00e1r sz\u00fcl\u0151k voltak, amikor olt\u00e1r el\u00e9 \u00e1lltak.<\/p>\n<p>                                <a href=\"https:\/\/femina.hu\/hazai_sztar\/pataki-agi-eskuvoi-foto\/\" class=\"btn btn-normal\" rel=\"nofollow noopener\" target=\"_blank\">Elolvasom<\/a><\/p>\n<p>Cover-fot\u00f3:\u00a0MTI\/So\u00f3s Lajos, RTL\/Keresztanyu<\/p>\n<p>                                    <img loading=\"lazy\" decoding=\"async\" src=\"https:\/\/www.europesays.com\/hu\/wp-content\/uploads\/2026\/05\/1779695534_955_68204953_20bb222a049bca551bfa29b6ef389012_wm.jpg\" width=\"200\" height=\"290\" alt=\"\"\/><br \/>\n                            \t    \tA benn\u00fcnk \u00e9l\u0151 n\u0151k &#8211; Hol az egyens\u00faly a megfelel\u00e9s \u00e9s az \u00f6nazonoss\u00e1g k\u00f6z\u00f6tt?<\/p>\n<p>A 21. sz\u00e1zadi n\u0151 minden szerepben helyt \u00e1ll: dolgozik, \u00e9desanya, t\u00e1rs, bar\u00e1t, gondoskod\u00f3, \u00e9s k\u00f6zben pr\u00f3b\u00e1l \u00f6nmaga is maradni. Hogyan lehet lav\u00edrozni a rohan\u00f3 mindennapok, a teljes\u00edtm\u00e9nyk\u00e9nyszer \u00e9s a saj\u00e1t lelki b\u00e9k\u00e9nk k\u00f6z\u00f6tt? Hogyan tal\u00e1ljuk meg az egyens\u00falyt szerepeink k\u00f6z\u00f6tt?\u00a0Er\u0151s Ant\u00f3nia \u00e9s Pokorny Lia besz\u00e9lgetnek j\u00fanius 1-j\u00e9n a MOMkultban arr\u00f3l, mit jelent ma n\u0151nek lenni: hogyan lehet egyszerre helyt \u00e1llni a munka, a csal\u00e1d \u00e9s a saj\u00e1t v\u00e1gyak vil\u00e1g\u00e1ban, mik\u00f6zben meg\u0151rizz\u00fck \u00f6nmagunkat, bels\u0151 er\u0151nket \u00e9s harm\u00f3ni\u00e1nkat.\u00a0<\/p>\n<p><a href=\"https:\/\/indaevents.hu\/\/e\/erosantonia-pokornylia\" rel=\"nofollow noopener\" target=\"_blank\">Biztos\u00edtsd be a helyed most!<\/a><\/p>\n<p class=\"promocio\">Prom\u00f3ci\u00f3<\/p>\n","protected":false},"excerpt":{"rendered":"Sajg\u00e1l Erika \u00e9s f\u00e9rje, az Egri csillagok c\u00edm\u0171 filmben Bornemissza Gergely szerep\u00e9t j\u00e1tsz\u00f3\u00a0 Kov\u00e1cs Istv\u00e1n, \u00e9vtizedek \u00f3ta elv\u00e1laszthatatlanok,&hellip;\n","protected":false},"author":2,"featured_media":112678,"comment_status":"","ping_status":"","sticky":false,"template":"","format":"standard","meta":{"footnotes":"","_share_on_mastodon":"0"},"categories":[16],"tags":[36748,137,206,44,42,40,6494,43,41,21809,138,674,1980],"class_list":["post-112677","post","type-post","status-publish","format-standard","has-post-thumbnail","category-szorakozas","tag-egyedul","tag-entertainment","tag-hazai-sztar","tag-hu","tag-hungarian","tag-hungary","tag-kovacs-istvan","tag-magyar","tag-magyarorszag","tag-sajgal-erika","tag-szorakozas","tag-utazas","tag-vietnam"],"share_on_mastodon":{"url":"https:\/\/pubeurope.com\/@hu\/116634133938815221","error":""},"_links":{"self":[{"href":"https:\/\/www.europesays.com\/hu\/wp-json\/wp\/v2\/posts\/112677","targetHints":{"allow":["GET"]}}],"collection":[{"href":"https:\/\/www.europesays.com\/hu\/wp-json\/wp\/v2\/posts"}],"about":[{"href":"https:\/\/www.europesays.com\/hu\/wp-json\/wp\/v2\/types\/post"}],"author":[{"embeddable":true,"href":"https:\/\/www.europesays.com\/hu\/wp-json\/wp\/v2\/users\/2"}],"replies":[{"embeddable":true,"href":"https:\/\/www.europesays.com\/hu\/wp-json\/wp\/v2\/comments?post=112677"}],"version-history":[{"count":0,"href":"https:\/\/www.europesays.com\/hu\/wp-json\/wp\/v2\/posts\/112677\/revisions"}],"wp:featuredmedia":[{"embeddable":true,"href":"https:\/\/www.europesays.com\/hu\/wp-json\/wp\/v2\/media\/112678"}],"wp:attachment":[{"href":"https:\/\/www.europesays.com\/hu\/wp-json\/wp\/v2\/media?parent=112677"}],"wp:term":[{"taxonomy":"category","embeddable":true,"href":"https:\/\/www.europesays.com\/hu\/wp-json\/wp\/v2\/categories?post=112677"},{"taxonomy":"post_tag","embeddable":true,"href":"https:\/\/www.europesays.com\/hu\/wp-json\/wp\/v2\/tags?post=112677"}],"curies":[{"name":"wp","href":"https:\/\/api.w.org\/{rel}","templated":true}]}}