{"id":112844,"date":"2026-05-25T10:30:07","date_gmt":"2026-05-25T10:30:07","guid":{"rendered":"https:\/\/www.europesays.com\/hu\/112844\/"},"modified":"2026-05-25T10:30:07","modified_gmt":"2026-05-25T10:30:07","slug":"mar-egy-delutan-alatt-elsajatithato-a-hippik-sportja-zugloban-dontott-europa-kupa-csucsot-a-bohokas-szubkultura","status":"publish","type":"post","link":"https:\/\/www.europesays.com\/hu\/112844\/","title":{"rendered":"M\u00e1r egy d\u00e9lut\u00e1n alatt elsaj\u00e1t\u00edthat\u00f3 a hippik sportja \u2013 Zugl\u00f3ban d\u00f6nt\u00f6tt Eur\u00f3pa-kupa cs\u00facsot a boh\u00f3k\u00e1s szubkult\u00fara"},"content":{"rendered":"<p>K\u00f6zel harminc \u00e9vvel ezel\u0151tt ak\u00e1r sportt\u00f6rt\u00e9nelmi esem\u00e9ny sz\u00edntere is lehetett volna a szombathelyi \u2013 akkor m\u00e9g Berzsenyi D\u00e1niel Tan\u00e1rk\u00e9pz\u0151 F\u0151iskola \u2013 P\u00e1vel \u00c1goston Koll\u00e9gium\u00e1nak egyik szob\u00e1ja.<\/p>\n<p>G\u00e1bor bar\u00e1tom olyan sport\u0151r\u00fclt volt, hogy kital\u00e1lta, ak\u00e1r \u00fagy is versenyezhet\u00fcnk, ha ki sem mozdulunk a szob\u00e1b\u00f3l. Csup\u00e1n k\u00f6z\u00e9pen kifesz\u00edt\u00fcnk k\u00e9t polc k\u00f6z\u00e9 egy h\u00e1l\u00f3t 160\u2013170 centis magass\u00e1gban, sz\u00fcks\u00e9g volt egy labd\u00e1ra (sajnos, arra m\u00e1r nem eml\u00e9kszem, szivacs- vagy pingponglabd\u00e1t haszn\u00e1ltunk), \u00e9s indulhatott a Te-Fa-Pitty bajnoks\u00e1g. A tenisz, fallabda \u00e9s pingpong \u00f6tv\u00f6zete egy fa\u00e9k egyszer\u0171s\u00e9g\u0171 szab\u00e1lyrendszeren alapult: a labda mindent \u00e9rhet a falt\u00f3l a plafonon \u00e1t a polcokig, csak ne essen le. Ha m\u00e9gis, akkor az ellenf\u00e9lnek pont j\u00e1r. Nos, h\u00f3napokon \u00e1t \u00edgy izzadtuk magunkat romm\u00e1\u2026<\/p>\n<p>Hogy mi\u00e9rt jutott eszembe mindez egy h\u00e9tv\u00e9gi \u00e9lm\u00e9nyem ut\u00e1n? Mert ez\u00fattal is azt \u00e9reztem: ha van egy-k\u00e9t megsz\u00e1llott \u0151r\u00fclt, akkor nincs lehetetlen.<\/p>\n<p>Ez ak\u00e1r a sz\u00e1ll\u00f3ig\u00e9je is lehetett volna annak a sportt\u00f6rt\u00e9nelmi esem\u00e9nynek, amelyre Zugl\u00f3ban ker\u00fclt sor: m\u00e1jus k\u00f6zep\u00e9n Budapesten rendezt\u00e9k meg az ETS (European Tour Series) Roundnet Eur\u00f3pa Kup\u00e1t, amely a kontinens legjobb j\u00e1t\u00e9kosait \u00e9s csapatait vonzotta a magyar f\u0151v\u00e1rosba.<\/p>\n<p>\u00c9s az itthon nem t\u00fal ismert sport\u00e1g azonnal r\u00e9szv\u00e9teli cs\u00facsot d\u00f6nt\u00f6tt \u2013 b\u00e1r azt er\u0151s lenne mondani, hogy r\u00e1r\u00fagta az ajt\u00f3t a vil\u00e1gra, de tal\u00e1n beind\u00edtott egy mozgalmat, amelyr\u0151l \u00e9vekkel ezel\u0151tt m\u00e9g \u00e1lmodni sem mertek volna a szervez\u0151k.<\/p>\n<p><a id=\"galeria-1\" class=\"m-nextGallery _ce_measure_widget _ce_measure_link\" href=\"https:\/\/24.hu\/sport\/2026\/05\/25\/roundnet-spikeball-budapesti-europa-kupa-riport\/?gallery=1\/1\/9-1.jpg\" data-ce-measure-widget=\"gallery-open\" rel=\"nofollow noopener\" target=\"_blank\"><\/p>\n<p>\t\t<img loading=\"lazy\" decoding=\"async\" width=\"2000\" height=\"1333\" src=\"https:\/\/www.europesays.com\/hu\/wp-content\/uploads\/2026\/05\/1779705007_472_9-1.jpg\" class=\"m-nextGallery__featureImage wp-image-4703161\" alt=\"\"  \/>\t<\/p>\n<p><\/a><\/p>\n<p>C\u00e9l a Vil\u00e1gj\u00e1t\u00e9kok<\/p>\n<p>A szervez\u0151k enn\u00e9l jobb id\u0151t nem is k\u00edv\u00e1nhattak volna, 22\u201325 fok, szikr\u00e1z\u00f3 naps\u00fct\u00e9s fogadta a versenyz\u0151ket az MTK Lantos Mih\u00e1ly Sportk\u00f6zpontj\u00e1ban. A h\u00e1rom futballp\u00e1ly\u00e1n 87 helyen (!) zajlottak a selejtez\u0151k, pacsiz\u00e1sok, \u00f6lel\u00e9sek, buzd\u00edt\u00f3 bekiab\u00e1l\u00e1sok mellett a lelkes vet\u0151d\u00e9sek \u00e9s \u00f6r\u00f6mujjong\u00e1sok vert\u00e9k fel a k\u00f6rny\u00e9k csendj\u00e9t.<\/p>\n<p>Amat\u0151r szeml\u00e9l\u0151k\u00e9nt alig t\u00edz perc el\u00e9g volt a szab\u00e1lyok \u00e1tl\u00e1t\u00e1s\u00e1hoz, ami szokatlannak t\u0171nt, hogy j\u00e1t\u00e9kvezet\u0151k nincsenek. De ez senkit sem zavart.<\/p>\n<p>\u201eA szab\u00e1lyok els\u0151sorban a r\u00f6plabd\u00e1ra hasonl\u00edtanak, ugyan\u00fagy h\u00e1romszor lehet hozz\u00e1\u00e9rni a labd\u00e1hoz, ugyan\u00fagy nem \u00e9rhet bele egy j\u00e1t\u00e9kos k\u00e9tszer egym\u00e1s ut\u00e1n, a pontsz\u00e1mol\u00e1s is hasonl\u00f3. J\u00e1t\u00e9kvezet\u0151 nincsen, abszol\u00fat bemond\u00e1sos alapon megy minden, ha esetleg nem tudnak megegyezni, akkor \u00fajraj\u00e1tssz\u00e1k a pontot. De nagy veszeked\u00e9sre vagy vit\u00e1ra nem eml\u00e9kszem\u201d \u2013 mes\u00e9lte a 24.hu \u00e9rdekl\u0151d\u00e9s\u00e9re Kolozsi Patrik, a Magyar Roundnet Sz\u00f6vets\u00e9g eln\u00f6ke.<\/p>\n<p>El\u00e1rulta: az eur\u00f3pai sz\u00f6vets\u00e9g elk\u00f6telezett a b\u00edr\u00f3mentess\u00e9g mellett, \u00e9ppen a j\u00e1t\u00e9k szabad jelleg\u00e9nek meg\u0151rz\u00e9se \u00e9rdek\u00e9ben.<\/p>\n<p>Persze, ha egyszer eljutna az olimpi\u00e1ra, akkor ott musz\u00e1j lenne j\u00e1t\u00e9kvezet\u0151ket is alkalmazni. A f\u0151 c\u00e9l most egy\u00e9bk\u00e9nt az, hogy a Vil\u00e1gj\u00e1t\u00e9kokra (World Games) beker\u00fclj\u00fcnk, szerintem ott b\u0151ven elf\u00e9rn\u00e9nk. F\u0151leg, ha kicsit n\u00e9pszer\u0171bb lenne a sport\u00e1g.<\/p>\n<p>K\u00e9t \u00e9v alatt messzire jutottak<\/p>\n","protected":false},"excerpt":{"rendered":"K\u00f6zel harminc \u00e9vvel ezel\u0151tt ak\u00e1r sportt\u00f6rt\u00e9nelmi esem\u00e9ny sz\u00edntere is lehetett volna a szombathelyi \u2013 akkor m\u00e9g Berzsenyi D\u00e1niel&hellip;\n","protected":false},"author":2,"featured_media":112845,"comment_status":"","ping_status":"","sticky":false,"template":"","format":"standard","meta":{"footnotes":"","_share_on_mastodon":"0"},"categories":[3],"tags":[36807,107,106,105,42,43,8679,33970,33971,45],"class_list":["post-112844","post","type-post","status-publish","format-standard","has-post-thumbnail","category-europa","tag-ets-europa-kupa","tag-eu","tag-europa","tag-europe","tag-hungarian","tag-magyar","tag-riport","tag-roundnet","tag-spikeball","tag-sport"],"share_on_mastodon":{"url":"https:\/\/pubeurope.com\/@hu\/116634755291973278","error":""},"_links":{"self":[{"href":"https:\/\/www.europesays.com\/hu\/wp-json\/wp\/v2\/posts\/112844","targetHints":{"allow":["GET"]}}],"collection":[{"href":"https:\/\/www.europesays.com\/hu\/wp-json\/wp\/v2\/posts"}],"about":[{"href":"https:\/\/www.europesays.com\/hu\/wp-json\/wp\/v2\/types\/post"}],"author":[{"embeddable":true,"href":"https:\/\/www.europesays.com\/hu\/wp-json\/wp\/v2\/users\/2"}],"replies":[{"embeddable":true,"href":"https:\/\/www.europesays.com\/hu\/wp-json\/wp\/v2\/comments?post=112844"}],"version-history":[{"count":0,"href":"https:\/\/www.europesays.com\/hu\/wp-json\/wp\/v2\/posts\/112844\/revisions"}],"wp:featuredmedia":[{"embeddable":true,"href":"https:\/\/www.europesays.com\/hu\/wp-json\/wp\/v2\/media\/112845"}],"wp:attachment":[{"href":"https:\/\/www.europesays.com\/hu\/wp-json\/wp\/v2\/media?parent=112844"}],"wp:term":[{"taxonomy":"category","embeddable":true,"href":"https:\/\/www.europesays.com\/hu\/wp-json\/wp\/v2\/categories?post=112844"},{"taxonomy":"post_tag","embeddable":true,"href":"https:\/\/www.europesays.com\/hu\/wp-json\/wp\/v2\/tags?post=112844"}],"curies":[{"name":"wp","href":"https:\/\/api.w.org\/{rel}","templated":true}]}}