{"id":113551,"date":"2026-05-26T04:33:14","date_gmt":"2026-05-26T04:33:14","guid":{"rendered":"https:\/\/www.europesays.com\/hu\/113551\/"},"modified":"2026-05-26T04:33:14","modified_gmt":"2026-05-26T04:33:14","slug":"6-hollywoodi-sztar-akik-keson-lettek-sikeresek-nok-lapja","status":"publish","type":"post","link":"https:\/\/www.europesays.com\/hu\/113551\/","title":{"rendered":"6 hollywoodi szt\u00e1r, akik k\u00e9s\u0151n lettek sikeresek- N\u0151k Lapja"},"content":{"rendered":"<p>\n\t\t\t\t\t\t\t\t\tHajlamosak vagyunk \u00fagy gondolni, hogy aki nem fut be id\u0151ben, az lemarad. A k\u00f6vetkez\u0151 t\u00f6rt\u00e9netek viszont ennek az ellenkez\u0151j\u00e9t bizony\u00edtj\u00e1k: a siker n\u00e9ha \u00e9pp akkor \u00e9rkezik, amikor m\u00e1r majdnem feladn\u00e1nk.\t\t\t\t\t\t\t\t<\/p>\n<p>Ma eg\u00e9szen m\u00e1sk\u00e9pp viszonyulunk az \u00e9letutakhoz, mint ak\u00e1r <a href=\"https:\/\/www.noklapja.hu\/hetilap\/2026\/03\/28\/90-es-evek-udvoskei-sztarok\/\" target=\"_blank\" rel=\"noopener nofollow\">egy-k\u00e9t gener\u00e1ci\u00f3val kor\u00e1bban<\/a>. A klasszikus modell (azaz tanul\u00e1s, majd karrierind\u00edt\u00e1s, harminc el\u0151tt m\u00e1r stabil siker) ma m\u00e1r egyre kev\u00e9sb\u00e9 \u00e9rv\u00e9nyes. Az \u00e9letp\u00e1ly\u00e1k \u00e9s karrierek t\u00f6redezettek, az id\u0151z\u00edt\u00e9s kitol\u00f3dott, az \u00fajrakezd\u00e9s pedig h\u00e9tk\u00f6znapi lett.<\/p>\n<p>B\u00e1r gyakran l\u00e1tni fiatal \u00fcst\u00f6k\u00f6s\u00f6ket, sok esetben \u00e9pp az \u00e9vtizedek alatt felhalmozott tapasztalat \u00e9s kitart\u00e1s hozza meg azt a hiteless\u00e9get, amely v\u00e9g\u00fcl \u00e1tt\u00f6r\u00e9st eredm\u00e9nyez. K\u00fcl\u00f6n\u00f6sen igaz ez a filmes szakm\u00e1ban, ahol az \u00e9letkor el\u0151rehaladt\u00e1val egyre jellegzetesebb lesz egy-egy sz\u00edn\u00e9sz karakter Az al\u00e1bbi t\u00f6rt\u00e9netek azt bizony\u00edtj\u00e1k: nem \u00e9rdemes m\u00e1sokhoz m\u00e9rni a saj\u00e1t temp\u00f3nkat. Mert <a href=\"https:\/\/www.noklapja.hu\/egeszseg\/2026\/02\/24\/szaraz-eloleptetes\/\" target=\"_blank\" rel=\"noopener nofollow\">a val\u00f3di karriercs\u00facsok<\/a> gyakran negyven felett \u00e9rkeznek.<\/p>\n<p>1, Samuel L. Jackson<br \/>\n<img title=\"57th NAACP Image Awards - Show - N\u0151k Lapja\" loading=\"lazy\" decoding=\"async\" aria-describedby=\"caption-attachment-412458\" class=\"wp-image-412458 size-noklapja-960\" src=\"https:\/\/www.europesays.com\/hu\/wp-content\/uploads\/2026\/05\/GettyImages-2264123196-960x649.jpg\" alt=\"sztarok-kesoi-siker\" width=\"960\" height=\"649\"  \/><\/p>\n<p id=\"caption-attachment-412458\" class=\"wp-caption-text\">Samuel L. Jackson neve garancia a min\u0151s\u00e9gre (Fot\u00f3: Amy Sussman\/Getty Images)<\/p>\n<p>Samuel L. Jackson p\u00e1ly\u00e1ja klasszikus p\u00e9ld\u00e1ja annak, amikor a kem\u00e9ny munka hossz\u00fa ideig l\u00e1thatatlan marad, de egyszer csak be\u00e9rik a vet\u00e9s. A sz\u00edn\u00e9sz m\u00e1r a hetvenes-nyolcvanas \u00e9vekben is jelen volt a szakm\u00e1ban, de t\u00f6bbnyire kisebb, epiz\u00f3dszerepekben l\u00e1thatta csak a k\u00f6z\u00f6ns\u00e9g.\u00a0<\/p>\n<p>Az \u00e1tt\u00f6r\u00e9st v\u00e9g\u00fcl Quentin Tarantino Ponyvareg\u00e9ny (1994) c\u00edm\u0171 filmje hozta meg a sz\u00e1m\u00e1ra: ekkor Jackson m\u00e1r 45 \u00e9ves volt. <a href=\"https:\/\/www.noklapja.hu\/ajanlo\/2018\/01\/17\/nagyszeru-gengszterfilmek-a-klasszikustol-a-humorosig\/\" target=\"_blank\" rel=\"noopener nofollow\">Karaktere ikonikus lett<\/a>, Oscar-jel\u00f6l\u00e9st \u00e9rt neki, \u0151 pedig egyik napr\u00f3l a m\u00e1sikra A-list\u00e1s sz\u00edn\u00e9ssz\u00e9 v\u00e1lt.\u00a0<\/p>\n<p>2, Alan Rickman<br \/>\n<img title=\"A Little Chaos - Offical Screening 58th BFI London Film Festival - N\u0151k Lapja\" loading=\"lazy\" decoding=\"async\" aria-describedby=\"caption-attachment-412456\" class=\"wp-image-412456 size-noklapja-960\" src=\"https:\/\/www.europesays.com\/hu\/wp-content\/uploads\/2026\/05\/GettyImages-457385858-960x632.jpg\" alt=\"sztarok-kesoi-siker\" width=\"960\" height=\"632\"  \/><\/p>\n<p id=\"caption-attachment-412456\" class=\"wp-caption-text\">Alan Rickman zseni\u00e1lisan alak\u00edtott gonoszt (Fot\u00f3: Mike Marsland\/WireImage)<\/p>\n<p><a href=\"https:\/\/www.noklapja.hu\/aktualis\/2023\/12\/14\/alan-rickman-oroksege-halalaban-is-a-jo-ugyet-szolgalta\/\" target=\"_blank\" rel=\"noopener nofollow\">Alan Rickman<\/a> sok\u00e1ig a sz\u00ednh\u00e1zi vil\u00e1gban dolgozott, miel\u0151tt a filmipar felfedezte volna. A nagy filmes \u00e1tt\u00f6r\u00e9st a Die Hard \u2013 Dr\u00e1g\u00e1n add az \u00e9leted (1988) jelentette a sz\u00e1m\u00e1ra, amelyben a f\u0151gonoszt alak\u00edtotta, 42 \u00e9vesen.<\/p>\n<p>Ez a szerep nemcsak ismertt\u00e9 tette, de r\u00f6gt\u00f6n magas szintre is emelte, ugyanis az \u00e1ltala megform\u00e1lt Hans Gruber m\u00e1ig a filmt\u00f6rt\u00e9net egyik legismertebb antagonist\u00e1ja.<\/p>\n<p>3, Harrison Ford\u00a0<br \/>\n<img title=\"Morning Glory - UK Film Premiere - Outside Arrivals - N\u0151k Lapja\" loading=\"lazy\" decoding=\"async\" aria-describedby=\"caption-attachment-412455\" class=\"wp-image-412455 size-noklapja-960\" src=\"https:\/\/www.europesays.com\/hu\/wp-content\/uploads\/2026\/05\/GettyImages-107985635-960x639.jpg\" alt=\"sztarok-kesoi-siker\" width=\"960\" height=\"639\"  \/><\/p>\n<p id=\"caption-attachment-412455\" class=\"wp-caption-text\">Harrison Fordot nemcsak sz\u00edn\u00e9szk\u00e9nt, sz\u00edvtipr\u00f3k\u00e9nt is im\u00e1djuk (Fot\u00f3: Ian Gavan\/Getty Images)<\/p>\n<p>Harrison Ford t\u00f6rt\u00e9nete tal\u00e1n az egyik legismertebb, viszonylag k\u00e9s\u0151n kezdett hollywoodi \u00e9let\u00fat. P\u00e1ly\u00e1ja elej\u00e9n csak kisebb szerepeket kapott, \u00e9s annyira nem tudott meg\u00e9lni a sz\u00edn\u00e9szetb\u0151l, hogy asztalosk\u00e9nt dolgozott, hogy eltartsa a csal\u00e1dj\u00e1t.<\/p>\n<p>Kapcsol\u00f3d\u00f3: Vajon mindent tudsz <a href=\"https:\/\/www.noklapja.hu\/aktualis\/2022\/07\/13\/kviz-mennyit-tudsz-a-80-eves-harrison-fordrol\/\" target=\"_blank\" rel=\"noopener nofollow\">Harrison Fordr\u00f3l<\/a>?\u00a0<\/p>\n<p>A fordul\u00f3pontot a Star Wars (1977) hozta el, amely vil\u00e1gszt\u00e1rr\u00e1 tette Han Solo szerep\u00e9vel. A hossz\u00fa, bizonytalan id\u0151szak ut\u00e1n \u00e9rkez\u0151 \u00e1tt\u00f6r\u00e9st az Indiana Jones-filmek k\u00f6vett\u00e9k, amik azt\u00e1n v\u00e9gleg bebetonozt\u00e1k a hely\u00e9t Hollywood \u00e9lvonal\u00e1ban.<\/p>\n<p>4, Melissa McCarthy\u00a0<br \/>\n<img title=\"TCM Honors Glenn Close With Hand and Footprint Ceremony - N\u0151k Lapja\" loading=\"lazy\" decoding=\"async\" aria-describedby=\"caption-attachment-412457\" class=\"wp-image-412457 size-noklapja-960\" src=\"https:\/\/www.europesays.com\/hu\/wp-content\/uploads\/2026\/05\/GettyImages-2274042935-960x640.jpg\" alt=\"sztarok-kesoi-siker\" width=\"960\" height=\"640\"  \/><\/p>\n<p id=\"caption-attachment-412457\" class=\"wp-caption-text\">Melissa McCarthy az egyik legkeresetteb karaktersz\u00edn\u00e9szn\u0151 lett (Fot\u00f3: Kevin Winter\/Getty Images)<\/p>\n<p>Melissa McCarthy sok\u00e1ig a m\u00e1sodik vonalat er\u0151s\u00edtette, <a href=\"https:\/\/www.noklapja.hu\/hetilap\/2021\/07\/24\/nok-lapja-sztar-melissa-mccarthy-portre\/\" target=\"_blank\" rel=\"noopener nofollow\">f\u0151szerepet nemigen kapott<\/a>, sorozatokban, k\u00f6zt\u00fck a Sz\u00edvek sz\u00e1llod\u00e1j\u00e1ban t\u0171nt fel, de sz\u00e9les k\u00f6r\u0171 ismerts\u00e9gre csak j\u00f3val k\u00e9s\u0151bb tett szert.\u00a0 A fordul\u00f3pont a Koszor\u00fasl\u00e1nyok (2011) c\u00edm\u0171 film volt, ami ut\u00e1n \u2013 negyvenes \u00e9veiben \u2013 egyenesen berobbant a k\u00f6ztudatba.<\/p>\n<p>Ez nemcsak anyagi \u00e9rtelemben hozott sikert, hanem komoly szakmai elismer\u00e9st is: d\u00edjakat nyert, \u00e9s r\u00f6vid id\u0151 alatt Hollywood egyik legkeresettebb v\u00edgj\u00e1t\u00e9ksz\u00edn\u00e9szn\u0151je lett.<\/p>\n<p>5, Liam Neeson\u00a0<br \/>\n<img title=\"Late Night with Seth Meyers - Season 13 - N\u0151k Lapja\" loading=\"lazy\" decoding=\"async\" aria-describedby=\"caption-attachment-412454\" class=\"wp-image-412454 size-noklapja-960\" src=\"https:\/\/www.europesays.com\/hu\/wp-content\/uploads\/2026\/05\/GettyImages-2259268930-960x639.jpg\" alt=\"sztarok-kesoi-siker\" width=\"960\" height=\"639\"  \/><\/p>\n<p id=\"caption-attachment-412454\" class=\"wp-caption-text\">Liam Neeson neve \u00f6sszeforrt Oskar Schindlerrel (Fot\u00f3: Lloyd Bishop\/NBC via Getty Images)<\/p>\n<p>Liam Neeson p\u00e1ly\u00e1ja hossz\u00fa ideig els\u0151sorban sz\u00ednh\u00e1zi \u00e9s kisebb filmes szerepekb\u0151l \u00e1llt. B\u00e1r m\u00e1r a nyolcvanas \u00e9vekben felt\u0171nt k\u00fcl\u00f6nb\u00f6z\u0151 produkci\u00f3kban, ezek nem hozt\u00e1k meg az igazi \u00e1tt\u00f6r\u00e9st. A fordul\u00f3pontot Steven Spielberg Schindler list\u00e1ja (1993) c\u00edm\u0171 filmje jelentette, amelyben Oskar Schindlert alak\u00edtotta. A szerep\u00e9rt Oscar-d\u00edjra jel\u00f6lt\u00e9k, \u00e9s ez tette \u0151t nemzetk\u00f6zi szinten is ismert sz\u00edn\u00e9ssz\u00e9.<\/p>\n<p>Ekkor m\u00e1r negyvenes \u00e9veiben j\u00e1rt, \u00e9s a <a href=\"https:\/\/www.noklapja.hu\/hetilap\/2025\/07\/28\/csupasz-pisztoly-ujratoltve-aki-minden-is-volt-mar-liam-neeson\/\" target=\"_blank\" rel=\"noopener nofollow\">karrierje hirtelen \u00faj szintre l\u00e9pett<\/a>: egym\u00e1st k\u00f6vett\u00e9k a nagyobb, komplexebb f\u0151szerepek \u2013 t\u00f6rt\u00e9nelmi dr\u00e1m\u00e1k, majd k\u00e9s\u0151bb akci\u00f3filmek.<\/p>\n<p><img title=\"The Mandalorian And Grogu Los Angeles World Premiere - N\u0151k Lapja\" loading=\"lazy\" decoding=\"async\" aria-describedby=\"caption-attachment-412453\" class=\"wp-image-412453 size-noklapja-960\" src=\"https:\/\/www.europesays.com\/hu\/wp-content\/uploads\/2026\/05\/GettyImages-2276310322-960x640.jpg\" alt=\"sztarok-kesoi-siker\" width=\"960\" height=\"640\"  \/><\/p>\n<p id=\"caption-attachment-412453\" class=\"wp-caption-text\">Pedro Pascalt \u00e9rett sz\u00edn\u00e9szk\u00e9nt tal\u00e1lta meg a vil\u00e1gh\u00edr (Fot\u00f3: Matt Winkelmeyer\/Getty Images for Disney)<\/p>\n<p>6, Pedro Pascal<\/p>\n<p>Pedro Pascal ma <a href=\"https:\/\/www.noklapja.hu\/aktualis\/2025\/09\/01\/miert-szeretjuk-pedro-pascalt\/\" target=\"_blank\" rel=\"noopener nofollow\">az egyik legkeresettebb sorozatszt\u00e1r<\/a>, pedig p\u00e1ly\u00e1ja kifejezetten lassan \u00e9p\u00fclt fel. K\u00f6zel h\u00fasz \u00e9ven \u00e1t csak epiz\u00f3dszerepekben t\u0171nt fel \u2013 kisebb t\u00e9v\u00e9s munk\u00e1kban \u00e9s sz\u00ednh\u00e1zban \u2013, mik\u00f6zben p\u00e1rhuzamosan civil munk\u00e1kb\u00f3l tartotta fenn mag\u00e1t. Az \u00e1tt\u00f6r\u00e9st a Tr\u00f3nok harca (2014) hozta meg, ahol Oberyn Martell szerep\u00e9ben hirtelen reflektorf\u00e9nybe ker\u00fclt.<\/p>\n<p>Ekkor m\u00e1r k\u00f6zel volt a negyvenhez, \u00e9s addigra gyakorlatilag k\u00e9t \u00e9vtizednyi tapasztalat \u00e1llt m\u00f6g\u00f6tte. A siker azonban innent\u0151l gyorsan \u00e9p\u00fclt tov\u00e1bb: a Narcos, majd a A Mandal\u00f3ri \u00e9s a The Last of Us f\u0151szerepei v\u00e9gleg <a href=\"https:\/\/nlc.hu\/szabadido\/20260114\/20-film-amit-latnod-kell-2026-ban\/\" target=\"_blank\" rel=\"noopener nofollow\">glob\u00e1lis szt\u00e1rr\u00e1<\/a> tett\u00e9k.<\/p>\n<p>Kapcsol\u00f3d\u00f3: <a href=\"https:\/\/www.noklapja.hu\/aktualis\/2026\/05\/16\/pierce-brosnan-szuletesnap-kepek\/\" target=\"_blank\" rel=\"noopener nofollow\">Egy s\u00e1rmos szt\u00e1r, Pierce Brosnan<\/a><\/p>\n<p>Kiemelt k\u00e9p: Getty Images<\/p>\n","protected":false},"excerpt":{"rendered":"Hajlamosak vagyunk \u00fagy gondolni, hogy aki nem fut be id\u0151ben, az lemarad. A k\u00f6vetkez\u0151 t\u00f6rt\u00e9netek viszont ennek az&hellip;\n","protected":false},"author":2,"featured_media":113552,"comment_status":"","ping_status":"","sticky":false,"template":"","format":"standard","meta":{"footnotes":"","_share_on_mastodon":"0"},"categories":[21],"tags":[4627,198,137,199,409,44,42,40,37000,43,41,5904,3219,138,235],"class_list":["post-113551","post","type-post","status-publish","format-standard","has-post-thumbnail","category-hiressegek","tag-aktualis","tag-celebrities","tag-entertainment","tag-hiressegek","tag-hollywood","tag-hu","tag-hungarian","tag-hungary","tag-karrierepites","tag-magyar","tag-magyarorszag","tag-siker","tag-szineszek","tag-szorakozas","tag-sztarok"],"share_on_mastodon":{"url":"https:\/\/pubeurope.com\/@hu\/116639013567164488","error":""},"_links":{"self":[{"href":"https:\/\/www.europesays.com\/hu\/wp-json\/wp\/v2\/posts\/113551","targetHints":{"allow":["GET"]}}],"collection":[{"href":"https:\/\/www.europesays.com\/hu\/wp-json\/wp\/v2\/posts"}],"about":[{"href":"https:\/\/www.europesays.com\/hu\/wp-json\/wp\/v2\/types\/post"}],"author":[{"embeddable":true,"href":"https:\/\/www.europesays.com\/hu\/wp-json\/wp\/v2\/users\/2"}],"replies":[{"embeddable":true,"href":"https:\/\/www.europesays.com\/hu\/wp-json\/wp\/v2\/comments?post=113551"}],"version-history":[{"count":0,"href":"https:\/\/www.europesays.com\/hu\/wp-json\/wp\/v2\/posts\/113551\/revisions"}],"wp:featuredmedia":[{"embeddable":true,"href":"https:\/\/www.europesays.com\/hu\/wp-json\/wp\/v2\/media\/113552"}],"wp:attachment":[{"href":"https:\/\/www.europesays.com\/hu\/wp-json\/wp\/v2\/media?parent=113551"}],"wp:term":[{"taxonomy":"category","embeddable":true,"href":"https:\/\/www.europesays.com\/hu\/wp-json\/wp\/v2\/categories?post=113551"},{"taxonomy":"post_tag","embeddable":true,"href":"https:\/\/www.europesays.com\/hu\/wp-json\/wp\/v2\/tags?post=113551"}],"curies":[{"name":"wp","href":"https:\/\/api.w.org\/{rel}","templated":true}]}}