{"id":113884,"date":"2026-05-26T10:20:08","date_gmt":"2026-05-26T10:20:08","guid":{"rendered":"https:\/\/www.europesays.com\/hu\/113884\/"},"modified":"2026-05-26T10:20:08","modified_gmt":"2026-05-26T10:20:08","slug":"index-belfold-kizarta-a-birosag-a-nyilvanossagot-az-angyalfoldi-gyilkossag-targyalasarol","status":"publish","type":"post","link":"https:\/\/www.europesays.com\/hu\/113884\/","title":{"rendered":"Index &#8211; Belf\u00f6ld &#8211; Kiz\u00e1rta a b\u00edr\u00f3s\u00e1g a nyilv\u00e1noss\u00e1got az angyalf\u00f6ldi gyilkoss\u00e1g t\u00e1rgyal\u00e1s\u00e1r\u00f3l"},"content":{"rendered":"<p>A keddi t\u00e1rgyal\u00e1si napon a F\u0151v\u00e1rosi T\u00f6rv\u00e9nysz\u00e9k t\u00e1rgyal\u00f3term\u00e9be h\u00e1rom tan\u00fat, az angyalf\u00f6ldi gyilkoss\u00e1g \u00e1ldozat\u00e1nak sz\u00fcleit \u00e9s testv\u00e9r\u00e9t id\u00e9zte a b\u00edr\u00f3s\u00e1g, hogy vallom\u00e1st tegyenek. A s\u00e9rtett csal\u00e1dj\u00e1nak jogi k\u00e9pvisel\u0151je azonban egy ind\u00edtv\u00e1nyt ny\u00fajtott be, ami ma reggel \u00e9rkezett a b\u00edr\u00f3s\u00e1gra, ebben k\u00e9rt\u00e9k, hogy z\u00e1rj\u00e1k ki a nyilv\u00e1noss\u00e1got a t\u00e1rgyal\u00f3teremb\u0151l. A b\u00edr\u00f3s\u00e1g ennek helyt adott, \u00edgy se a sajt\u00f3, se m\u00e1s hallgat\u00f3 nem \u00fclhetett a teremben az elj\u00e1r\u00e1s r\u00e9sztvev\u0151in k\u00edv\u00fcl. Zumbok Gabriella b\u00edr\u00f3n\u0151 d\u00f6nt\u00e9s\u00e9t kegyeleti okokkal magyar\u00e1zta, valamint azzal, hogy a csal\u00e1dtagokat m\u00e9lyen \u00e9rintette a fiatal l\u00e1ny, M. Petra hal\u00e1la, \u00e9s a vallom\u00e1sukat zavarhatn\u00e1, ha kamer\u00e1k lenn\u00e9nek a teremben, m\u00e9g akkor is, ha az \u00e1ltaluk elmondottakat\u00a0nem is r\u00f6gz\u00edten\u00e9k.<\/p>\n<p>A gyilkoss\u00e1g v\u00e1dlottja, T. R\u00f3bert ek\u00f6zben maszkos b\u00fcntet\u00e9s-v\u00e9grehajt\u00e1si \u0151r\u00f6k gy\u0171r\u0171j\u00e9ben \u00fclt a v\u00e1dlottak padj\u00e1n.<\/p>\n<p>K\u00e9t m\u00e1sik tan\u00fa \u2013 akiket eredetileg cs\u00fct\u00f6rt\u00f6kre id\u00e9zett a b\u00edr\u00f3s\u00e1g \u2013 m\u00e1s probl\u00e9m\u00e1t jelzett. \u0150k a v\u00e1dlottal nem akartak egy teremben tart\u00f3zkodni, \u00edgy v\u00e1rhat\u00f3an egy k\u00e9s\u0151bbi hat\u00e1rnapon t\u00e1vmeghallgat\u00e1s seg\u00edts\u00e9g\u00e9vel tehetik meg a vallom\u00e1sukat a t\u00f6rv\u00e9nysz\u00e9ken. Ebben az esetben egy vide\u00f3h\u00edv\u00e1ssal kapcsolj\u00e1k majd a tan\u00fakat a terembe, elker\u00fclv\u00e9n azt, hogy tal\u00e1lkozniuk kelljen a v\u00e1dlottal.<\/p>\n<p>                        Minden kegyetlens\u00e9g\u00e9t beismerte<\/p>\n<p>Mint ismert, a f\u00e9rfi 2023 tavasz\u00e1n internetes t\u00e1rskeres\u0151 oldalon ismerkedett meg a k\u00e9s\u0151bbi s\u00e9rtettel, aki r\u00f6vid id\u0151 eltelt\u00e9vel a v\u00e1dlott XIII. ker\u00fcleti lak\u00e1s\u00e1ba k\u00f6lt\u00f6z\u00f6tt. 2023. j\u00falius 13-\u00e1n a hajnali \u00f3r\u00e1kban p\u00e1rkapcsolatukkal \u00f6sszef\u00fcgg\u00e9sben vitatkozni kezdtek, melynek sor\u00e1n az egyre indulatosabb\u00e1 v\u00e1l\u00f3 f\u00e9rfi egyszer csak <a href=\"https:\/\/index.hu\/belfold\/2023\/07\/16\/bunugy-angyalfold-gyilkossag-xiii-kerulet\/\" id=\"hyperlink_2ce5b7164b1ab84fc126b772f536ed6e\" target=\"_blank\" title=\"Megverte, majd k\u00e9ssel szurk\u00e1lta meg bar\u00e1tn\u0151j\u00e9t az angyalf\u00f6ldi f\u00e9rfi\" rel=\"nofollow noopener\">r\u00e1t\u00e1madt a n\u0151re<\/a>, \u00e9s \u0151t k\u00fcl\u00f6nf\u00e9le \u00fct\u0151-, illetve sz\u00far\u00f3eszk\u00f6zzel, valamint puszta k\u00e9zzel is huzamosabb ideig, nagy er\u0151vel b\u00e1ntalmazta, ezzel <a href=\"https:\/\/index.hu\/belfold\/2023\/07\/14\/gyilkossag-angyalfold-brfk\/\" id=\"hyperlink_62c87e936df9c7f31ba2fd8dd79b9bc1\" target=\"_blank\" title=\"Meg\u00f6ltek egy 27 \u00e9ves n\u0151t Budapesten, hajt\u00f3vad\u00e1szatot ind\u00edtott a rend\u0151rs\u00e9g\" rel=\"nofollow noopener\">kioltva az \u00e9let\u00e9t<\/a>.<\/p>\n<p>A v\u00e1dlott ezut\u00e1n elvette a n\u0151 mobiltelefonj\u00e1t, p\u00e9nz\u00e9t \u00e9s \u00e9kszer\u00e9t, \u00e9s t\u00e1vozott a lak\u00e1sb\u00f3l. A f\u00e9rfi a nap folyam\u00e1n a s\u00e9rtett eltulajdon\u00edtott mobiltelefonj\u00e1r\u00f3l \u00fczeneteket k\u00fcld\u00f6tt a n\u0151 nev\u00e9ben a s\u00e9rtett csal\u00e1dtagjainak, azt a l\u00e1tszatot keltve, hogy \u00e9letben van. A f\u00e9rfi v\u00e9g\u00fcl este telefonon bejelent\u00e9st tett a k\u00f6zponti seg\u00e9lyh\u00edv\u00f3n, azt \u00e1ll\u00edtva, hogy a lak\u00e1s\u00e1ban balesetet szenvedett a bar\u00e1tn\u0151je, \u00e9s ell\u00e1t\u00e1sra szorul.<\/p>\n<p>A f\u0151v\u00e1rosi rend\u0151r\u00f6k t\u00f6bbnapos hajt\u00f3vad\u00e1szat eredm\u00e9nyek\u00e9ppen v\u00e9g\u00fcl j\u00falius 18-\u00e1n elfogt\u00e1k a v\u00e1dlottat, a Hotel R\u00f3mai\u00a0<a href=\"https:\/\/dex.hu\/x.php?id=index_belfold_cikklink&amp;url=https%3A%2F%2Findex.hu%2Fbelfold%2F2023%2F07%2F21%2Fangyalfoldi-gyilkos-rendorseg-romai-part-budapest-gyilkossag-hotel-romai%2F\" id=\"hyperlink_6d885a56edffbf0f6be4ed7d3f65cdfe\" rel=\"nofollow noopener\" target=\"_blank\">romjai<\/a>\u00a0k\u00f6z\u00f6tt bujk\u00e1lt az egyenruh\u00e1sok el\u0151l. A F\u0151v\u00e1rosi F\u0151\u00fcgy\u00e9szs\u00e9g a letart\u00f3ztat\u00e1sban l\u00e9v\u0151 v\u00e1dlottat k\u00fcl\u00f6n\u00f6s kegyetlens\u00e9ggel elk\u00f6vetett ember\u00f6l\u00e9s b\u0171ntett\u00e9vel \u00e9s kifoszt\u00e1ssal v\u00e1dolta meg v\u00e1dirat\u00e1ban. A f\u0151\u00fcgy\u00e9szs\u00e9g arra tett ind\u00edtv\u00e1nyt, hogy a b\u00edr\u00f3s\u00e1g \u00edt\u00e9lje a f\u00e9rfit fegyh\u00e1zb\u00fcntet\u00e9sre, emellett \u00e1llap\u00edtsa meg, hogy a v\u00e1dlott nem bocs\u00e1that\u00f3 felt\u00e9teles szabads\u00e1gra.\u00a0T. R\u00f3bert az okt\u00f3beri el\u0151k\u00e9sz\u00edt\u0151 \u00fcl\u00e9sen beismerte az ember\u00f6l\u00e9s t\u00e9ny\u00e9t, de a kifoszt\u00e1st m\u00e1r nem. A legut\u00f3bbi <a href=\"https:\/\/index.hu\/belfold\/2026\/02\/19\/angyalfoldi-gyilkossag-fovarosi-torvenyszek-targyalas-vallomas\/\" id=\"hyperlink_8323ab473487813b45ed84475601c342\" target=\"_self\" title=\"\u201eA puhap\u00f6csre eldurrant az agyam\u201d \u2013 mindent bevallott az angyalf\u00f6ldi gyilkos\" data-recommendation=\"bekezdes_utan\" data-recommendation-preview=\"{\" og:title=\"\" rel=\"nofollow noopener\">t\u00e1rgyal\u00e1son<\/a> hosszan \u00e9s r\u00e9szletesen tett vallom\u00e1st a b\u00edr\u00f3 el\u0151tt, ebben t\u00f6bbek k\u00f6z\u00f6tt elmondta, hogy pontosan milyen kegyetlen m\u00f3don v\u00e9gzett a fiatal n\u0151vel, majd kider\u00fclt, hogy kilenc \u00e9s f\u00e9l \u00e9v alatt 18 milli\u00f3 forintot vesz\u00edtett el fogad\u00e1sok alkalmaival, miut\u00e1n n\u00e9gy kaszin\u00f3ban t\u00f6bb sz\u00e1z alkalommal jelent meg.<\/p>\n<p>V\u00e9d\u0151je k\u00e9rd\u00e9seire hangs\u00falyozta, hogy az els\u0151 perct\u0151l kezdve beismerte a tett\u00e9t, hogy ezzel is seg\u00edtse a nyomoz\u00f3 hat\u00f3s\u00e1g munk\u00e1j\u00e1t. Szerinte az ellentmond\u00e1sok a vallom\u00e1s\u00e1ban annak tudhat\u00f3ak be, hogy 32 h\u00f3nap telt el a trag\u00e9dia \u00f3ta, felfokozott \u00e1llapotban volt, \u00edgy nem eml\u00e9kszik m\u00e1r mindenre.\u00a0<\/p>\n<p>Ha \u00f6nt vagy ismer\u0151s\u00e9t er\u0151szak \u00e9ri a kapcsolat\u00e1ban, vagy ha valakir\u0151l \u00fagy v\u00e9li, emberkereskedelem \u00e1ldozata lett, akkor h\u00edvja az Orsz\u00e1gos Kr\u00edziskezel\u0151 \u00e9s inform\u00e1ci\u00f3s Telefonszolg\u00e1latot a belf\u00f6ldr\u0151l ingyenes 06-80-20-55-20-as sz\u00e1mon vagy a nap 24 \u00f3r\u00e1j\u00e1ban ingyenesen h\u00edvhat\u00f3 \u00c1ldozatseg\u00edt\u0151 Vonalat a 06-80-225-225-\u00f6s sz\u00e1mon. Szem\u00e9lyesen az \u00d6nh\u00f6z legk\u00f6zelebbi \u00c1ldozatseg\u00edt\u0151 K\u00f6zpontban k\u00e9rhet seg\u00edts\u00e9get, az \u00c1ldozatseg\u00edt\u0151 K\u00f6zpontok c\u00edmlist\u00e1ja itt tal\u00e1lhat\u00f3:  <a href=\"http:\/\/vansegitseg.im.gov.hu\/\" id=\"hyperlink_6d97095d1fa43a6ae7e97eda100c3902\" target=\"_blank\" rel=\"nofollow noopener\">http:\/\/vansegitseg.im.gov.hu<\/a> <\/p>\n<p>\n                          A NANE Egyes\u00fclet b\u00e1ntalmazott n\u0151knek \u00e9s gyermekeknek sz\u00f3l\u00f3 seg\u00e9lyvonala szerda kiv\u00e9tel\u00e9vel minden h\u00e9tk\u00f6znap 18 \u00e9s 22 \u00f3ra k\u00f6z\u00f6tt ingyenesen h\u00edvhat\u00f3 a 06-80-505-101-es telefonsz\u00e1mon.\n                        <\/p>\n<p><a href=\"https:\/\/dex.hu\/x.php?id=googlepref_desktop&amp;url=https:\/\/google.com\/preferences\/source?q=https:\/\/index.hu\" class=\"google-pref-banner \" id=\"googlePrefBanner\" rel=\"nofollow noopener\" target=\"_blank\"><\/p>\n<p>    Itt \u00e1ll\u00edtsa be, hogy az Index az els\u0151k k\u00f6z\u00f6tt legyen a Google-tal\u00e1latokban!<\/p>\n<p><\/a><\/p>\n<p>    <img decoding=\"async\" src=\"https:\/\/index.hu\/assets\/images\/social-follow\/logo-big.svg\" alt=\"Index.hu logo\"\/><\/p>\n<p>K\u00f6vesse az Indexet Facebookon is!<\/p>\n<p>    <a href=\"https:\/\/facebook.com\/Indexhu\" target=\"_blank\" rel=\"nofollow noopener\"><\/p>\n<p>        K\u00f6vetem!<br \/>\n    <\/a><\/p>\n","protected":false},"excerpt":{"rendered":"A keddi t\u00e1rgyal\u00e1si napon a F\u0151v\u00e1rosi T\u00f6rv\u00e9nysz\u00e9k t\u00e1rgyal\u00f3term\u00e9be h\u00e1rom tan\u00fat, az angyalf\u00f6ldi gyilkoss\u00e1g \u00e1ldozat\u00e1nak sz\u00fcleit \u00e9s testv\u00e9r\u00e9t id\u00e9zte&hellip;\n","protected":false},"author":2,"featured_media":113885,"comment_status":"","ping_status":"","sticky":false,"template":"","format":"standard","meta":{"footnotes":"","_share_on_mastodon":"0"},"categories":[6],"tags":[37100,80,151,152,4666,44,42,40,43,41,27169,1623],"class_list":["post-113884","post","type-post","status-publish","format-standard","has-post-thumbnail","category-magyarorszag","tag-angyalfoldi-gyilkossag","tag-belfold","tag-ce-femina","tag-ce-napi","tag-fovarosi-torvenyszek","tag-hu","tag-hungarian","tag-hungary","tag-magyar","tag-magyarorszag","tag-tanuvallomas","tag-targyalas"],"share_on_mastodon":{"url":"https:\/\/pubeurope.com\/@hu\/116640378387860141","error":""},"_links":{"self":[{"href":"https:\/\/www.europesays.com\/hu\/wp-json\/wp\/v2\/posts\/113884","targetHints":{"allow":["GET"]}}],"collection":[{"href":"https:\/\/www.europesays.com\/hu\/wp-json\/wp\/v2\/posts"}],"about":[{"href":"https:\/\/www.europesays.com\/hu\/wp-json\/wp\/v2\/types\/post"}],"author":[{"embeddable":true,"href":"https:\/\/www.europesays.com\/hu\/wp-json\/wp\/v2\/users\/2"}],"replies":[{"embeddable":true,"href":"https:\/\/www.europesays.com\/hu\/wp-json\/wp\/v2\/comments?post=113884"}],"version-history":[{"count":0,"href":"https:\/\/www.europesays.com\/hu\/wp-json\/wp\/v2\/posts\/113884\/revisions"}],"wp:featuredmedia":[{"embeddable":true,"href":"https:\/\/www.europesays.com\/hu\/wp-json\/wp\/v2\/media\/113885"}],"wp:attachment":[{"href":"https:\/\/www.europesays.com\/hu\/wp-json\/wp\/v2\/media?parent=113884"}],"wp:term":[{"taxonomy":"category","embeddable":true,"href":"https:\/\/www.europesays.com\/hu\/wp-json\/wp\/v2\/categories?post=113884"},{"taxonomy":"post_tag","embeddable":true,"href":"https:\/\/www.europesays.com\/hu\/wp-json\/wp\/v2\/tags?post=113884"}],"curies":[{"name":"wp","href":"https:\/\/api.w.org\/{rel}","templated":true}]}}