{"id":115372,"date":"2026-05-27T12:19:16","date_gmt":"2026-05-27T12:19:16","guid":{"rendered":"https:\/\/www.europesays.com\/hu\/115372\/"},"modified":"2026-05-27T12:19:16","modified_gmt":"2026-05-27T12:19:16","slug":"russell-crowe-rol-csunya-pletyka-terjed-a-szinesz-most-tiszta-vizet-ontott-a-poharba","status":"publish","type":"post","link":"https:\/\/www.europesays.com\/hu\/115372\/","title":{"rendered":"Russell Crowe-r\u00f3l cs\u00fanya pletyka terjed, a sz\u00edn\u00e9sz most tiszta vizet \u00f6nt\u00f6tt a poh\u00e1rba"},"content":{"rendered":"<p>\n                        Egy felv\u00e9tel miatt szabadultak el az indulatok.                    <\/p>\n<p><a href=\"https:\/\/port.hu\/adatlap\/szemely\/russell-crowe\/person-14500\" rel=\"nofollow noopener\" target=\"_blank\">Russell Crowe<\/a> visszautas\u00edtotta azokat az \u00e1ll\u00edt\u00e1sokat, miszerint d\u00fch\u00f6sen \u00f6sszet\u0171z\u00e9sbe keveredett a rajong\u00f3ival P\u00e1rizsban egy hotel el\u0151tt. Az ausztr\u00e1l sz\u00edn\u00e9szr\u0151l k\u00e9sz\u00fclt egy videofelv\u00e9tel, amint kil\u00e9pett a sz\u00e1llod\u00e1b\u00f3l, ahol autogramvad\u00e1szok t\u00f6mege v\u00e1rta. A felv\u00e9telen l\u00e1that\u00f3, ahogy arra k\u00e9ri a rajong\u00f3kat, hogy maradjanak a hely\u00fck\u00f6n \u2013 b\u00e1r el\u00e9g k\u00e1romkod\u00f3s st\u00edlusban \u2013, \u00e9s k\u00f6zli, hogy azonnal t\u00e1vozik, ha l\u00f6kd\u00f6s\u0151d\u00e9s kezd\u0151dik.<\/p>\n<p>&#13;<\/p>\n<p>Maradjatok, ahol vagytok, \u00e9s ne nyomuljatok r\u00e1m. Odamegyek hozz\u00e1tok. Hagyjatok mindenkinek egy kis teret\u201d&#13;<\/p>\n<p>\u2013 mondta Crowe, majd \u00edgy folytatta:<\/p>\n<p>&#13;<br \/>\nAmint valaki bunk\u00f3 lesz, lel\u00e9pek. \u00c9rtitek? Tiszta?\u201d&#13;<br \/>\n&#13;<\/p>\n<p>A TMZ magazin k\u00f6zz\u00e9tette a videofelv\u00e9telt, de a t\u00f6rt\u00e9nteket j\u00f3val negat\u00edvabb sz\u00ednben t\u00fcntette fel. A cikk c\u00edme \u00edgy sz\u00f3lt: \u201eRussell Crowe kiborult a r\u00e1men\u0151s autogramvad\u00e1szokra\u2026 Takarodjatok h\u00e1tra, vagy lel\u00e9pek!!!\u201d<\/p>\n<p>&#13;<\/p>\n<p>A sz\u00edn\u00e9sz erre az X-en reag\u00e1lt:<\/p>\n<p>&#13;<br \/>\nKattint\u00e1svad\u00e1szat. Mindenki megkapta az autogramj\u00e1t \u00e9s a k\u00f6z\u00f6s szelfij\u00e9t, a hotel bej\u00e1rata szabad maradt a vend\u00e9gek sz\u00e1m\u00e1ra, \u00e9n pedig m\u00e9g id\u0151ben ki\u00e9rtem a rept\u00e9rre is. Egy ember, biztons\u00e1giak n\u00e9lk\u00fcl. Megoldva. Mi a probl\u00e9m\u00e1tok?\u201d&#13;<\/p>\n<p>Crowe a karirerje sor\u00e1n t\u00f6bbsz\u00f6r ker\u00fclt komoly \u00f6sszet\u0171z\u00e9sekbe. 2005-ben p\u00e9ld\u00e1ul egy telefont haj\u00edtott egy hotelszolg\u00e1latoshoz, m\u00edg 2002-ben \u00f6sszeverekedett egy \u00fczletemberrel egy londoni \u00e9tteremben. A vereked\u00e9snek v\u00e9g\u00fcl csak akkor lett v\u00e9ge, amikor Ross Kemp sz\u00edn\u00e9sz k\u00f6zbel\u00e9pett. Az elm\u00falt \u00e9vekben azonban az ausztr\u00e1l vil\u00e1gszt\u00e1r sokkal visszafogottabb \u00e9let\u00e9t \u00e9l.<\/p>\n<p>&#13;<\/p>\n<p><a href=\"https:\/\/port.hu\/cikk\/mozi\/russell-crowe-kokemenyen-kigyurta-magat-a-henry-cavill-fele-hegylakohoz-foto\/article-125556\" rel=\"nofollow noopener\" target=\"_blank\"><img decoding=\"async\" src=\"https:\/\/www.europesays.com\/hu\/wp-content\/uploads\/2026\/05\/722.jpg\" width=\"300\"\/><\/a><a href=\"https:\/\/port.hu\/cikk\/mozi\/russell-crowe-kokemenyen-kigyurta-magat-a-henry-cavill-fele-hegylakohoz-foto\/article-125556\" rel=\"nofollow noopener\" target=\"_blank\">Russell Crowe k\u0151kem\u00e9nyen kigy\u00farta mag\u00e1t a Henry Cavill-f\u00e9le Hegylak\u00f3hoz &#8211; FOT\u00d3! <\/a><\/p>\n<p>A veter\u00e1n sz\u00edn\u00e9sz kin\u00e9zete alapj\u00e1n ism\u00e9t elmehetne gladi\u00e1tornak &#8211; de hogy kardozni fog, az biztos.<\/p>\n<p><a class=\"article-btn\" href=\"https:\/\/port.hu\/cikk\/mozi\/russell-crowe-kokemenyen-kigyurta-magat-a-henry-cavill-fele-hegylakohoz-foto\/article-125556\" rel=\"nofollow noopener\" target=\"_blank\">Tov\u00e1bb<\/a><\/p>\n<p>&#13;<\/p>\n<p>Forr\u00e1s:<a href=\"https:\/\/www.independent.co.uk\/arts-entertainment\/films\/news\/russell-crowe-fans-paparazzi-b2983587.html\" style=\"font-size: 1.125rem;\" rel=\"nofollow noopener\" target=\"_blank\"> Independent<\/a><\/p>\n<p>                <a href=\"https:\/\/google.com\/preferences\/source?q=https:\/\/port.hu\" target=\"_blank\" class=\"google-pref-banner\" id=\"googlePrefBanner\" rel=\"nofollow noopener\"><br \/>\n                    <img loading=\"lazy\" decoding=\"async\" src=\"https:\/\/port.hu\/img\/svg\/google-logo.svg\" width=\"52\" height=\"52\"\/><br \/>\n                    Itt \u00e1ll\u00edtsa be, hogy a Port az els\u0151k k\u00f6z\u00f6tt legyen a Google-tal\u00e1latokban!<\/p>\n<p>                <\/a><\/p>\n","protected":false},"excerpt":{"rendered":"Egy felv\u00e9tel miatt szabadultak el az indulatok. Russell Crowe visszautas\u00edtotta azokat az \u00e1ll\u00edt\u00e1sokat, miszerint d\u00fch\u00f6sen \u00f6sszet\u0171z\u00e9sbe keveredett a&hellip;\n","protected":false},"author":2,"featured_media":115373,"comment_status":"","ping_status":"","sticky":false,"template":"","format":"standard","meta":{"footnotes":"","_share_on_mastodon":"0"},"categories":[21],"tags":[198,137,199,44,42,40,4332,715,43,41,1410,37458,138],"class_list":["post-115372","post","type-post","status-publish","format-standard","has-post-thumbnail","category-hiressegek","tag-celebrities","tag-entertainment","tag-hiressegek","tag-hu","tag-hungarian","tag-hungary","tag-konfliktus","tag-magazin","tag-magyar","tag-magyarorszag","tag-parizs","tag-russel-crowe","tag-szorakozas"],"share_on_mastodon":{"url":"https:\/\/pubeurope.com\/@hu\/116646508150875751","error":""},"_links":{"self":[{"href":"https:\/\/www.europesays.com\/hu\/wp-json\/wp\/v2\/posts\/115372","targetHints":{"allow":["GET"]}}],"collection":[{"href":"https:\/\/www.europesays.com\/hu\/wp-json\/wp\/v2\/posts"}],"about":[{"href":"https:\/\/www.europesays.com\/hu\/wp-json\/wp\/v2\/types\/post"}],"author":[{"embeddable":true,"href":"https:\/\/www.europesays.com\/hu\/wp-json\/wp\/v2\/users\/2"}],"replies":[{"embeddable":true,"href":"https:\/\/www.europesays.com\/hu\/wp-json\/wp\/v2\/comments?post=115372"}],"version-history":[{"count":0,"href":"https:\/\/www.europesays.com\/hu\/wp-json\/wp\/v2\/posts\/115372\/revisions"}],"wp:featuredmedia":[{"embeddable":true,"href":"https:\/\/www.europesays.com\/hu\/wp-json\/wp\/v2\/media\/115373"}],"wp:attachment":[{"href":"https:\/\/www.europesays.com\/hu\/wp-json\/wp\/v2\/media?parent=115372"}],"wp:term":[{"taxonomy":"category","embeddable":true,"href":"https:\/\/www.europesays.com\/hu\/wp-json\/wp\/v2\/categories?post=115372"},{"taxonomy":"post_tag","embeddable":true,"href":"https:\/\/www.europesays.com\/hu\/wp-json\/wp\/v2\/tags?post=115372"}],"curies":[{"name":"wp","href":"https:\/\/api.w.org\/{rel}","templated":true}]}}