{"id":115716,"date":"2026-05-27T16:57:08","date_gmt":"2026-05-27T16:57:08","guid":{"rendered":"https:\/\/www.europesays.com\/hu\/115716\/"},"modified":"2026-05-27T16:57:08","modified_gmt":"2026-05-27T16:57:08","slug":"index-belfold-videon-ahogyan-magyar-peter-odaul-gulyas-gergely-ele-a-parlamentben","status":"publish","type":"post","link":"https:\/\/www.europesays.com\/hu\/115716\/","title":{"rendered":"Index &#8211; Belf\u00f6ld &#8211; Vide\u00f3n, ahogyan Magyar P\u00e9ter oda\u00fcl Guly\u00e1s Gergely el\u00e9 a parlamentben"},"content":{"rendered":"<p>Szerd\u00e1n a parlamentben a\u00a0tisz\u00e1s k\u00e9pvisel\u0151k Alapt\u00f6rv\u00e9ny-m\u00f3dos\u00edt\u00f3 javaslat\u00e1r\u00f3l vit\u00e1ztak a felek. Guly\u00e1s Gergely \u00e9s Magyar P\u00e9ter a <a href=\"https:\/\/index.hu\/belfold\/2026\/05\/26\/magyar-peter-a-parlamenti-vita-heveben-felallt-a-helyerol-odasetalt-gulyas-gergelyhez-es-mondott-neki-valamit\/\" id=\"hyperlink_088737fe0bf69cb8b132e6ad75bf168a\" target=\"_blank\" title=\"Vide\u00f3n a pillanat, amikor Magyar P\u00e9ter a parlamenti vita hev\u00e9ben fel\u00e1llt a hely\u00e9r\u0151l, \u00e9s odament Guly\u00e1s Gergelyhez\" rel=\"nofollow noopener\">keddi \u00fcl\u00e9shez<\/a> hasonl\u00f3an ism\u00e9t eml\u00e9kezetess\u00e9 tett\u00e9k a napot.<\/p>\n<p>A Fidesz vez\u00e9rsz\u00f3noka <a href=\"https:\/\/index.hu\/belfold\/2026\/05\/27\/orszaggyules-parlament-alaptorveny-vita-gulyas-gergely-magyar-peter-tisza-part-fidesz-kdnp-mi-hazank-mozgalom\/\" id=\"hyperlink_78ad4e0debd02d2130e503779bd72bc7\" target=\"_blank\" title=\"Magyar P\u00e9ter most oda\u00fclt Guly\u00e1s Gergely el\u00e9 a parlamentben, am\u00edg a Fidesz frakci\u00f3vezet\u0151je besz\u00e9lt\" rel=\"nofollow noopener\">Guly\u00e1s Gergely<\/a> volt, a felsz\u00f3lal\u00e1s idej\u00e9re Magyar P\u00e9ter a minisztereln\u00f6ki sz\u00e9k helyett az egyik miniszteri sz\u00e9kbe \u00fclt, k\u00f6zvetlen\u00fcl a Fidesz frakci\u00f3vezet\u0151je el\u00e9.<\/p>\n<p>Guly\u00e1s Gergely \u00fcdv\u00f6z\u00f6lte a minisztereln\u00f6k\u00f6t, majd sok szempontb\u00f3l \u00fajszer\u0171nek \u00e9s saj\u00e1tosnak nevezte az Alapt\u00f6rv\u00e9ny-m\u00f3dos\u00edt\u00e1st. A politikus kulcsfontoss\u00e1g\u00fanak nevezte, hogy a korm\u00e1nyt\u00f6bbs\u00e9g korrekci\u00f3t hajtott v\u00e9gre, \u00e9s a <a href=\"https:\/\/index.hu\/belfold\/2026\/05\/26\/magyar-peter-tisza-part-kormany-mellethei-barna-marton-miniszter-igazsagugy-alkotmany-modositas\/\" id=\"hyperlink_929102c2000e8639de32e72c87e8186d\" target=\"_blank\" title=\"Magyar P\u00e9ter visszavonta az Alapt\u00f6rv\u00e9ny-m\u00f3dos\u00edt\u00e1s kereszt\u00e9ny kult\u00far\u00e1ra vonatkoz\u00f3 r\u00e9sz\u00e9t\" data-recommendation=\"bekezdes_utan\" data-recommendation-preview=\"{&quot;og:title&quot;:&quot;Magyar P\u00e9ter visszavonta az Alapt\u00f6rv\u00e9ny-m\u00f3dos\u00edt\u00e1s kereszt\u00e9ny kult\u00far\u00e1ra vonatkoz\u00f3 r\u00e9sz\u00e9t&quot;,&quot;og:description&quot;:&quot;A kereszt\u00e9ny kult\u00far\u00e1ra vonatkoz\u00f3 alapt\u00f6rv\u00e9nyi passzus m\u00e9gis a hely\u00e9n marad.&quot;,&quot;og:image&quot;:&quot;\\\/\\\/kep.cdn.indexvas.hu\\\/1\\\/0\\\/6948\\\/69489\\\/694893\\\/69489345_5127967_3c26ab5efee5a3accf7569023adda487_wm.jpg&quot;}\" data-recommendation-id=\"6215435\" rel=\"nofollow noopener\">kereszt\u00e9nys\u00e9g v\u00e9delm\u00e9re<\/a> vonatkoz\u00f3 r\u00e9sz m\u00e9gsem ker\u00fcl ki az Alapt\u00f6rv\u00e9nyb\u0151l.<\/p>\n<p>\u201e\u00d6n\u00f6k minisztereln\u00f6ki t\u00edpus\u00fa rendszerben olyat, hogy k\u00e9t ciklusra korl\u00e1tozott a minisztereln\u00f6ki megb\u00edzat\u00e1s, nem nagyon tal\u00e1lnak. Mondhatn\u00e1m, hogy ahol tal\u00e1lnak, azok alkotm\u00e1nyos monarchi\u00e1k. Ez Belize \u00e9s Thaif\u00f6ld, ott tal\u00e1ltunk hasonl\u00f3kat, teh\u00e1t a belize-i \u00e9s thaif\u00f6ldi \u00faton indulunk el. Ezt \u00e9rdemes megfontolni\u201d \u2013 jegyezte meg Guly\u00e1s Gergely, aki Magyar P\u00e9ternek kifejtette: \u201eMinisztereln\u00f6k \u00far, az orosz egy eln\u00f6ki rendszer, el\u00e9g j\u00f3l ismeri az orosz k\u00f6zjogi berendezked\u00e9st. Hasonl\u00f3an j\u00f3l ismerj\u00fck, mert ugyanott, ugyanazt tanultuk.\u201d<\/p>\n<p>V\u00e9gs\u0151 soron hi\u00e1ba mondja Barna M\u00e1rton k\u00e9pvisel\u0151t\u00e1rsam, aki szint\u00e9n \u00e9vfolyamt\u00e1rsam volt, hogy a demokr\u00e1cia kinyit\u00e1sa, val\u00f3j\u00e1ban arr\u00f3l van sz\u00f3, ha a magyar v\u00e1laszt\u00f3polg\u00e1rok \u00fagy gondoln\u00e1k, hogy 2030-ban \u00e9s 2034-ben is Magyar P\u00e9tert szeretn\u00e9k minisztereln\u00f6kk\u00e9nt l\u00e1tni, akkor ezt a jogot elveszik t\u0151l\u00fck. J\u00f3 jelnek \u00e9s a k\u00f6z\u00f6s konszenzus alapj\u00e1nak tartom, hogy azt a gondolatot, amivel Magyar P\u00e9tert\u0151l megvonn\u00e1k a hatalmat, \u00f6n\u00f6k megtapsolj\u00e1k<\/p>\n<p>\u2013 reag\u00e1lt Guly\u00e1s Gergely a tisz\u00e1s padsorokb\u00f3l \u00e9rkez\u0151 tapsra.<\/p>\n<p>A minisztereln\u00f6k vide\u00f3t tett k\u00f6zz\u00e9 a jelenetr\u0151l, amikor egy sorral lejjebbr\u0151l hallgatta a Fidesz frakci\u00f3vezet\u0151j\u00e9nek besz\u00e9d\u00e9t.\u00a0\u201eIlyen az, amikor a Fidesz frakci\u00f3vezet\u0151je vastapsot kap a Tisza-frakci\u00f3t\u00f3l\u201d \u2013 \u00edrta a jelenetr\u0151l.<\/p>\n<p>Hozz\u00e1tette, \u201e\u0151k m\u00e9g mindig nem \u00e9rtik, hogy mi val\u00f3ban azt tessz\u00fck, amit v\u00e1llaltunk, \u00e9s ak\u00e1r magunkat is korl\u00e1tozzuk a demokr\u00e1cia v\u00e9delm\u00e9ben\u201d.\u00a0\u201ePedig direkt oda\u00fcltem Guly\u00e1s Gerg\u0151 el\u00e9, \u00e9s pr\u00f3b\u00e1ltam seg\u00edteni neki\u201d\u00a0\u2013 jegyezte meg a korm\u00e1nyf\u0151.<\/p>\n<p>\n                          (Bor\u00edt\u00f3k\u00e9p: Guly\u00e1s Gergely 2026. m\u00e1jus 27-\u00e9n. Fot\u00f3: Szoll\u00e1r Zs\u00f3fi \/ Index)\n                        <\/p>\n<p><a href=\"https:\/\/dex.hu\/x.php?id=googlepref_desktop&amp;url=https:\/\/google.com\/preferences\/source?q=https:\/\/index.hu\" class=\"google-pref-banner \" id=\"googlePrefBanner\" rel=\"nofollow noopener\" target=\"_blank\"><\/p>\n<p>    Itt \u00e1ll\u00edtsa be, hogy az Index az els\u0151k k\u00f6z\u00f6tt legyen a Google-tal\u00e1latokban!<\/p>\n<p><\/a><\/p>\n<p>    <img decoding=\"async\" src=\"https:\/\/index.hu\/assets\/images\/social-follow\/logo-big.svg\" alt=\"Index.hu logo\"\/><\/p>\n<p>K\u00f6vesse az Indexet Facebookon is!<\/p>\n<p>    <a href=\"https:\/\/facebook.com\/Indexhu\" target=\"_blank\" rel=\"nofollow noopener\"><\/p>\n<p>        K\u00f6vetem!<br \/>\n    <\/a><\/p>\n","protected":false},"excerpt":{"rendered":"Szerd\u00e1n a parlamentben a\u00a0tisz\u00e1s k\u00e9pvisel\u0151k Alapt\u00f6rv\u00e9ny-m\u00f3dos\u00edt\u00f3 javaslat\u00e1r\u00f3l vit\u00e1ztak a felek. Guly\u00e1s Gergely \u00e9s Magyar P\u00e9ter a keddi \u00fcl\u00e9shez&hellip;\n","protected":false},"author":2,"featured_media":115717,"comment_status":"","ping_status":"","sticky":false,"template":"","format":"standard","meta":{"footnotes":"","_share_on_mastodon":"0"},"categories":[33],"tags":[80,7708,152,89,38,25391,5443,35,37,44,42,40,43,944,41,3410,34,3485,37545,945,36,39,1064],"class_list":["post-115716","post","type-post","status-publish","format-standard","has-post-thumbnail","category-hirek","tag-belfold","tag-beszed","tag-ce-napi","tag-fidesz","tag-focimek","tag-frakciovezeto","tag-gulyas-gergely","tag-headlines","tag-hirek","tag-hu","tag-hungarian","tag-hungary","tag-magyar","tag-magyar-peter","tag-magyarorszag","tag-miniszterelnok","tag-news","tag-parlament","tag-taps","tag-tisza-part","tag-top-stories","tag-vezeto-hirek","tag-video"],"share_on_mastodon":{"url":"https:\/\/pubeurope.com\/@hu\/116647601535999487","error":""},"_links":{"self":[{"href":"https:\/\/www.europesays.com\/hu\/wp-json\/wp\/v2\/posts\/115716","targetHints":{"allow":["GET"]}}],"collection":[{"href":"https:\/\/www.europesays.com\/hu\/wp-json\/wp\/v2\/posts"}],"about":[{"href":"https:\/\/www.europesays.com\/hu\/wp-json\/wp\/v2\/types\/post"}],"author":[{"embeddable":true,"href":"https:\/\/www.europesays.com\/hu\/wp-json\/wp\/v2\/users\/2"}],"replies":[{"embeddable":true,"href":"https:\/\/www.europesays.com\/hu\/wp-json\/wp\/v2\/comments?post=115716"}],"version-history":[{"count":0,"href":"https:\/\/www.europesays.com\/hu\/wp-json\/wp\/v2\/posts\/115716\/revisions"}],"wp:featuredmedia":[{"embeddable":true,"href":"https:\/\/www.europesays.com\/hu\/wp-json\/wp\/v2\/media\/115717"}],"wp:attachment":[{"href":"https:\/\/www.europesays.com\/hu\/wp-json\/wp\/v2\/media?parent=115716"}],"wp:term":[{"taxonomy":"category","embeddable":true,"href":"https:\/\/www.europesays.com\/hu\/wp-json\/wp\/v2\/categories?post=115716"},{"taxonomy":"post_tag","embeddable":true,"href":"https:\/\/www.europesays.com\/hu\/wp-json\/wp\/v2\/tags?post=115716"}],"curies":[{"name":"wp","href":"https:\/\/api.w.org\/{rel}","templated":true}]}}