{"id":115737,"date":"2026-05-27T17:18:10","date_gmt":"2026-05-27T17:18:10","guid":{"rendered":"https:\/\/www.europesays.com\/hu\/115737\/"},"modified":"2026-05-27T17:18:10","modified_gmt":"2026-05-27T17:18:10","slug":"index-kultur-istennek-lenni-igazi-atok-legalabbis-ebben-a-sorozatban","status":"publish","type":"post","link":"https:\/\/www.europesays.com\/hu\/115737\/","title":{"rendered":"Index &#8211; Kult\u00far &#8211; Istennek lenni igazi \u00e1tok, legal\u00e1bbis ebben a sorozatban"},"content":{"rendered":"<p>Most, miut\u00e1n a The Boys <a href=\"https:\/\/index.hu\/kultur\/cinematrix\/2026\/05\/23\/the-boys-teve-sorozat-amazon-prime-kepregeny-szuperhos-parodia-sorozat-finale-kritika\/\" id=\"hyperlink_1688e000fadefe50dd83bda68f0ea006\" target=\"_blank\" title=\"A The Boys utols\u00f3 r\u00e9sze k\u00f6z\u00e9ps\u0151 ujjal mutat be a sorozat \u00f6sszes rajong\u00f3j\u00e1nak\" rel=\"nofollow noopener\">cs\u00fany\u00e1n bef\u00fcrd\u00f6tt<\/a> a fin\u00e1l\u00e9j\u00e1val, \u00e9s olyan lez\u00e1r\u00e1st hozott a n\u00e9z\u0151knek, amit m\u00e9g a legnagyobb rajong\u00f3k sem sz\u00edvelnek, \u00e9rdemes visszatekinteni egy m\u00e1sik sorozatra, amely ugyancsak a botr\u00e1nyh\u0151s k\u00e9preg\u00e9ny\u00edr\u00f3, <a href=\"https:\/\/index.hu\/kultur\/2026\/04\/04\/mvm-budapest-comic-con-the-boys-preacher-kepregeny-iro-garth-ennis-muvesz-exkluziv-interju\/\" id=\"hyperlink_e31e311b2751388c7e59857e4efec7cd\" target=\"_blank\" title=\"A The Boys kital\u00e1l\u00f3j\u00e1t arr\u00f3l k\u00e9rdezt\u00fck, mi\u00e9rt gy\u0171l\u00f6li annyira a szuperh\u0151s\u00f6ket\" rel=\"nofollow noopener\">Garth Ennis<\/a> munk\u00e1ss\u00e1g\u00e1n alapszik, \u00e9s amely a szuperh\u0151s\u00f6k m\u00e9sz\u00e1rsz\u00e9k\u00e9vel ellent\u00e9tben k\u00e9pes volt arra a brav\u00farra, hogy h\u0171en \u00fcltesse \u00e1t a t\u00e9v\u00e9k\u00e9perny\u0151re a sztorit. \u00c9s m\u00e9g a b\u00facs\u00fat is olyan k\u00f6nnyfakaszt\u00f3ra siker\u00fclt az alkot\u00f3knak \u00e1tszabniuk, hogy abba kevesen tudtak belek\u00f6tni.<\/p>\n<p>Eg\u00e9szen pontosan az AMC-n 2016-t\u00f3l 2019-ig futott Preacherre gondolok, amelyben egy Jesse Custer (Dominic Cooper) nev\u0171, texasi l\u00e1ncdoh\u00e1nyos pr\u00e9dik\u00e1tor egyik napr\u00f3l a m\u00e1sikra isteni (vagy \u00f6rd\u00f6gi?) er\u0151re tesz szert, \u00e9s azt felhaszn\u00e1lva balh\u00e9s bar\u00e1tn\u0151j\u00e9vel, Tulippal (Ruth Negga), na meg egy drogf\u00fcgg\u0151, \u00edr v\u00e1mp\u00edrral, Cassidyvel (Joseph Gilgun) kar\u00f6ltve elindulnak, hogy megkeress\u00e9k a F\u00f6ld\u00f6n bujk\u00e1l\u00f3, a mennyekb\u0151l elmenek\u00fclt Istent, hogy pelleng\u00e9rre \u00e1ll\u00edts\u00e1k, \u00e9s v\u00e1laszt kapjanak a mi\u00e9rtekre. Mi\u00e9rtekb\u0151l pedig a Preacherben akad n\u00e9h\u00e1ny, mert az alapsztorit jegyz\u0151 Garth Ennis amennyire a szuperh\u0151s\u00f6k\u00e9rt nem lelkesedik, \u00fagy a vall\u00e1st \u00e9s az istenh\u00edv\u0151ket is s\u00fclt bolondoknak tartja, ahogy azt a sz\u00e9ria is sokszor kifejezi a n\u00e9gy \u00e9vada alatt.<\/p>\n<p>A Preacher m\u00e1r csak az\u00e9rt is egy k\u00fcl\u00f6nc feldolgoz\u00e1s, mert a teljes els\u0151 etap, mind a t\u00edz r\u00e9sz tulajdonk\u00e9ppen puhatol\u00f3z\u00e1s a k\u00e9sz\u00edt\u0151kt\u0151l, mert az Annville-ben zajl\u00f3 esem\u00e9nyek el\u0151zm\u00e9nyei a k\u00e9preg\u00e9nynek. A nyomtatott alapanyagban ugyanis szinte azonnal megt\u00f6rt\u00e9nik az a fordulat Jesse gy\u00fclekezet\u00e9vel, amire itt j\u00f3 p\u00e1r \u00f3r\u00e1t kell v\u00e1rnunk, de a Sam Catlin, Seth Rogen \u00e9s Evan Goldberg \u00e1ltal \u00fajragondolt verzi\u00f3nak igenis j\u00f3l \u00e1ll n\u00e9ha a temp\u00f3 tudatos lass\u00edt\u00e1sa. Ett\u0151l m\u00e9g egy \u0151r\u00fclt t\u00f6rt\u00e9netr\u0151l van sz\u00f3, ami f\u0151leg minden \u00e9vad v\u00e9g\u00e9n p\u00f6r\u00f6g fel, \u00e9s a k\u00e9s\u0151bbiekben a road movie jellegre r\u00e1 is nyomja sajna a b\u00e9lyeg\u00e9t, hogy a karakterek egy-egy helyen t\u00fal sok\u00e1ig id\u0151znek, \u00e1m a karakteriz\u00e1ci\u00f3 tekintet\u00e9ben ez a Garth Ennis-adapt\u00e1ci\u00f3 sokkal jobban s\u00fcl el, mint a The Boys. M\u00e1r csak az\u00e9rt is, mert a f\u0151szerepl\u0151 tri\u00f3 j\u00f3val szerethet\u0151bb, m\u00e9g \u00fagy is, hogy nekik hasonl\u00f3k\u00e9ppen megvannak a maguk ideges\u00edt\u0151 h\u00fclyes\u00e9gei.\n                        <\/p>\n<p>A f\u0151szerepl\u0151nek, a pr\u00e9dik\u00e1tort alak\u00edt\u00f3 Dominic Coopernek k\u00fcl\u00f6n\u00f6sen nincs k\u00f6nny\u0171 dolga, mert egy olyan vall\u00e1si vezet\u0151t ismer\u00fcnk meg a szem\u00e9ly\u00e9ben, aki az \u00e1ltala megkapott isteni k\u00e9pess\u00e9ggel s\u0171r\u0171n vissza\u00e9l. Emellett mind neki, mind pedig a Ruth Negga-f\u00e9le Tulipnak s\u00f6t\u00e9t, b\u0171n\u00f6z\u0151i m\u00faltjuk van, ez ut\u00f3bbi f\u0151leg a n\u0151n \u00fctk\u00f6zik ki s\u0171r\u0171n, aki lobban\u00e9kony, kisz\u00e1m\u00edthatatlan, \u00e9s el\u0151bb l\u0151, mint k\u00e9rdez. A Misfitsben is remekl\u0151, itt kicsapong\u00f3 v\u00e9rsz\u00edv\u00f3t alak\u00edt\u00f3 Joseph Gilgun a Preacher egyik motorja, aki f\u00e1radhatatlanul nyomja az egysoros po\u00e9nokat, \u00e1m a 119 \u00e9ves v\u00e1mp\u00edrnak ugyancsak megvan a maga trag\u00e9di\u00e1ja, amelyet a negyedik \u00e9vadban bontanak ki b\u0151vebben. Olyan m\u00f3don, hogy megk\u00f6nnyezi az ember, m\u00e9g ha el\u00e9g v\u00e1zlatos is az a bizonyos, els\u0151 vil\u00e1gh\u00e1bor\u00faba kalauzol\u00f3 eredetsztori.<\/p>\n<p>Felsorolni is neh\u00e9z, hogy mennyi eszement figur\u00e1t sorakoztat fel a Preacher a 43 epiz\u00f3dja alatt, de megpr\u00f3b\u00e1lkozom vele. A list\u00e1n nyilv\u00e1n el\u0151kel\u0151 helyet kell kapnia annak az Arseface-nek (Ian Colletti), akit\u0151l j\u00f3 p\u00e1r epiz\u00f3don kereszt\u00fcl majd elh\u00e1nytam magam, amikor felbukkant, de azt\u00e1n ahogy a sr\u00e1cot jobban megismertem, \u00fagy kedveltem meg egyre jobban. Arseface, polg\u00e1ri nev\u00e9n Eugene egy nagyon szerethet\u0151 figura, \u00e9s tal\u00e1n a legfelkavar\u00f3bb, aki nem el\u00e9g, hogy t\u00fal\u00e9l egy f\u00e9lresiker\u00fclt \u00f6ngyilkoss\u00e1gi k\u00eds\u00e9rletet, m\u00e9g a poklok pokl\u00e1t is megj\u00e1rja. T\u00e9nyleg, csak kedvcsin\u00e1l\u00f3k\u00e9nt, an\u00e9lk\u00fcl, hogy t\u00fal sokat spoilerezn\u00e9k, elhintem, hogy a Preacherben fontos visszat\u00e9r\u0151 szerepl\u0151 Adolf Hitler szerep\u00e9ben Noah Taylor, aki csak a sz\u00e9ria egyik antagonist\u00e1ja a sok k\u00f6z\u00fcl. Ugyancsak j\u00f3 p\u00e1r mocsok h\u00faz\u00e1s f\u0171z\u0151dik Herr Klaus Helmut Starrhoz is, \u0151 konkr\u00e9tan olyan, mintha a k\u00e9preg\u00e9ny lapjair\u00f3l l\u00e9pett volna le, hogy vezesse a titkos, az apokalipszist el\u0151id\u00e9zni pr\u00f3b\u00e1l\u00f3, szex- \u00e9s hatalom\u00e9hes szekt\u00e1j\u00e1t.<\/p>\n<p>M\u00e9g ha a monster of the week form\u00e1tum nem is stimmel teljesen, elv\u00e9gre itt h\u0151seink a sz\u00f6rnyek, akiket el\u00e9g sok\u00e1ig \u00fcld\u00f6z egy t\u00falvil\u00e1gi, igazs\u00e1goszt\u00f3 cowboy, a Gyilkosok Szentje (Graham McTavish), m\u00e9gis a Preachert nagyon k\u00f6nny\u0171 egy Supernatural-p\u00f3tl\u00e9knak besorolni. \u00c9s illik is r\u00e1 ez a jelz\u0151, ami a misztikumot illeti, az AMC sorozata sokkal jobban kezeli a t\u00falvil\u00e1got, angyalokat \u00e9s d\u00e9monokat, mint anno Winchester\u00e9k tett\u00e9k, nem f\u00e9l megmutatni a gyarl\u00f3 J\u00e9zus Krisztust (Tyson Ritter) \u00e9s az eg\u00e9szen \u00f3sz\u00f6vets\u00e9gi Istent (Mark Harelik) sem a maguk p\u0151re \u00e9s lelomboz\u00f3 val\u00f3s\u00e1gukban. A Preacherben a karakterekkel egy\u00fctt megj\u00e1rjuk a mennyet \u00e9s a poklot, \u00e1tvitt \u00e9s sz\u00f3 szerinti \u00e9rtelemben is, \u00e9s Seth Rogen\u00e9k sorozata<\/p>\n<p>olyan territ\u00f3riumokba elmer\u00e9szkedik, olyan messzire, amennyire m\u00e9g a The Boys sem mert soha.<\/p>\n<p>Soha nem gondoltam volna, hogy ezt a mondatot le\u00edrom, de a Preacherben az egyik kedvenc figur\u00e1m az a Humperdoo lett, aki J\u00e9zus egyenes \u00e1gi lesz\u00e1rmazottja, \u00e9s tulajdonk\u00e9ppen a szellemi fogyat\u00e9kos megv\u00e1lt\u00f3, aki minden defektje ellen\u00e9re egy rendk\u00edv\u00fcl kedvelhet\u0151 alak. Annyira elborult, hogy lehetetlens\u00e9g nem im\u00e1dni, \u00e9s Tyson Ritter el\u0151tt megemelem a kalapomat, aki egyszerre hozza a t\u00f6bbnyire j\u00f3fi\u00fa, szel\u00edd J\u00e9zust, \u00e9s az \u0151 k\u00e9nyszeredetten r\u00f6h\u00f6gcs\u00e9l\u0151, a Holdra v\u00e1gy\u00f3, szteppt\u00e1ncol\u00f3 lesz\u00e1rmazottj\u00e1t.<\/p>\n<p>Az\u00e9rt a Preachernek is vannak el\u00e9g komoly meging\u00e1sai, amelyek legf\u0151k\u00e9ppen abb\u00f3l fakadnak, hogy az eredetileg az HBO-ra sz\u00e1nt sorozat v\u00e9g\u00fcl az AMC-n k\u00f6t\u00f6tt ki, a k\u00e1belcsatorn\u00e1nak pedig a 2010-es \u00e9vekben mindent a zombik jelentettek. Ergo az \u00f6sszes p\u00e9nz\u00fcket a The Walking Deadbe tolt\u00e1k, l\u00e1tjuk a mostani spin-offokon, amelyeket a kutya sem k\u00f6vet m\u00e1r, hogy mennyire nem tett\u00e9k j\u00f3 helyre a p\u00e9nz\u00fcket. Mindenesetre a Preacher lehetett volna egy p\u00f6rg\u0151bb, t\u00f6bb helysz\u00ednes, a Gyilkosok Szentje el\u0151l \u00e1lland\u00f3an menek\u00fcl\u0151s t\u00f6rt\u00e9net. A b\u00fcdzs\u00e9t illet\u0151 megk\u00f6t\u00e9sek azonban azt hozt\u00e1k magukkal, hogy egy-egy \u00e9vadra a karakterek leparkoltak, hol New Orleansban, ahol a jazzm\u00e1ni\u00e1s Istenr\u0151l v\u00e9lt\u00e9k \u00fagy, hogy ott rejt\u0151zik kuty\u00e1nak \u00f6lt\u00f6zve, m\u00e1skor Angelville-ben, ahol Jesse Custer m\u00faltj\u00e1ra \u00e9s \u00f6rd\u00f6gi csal\u00e1dj\u00e1ra der\u00fclt egy kicsit t\u00fals\u00e1gosan sok f\u00e9ny, majd a negyedik \u00e9vadban a K\u00f6zel-Keleten, ahol m\u00e1r a konkr\u00e9t vall\u00e1sh\u00e1bor\u00fa zajlott. Egyed\u00fcl az els\u0151 t\u00edz epiz\u00f3dban, Annville-ben m\u0171k\u00f6d\u00f6tt ez a h\u00faz\u00e1s, \u00e9s a formul\u00e1n hi\u00e1ba csavargattak, nem siker\u00fclt felpezsd\u00edteni sehogy sem, ami nagy k\u00e1r.<\/p>\n<p>M\u00e9g szerencse, hogy az elborult karakterek, a nagyon beteg fordulatok az\u00e9rt sokat jav\u00edtottak az \u00f6sszk\u00e9pen, \u00e9s ami a harci koreogr\u00e1fi\u00e1kat illeti, a Preacher k\u00e9sz\u00edt\u0151i azokat sem nagyolt\u00e1k el. A sorozat helyenk\u00e9nt a Daredevil vereked\u0151s jeleneteit id\u00e9zi, \u00e9s minden alkalommal, amikor egy akci\u00f3filmen el akarok aludni majd, mert annyira meg\u00fasz\u00f3sra szabj\u00e1k az er\u0151szakos snitteket, a fizikai \u00f6sszecsap\u00e1sokat, innent\u0151l a Preacherre fogok mutogatni, hogy bezzeg ott \u00fagy megv\u00e1gt\u00e1k, \u00fagy kital\u00e1lt\u00e1k, hogy hoztam n\u00e9ha egy \u00fajabb adag popcornt.<\/p>\n<p>B\u00e1r a negyedik \u00e9vad nagy r\u00e9sze irt\u00f3zatos katyvasz lett, \u00e9n mindig azt mondom, hogy ink\u00e1bb legyen egy utols\u00f3 \u00e9vad gyenge, \u00e9s a fin\u00e1l\u00e9 eml\u00e9kezetes, mint ford\u00edtva. \u00c9s a Preacherben a b\u00facs\u00fat, mindenf\u00e9le p\u00e1toszos megold\u00e1s er\u0151ltet\u00e9se n\u00e9lk\u00fcl, a maga egyszer\u0171 dr\u00e1mais\u00e1g\u00e1ban \u00fagy hozt\u00e1k le az alkot\u00f3k, hogy \u00f6r\u00f6m n\u00e9zni. T\u00e9nyleg csak azt tudom mondani, b\u00e1rcsak a The Boys is k\u00e9pes lett volna erre, mert \u00edgy baromi rossz sz\u00e1j\u00edzzel keltem fel el\u0151le. A Preacher el\u0151l meg \u00fagy, hogy megyek, \u00e9s elolvasom a k\u00e9preg\u00e9nyeket is.<\/p>\n<p>                        7,5\/10<\/p>\n<p>\n                          A Preacher c\u00edm\u0171 sorozat Blu-rayen szerezhet\u0151 be, id\u0151nk\u00e9nt az Amazon Prime-on is streamingelhet\u0151.\n                        <\/p>\n<p><a href=\"https:\/\/dex.hu\/x.php?id=googlepref_desktop&amp;url=https:\/\/google.com\/preferences\/source?q=https:\/\/index.hu\" class=\"google-pref-banner \" id=\"googlePrefBanner\" rel=\"nofollow noopener\" target=\"_blank\"><\/p>\n<p>    Itt \u00e1ll\u00edtsa be, hogy az Index az els\u0151k k\u00f6z\u00f6tt legyen a Google-tal\u00e1latokban!<\/p>\n<p><\/a><\/p>\n<p>                <a href=\"https:\/\/konyvek.index.hu\/\" target=\"_blank\" rel=\"nofollow noopener\"><br \/>\n                <img decoding=\"async\" src=\"https:\/\/index.hu\/assets\/images\/konyvajanlo\/book_indapress\/book_indapress_logo.svg\" loading=\"lazy\" alt=\"Inda Press Kiad\u00f3\"\/><br \/>\n                <\/a><\/p>\n<p>                <img decoding=\"async\" src=\"https:\/\/www.europesays.com\/hu\/wp-content\/uploads\/2026\/05\/1779902290_321_hazassaglabirintus.png\" loading=\"lazy\" alt=\"Becsomagolt titkok szentest\u00e9re\"\/><\/p>\n<p>L\u00e9pjen be a h\u00e1zass\u00e1g legnagyobb dilemm\u00e1j\u00e1ba!<br \/>A d\u00f6nt\u00e9s az \u00d6n kez\u00e9ben van! <\/p>\n<p>                <a class=\"book_index_btn\" href=\"https:\/\/www.indapresskiado.hu\/products\/hazassaglabirintus\" target=\"_blank\" rel=\"nofollow noopener\">MEGVESZEM<\/a><\/p>\n<p>    <img decoding=\"async\" src=\"https:\/\/index.hu\/assets\/images\/social-follow\/logo-big.svg\" alt=\"Index.hu logo\"\/><\/p>\n<p>K\u00f6vesse az Indexet Facebookon is!<\/p>\n<p>    <a href=\"https:\/\/facebook.com\/Indexhu\" target=\"_blank\" rel=\"nofollow noopener\"><\/p>\n<p>        K\u00f6vetem!<br \/>\n    <\/a><\/p>\n","protected":false},"excerpt":{"rendered":"Most, miut\u00e1n a The Boys cs\u00fany\u00e1n bef\u00fcrd\u00f6tt a fin\u00e1l\u00e9j\u00e1val, \u00e9s olyan lez\u00e1r\u00e1st hozott a n\u00e9z\u0151knek, amit m\u00e9g a&hellip;\n","protected":false},"author":2,"featured_media":115738,"comment_status":"","ping_status":"","sticky":false,"template":"","format":"standard","meta":{"footnotes":"","_share_on_mastodon":"0"},"categories":[16],"tags":[1158,818,151,152,822,137,16961,44,824,42,40,33793,3417,438,150,43,41,9640,5771,16962,37547,7649,149,22668,138,315,8768],"class_list":["post-115737","post","type-post","status-publish","format-standard","has-post-thumbnail","category-szorakozas","tag-adaptacio","tag-ajanlo","tag-ce-femina","tag-ce-napi","tag-drama","tag-entertainment","tag-garth-ennis","tag-hu","tag-humor","tag-hungarian","tag-hungary","tag-kabel","tag-kepregeny","tag-kritika","tag-kultur","tag-magyar","tag-magyarorszag","tag-misztikus","tag-parodia","tag-preacher","tag-road-movie","tag-seth-rogen","tag-sorozat","tag-szatira","tag-szorakozas","tag-teve","tag-vallas"],"share_on_mastodon":{"url":"https:\/\/pubeurope.com\/@hu\/116647684310037364","error":""},"_links":{"self":[{"href":"https:\/\/www.europesays.com\/hu\/wp-json\/wp\/v2\/posts\/115737","targetHints":{"allow":["GET"]}}],"collection":[{"href":"https:\/\/www.europesays.com\/hu\/wp-json\/wp\/v2\/posts"}],"about":[{"href":"https:\/\/www.europesays.com\/hu\/wp-json\/wp\/v2\/types\/post"}],"author":[{"embeddable":true,"href":"https:\/\/www.europesays.com\/hu\/wp-json\/wp\/v2\/users\/2"}],"replies":[{"embeddable":true,"href":"https:\/\/www.europesays.com\/hu\/wp-json\/wp\/v2\/comments?post=115737"}],"version-history":[{"count":0,"href":"https:\/\/www.europesays.com\/hu\/wp-json\/wp\/v2\/posts\/115737\/revisions"}],"wp:featuredmedia":[{"embeddable":true,"href":"https:\/\/www.europesays.com\/hu\/wp-json\/wp\/v2\/media\/115738"}],"wp:attachment":[{"href":"https:\/\/www.europesays.com\/hu\/wp-json\/wp\/v2\/media?parent=115737"}],"wp:term":[{"taxonomy":"category","embeddable":true,"href":"https:\/\/www.europesays.com\/hu\/wp-json\/wp\/v2\/categories?post=115737"},{"taxonomy":"post_tag","embeddable":true,"href":"https:\/\/www.europesays.com\/hu\/wp-json\/wp\/v2\/tags?post=115737"}],"curies":[{"name":"wp","href":"https:\/\/api.w.org\/{rel}","templated":true}]}}