{"id":116379,"date":"2026-05-28T07:12:12","date_gmt":"2026-05-28T07:12:12","guid":{"rendered":"https:\/\/www.europesays.com\/hu\/116379\/"},"modified":"2026-05-28T07:12:12","modified_gmt":"2026-05-28T07:12:12","slug":"montezemolo-durvan-nekiment-a-ferrari-elektromos-autojanak","status":"publish","type":"post","link":"https:\/\/www.europesays.com\/hu\/116379\/","title":{"rendered":"Montezemolo durv\u00e1n nekiment a Ferrari elektromos aut\u00f3j\u00e1nak"},"content":{"rendered":"<p data-alignment=\"left\" class=\"text-left\" data-block-key=\"4dl1k\">Ritka az aut\u00f3iparban az olyan <a href=\"https:\/\/totalcar.hu\/magazin\/2026\/05\/26\/a-ferrari-menthetetlenul-elfuseralta-ferrari-luce-velemeny\/\" target=\"_blank\" rel=\" noopener noreferrer nofollow\" data-link-preview=\"true\" data-og-title=\"A Ferrari menthetetlen\u00fcl elfuser\u00e1lta?\" data-og-description=\"J\u00e9ghideg sokk, d\u00f6bbenet, m\u00e9ly gy\u00e1sz, d\u00fch \u00e9s \u00e1rul\u00e1s: hitetlenkedve n\u00e9zt\u00fck a Ferrari Luc\u00e9t, nem akartuk elhinni, hogy ez t\u00e9nyleg a val\u00f3s\u00e1g, \u00e9s nem valami rafk\u00f3s m\u00e9diahekk. T\u00f6rt\u00e9nelmi jelent\u0151s\u00e9g\u0171 napon van t\u00fal a Ferrari, \u00e9s nem j\u00f3 \u00e9rtelemben: bemutatt\u00e1k az els\u0151 elektromos aut\u00f3jukat, \u00e9s m\u00e9g mindig nem hissz\u00fck el. Legal\u00e1bb azt a c\u00e9lt r\u00e9smentesen siker\u00fclt el\u00e9rni, hogy mindenki r\u00f3luk besz\u00e9ljen. A szerkeszt\u0151s\u00e9g minden tagj\u00e1nak megvan a v\u00e9lem\u00e9nye az \u00fajdons\u00e1gr\u00f3l, \u00fagyhogy most \u00f6sszeszedt\u00fck, hogy ki mit gondol a Ferrari Luc\u00e9r\u00f3l.\" data-og-image=\"https:\/\/totalcar.hu\/media\/images\/FERRARI_LUCE_FRONT_3Q_16x9_RGB_hc3LEfu.format-jpeg.max-3840x2160.jpg\" data-og-column=\"Magazin\" data-og-tags=\"[&quot;Magazin&quot;, &quot;v\\u00e9lem\\u00e9ny&quot;, &quot;ferrari&quot;, &quot;luce&quot;, &quot;ferrari luce&quot;, &quot;elektromos aut\\u00f3&quot;, &quot;villanyaut\\u00f3&quot;, &quot;jony ive&quot;]\">nyers \u00e9s \u0151szinte kritika<\/a>, mint amit Luca di Montezemolo z\u00fad\u00edtott a Ferrari leg\u00fajabb b\u00fcszkes\u00e9g\u00e9re. Maranello egykori ikonikus feje az olasz gy\u00e1riparosok sz\u00f6vets\u00e9g\u00e9nek gy\u0171l\u00e9s\u00e9n, majd a kamer\u00e1k el\u0151tt is brut\u00e1lisan odacsapott a frissen bemutatott, tiszt\u00e1n elektromos Ferrari Luce modellnek. Montezemolo szerint a futurisztikus, 550 000 eur\u00f3s luxusaut\u00f3 egy\u00e1ltal\u00e1n nem m\u00e9lt\u00f3 az alap\u00edt\u00f3, <a href=\"https:\/\/totalcar.hu\/hirek\/2026\/01\/24\/oruletes-rekordaron-kelt-el-egy-meses-ferrari-enzo\/\" target=\"_blank\" rel=\" noopener noreferrer nofollow\">Enzo Ferrari<\/a> szellemis\u00e9g\u00e9hez, s\u0151t, komoly identit\u00e1sv\u00e1ls\u00e1got hoz a m\u00e1rk\u00e1ra.<\/p>\n<p>  <a rel=\"noopener nofollow\" href=\"https:\/\/indamediasales.hu\/2019\/06\/25\/quality_placement_minosegbiztositasi_tajekoztato_728\" target=\"_blank\"><\/p>\n<p>      <img loading=\"lazy\" decoding=\"async\" src=\"https:\/\/totalcar.hu\/static\/images\/brand\/quality_placement_logo.svg\" alt=\"Quality Placement\" width=\"150\" height=\"15\"\/><\/p>\n<p>  <\/a><\/p>\n<p>\n  hirdet\u00e9s\n<\/p>\n<p>\n          \u201eHa teljesen elmondan\u00e1m, amit gondolok, azzal \u00e1rtan\u00e9k a Ferrarinak\u201d\n        <\/p>\n<p data-alignment=\"left\" class=\"text-left\" data-block-key=\"4dl1k\">\u2013 kezdte v\u00e9szj\u00f3sl\u00f3an a kor\u00e1bbi eln\u00f6k.<\/p>\n<p data-alignment=\"left\" class=\"text-left\" data-block-key=\"825lm\">\u201eAzzal kock\u00e1ztatnak, hogy elpuszt\u00edtanak egy <a href=\"https:\/\/totalcar.hu\/hirek\/2026\/04\/24\/nagy-dobasra-keszul-az-audi-elo-legenda-kerulhet-az-f1-es-csapat-elere\/\" target=\"_blank\" rel=\" noopener noreferrer nofollow\">\u00e9l\u0151 legend\u00e1t<\/a>, \u00e9s m\u00e9rhetetlen\u00fcl f\u00e1j ezt kimondanom. Csak rem\u00e9lni tudom, hogy legal\u00e1bb az \u00e1gaskod\u00f3 lovas log\u00f3t leveszik arr\u00f3l az aut\u00f3r\u00f3l.\u201d<\/p>\n<p>            <img loading=\"lazy\" decoding=\"async\" alt=\"\" class=\"w-full h-auto max-h-[402px] max-w-[268px] lg:max-h-[669px] lg:max-w-[446px] rounded-[20px] mx-auto\" height=\"370\"  src=\"https:\/\/www.europesays.com\/hu\/wp-content\/uploads\/2026\/05\/tempImagesYhyTZ.format-jpeg.max-278x370.jpg\"  width=\"246\"\/><\/p>\n<p>    Fot\u00f3: WikiPedia<\/p>\n<p data-alignment=\"left\" class=\"text-left\" data-block-key=\"4dl1k\">A kritika nemcsak az elektromos hajt\u00e1sl\u00e1ncnak, hanem a formatervnek is sz\u00f3lt, ami a kritikusok szerint is sokkal ink\u00e1bb eml\u00e9keztet egy minimalista, alum\u00edniumb\u00f3l \u00e9s \u00fcvegb\u0151l gy\u00fart Apple-koncepci\u00f3ra, mint egy klasszikus, \u00e9rzelmekt\u0151l f\u0171t\u00f6tt <a href=\"https:\/\/totalcar.hu\/hirek\/2025\/07\/02\/itt-az-amalfi-az-uj-olcso-ferrari\/\" target=\"_blank\" rel=\" noopener noreferrer nofollow\">maranell\u00f3i sportkocsira<\/a>.<\/p>\n<p data-alignment=\"left\" class=\"text-left\" data-block-key=\"4dl1k\">A felh\u00e1borod\u00e1s hull\u00e1mai r\u00e1ad\u00e1sul politikai \u00e9s \u00fczleti k\u00f6r\u00f6kig \u00e9rnek: a bemutat\u00f3 ut\u00e1n a Ferrari r\u00e9szv\u00e9nyei is megroggyantak a t\u0151zsd\u00e9n. Montezemolo r\u00e1ad\u00e1sul egy rendk\u00edv\u00fcl szarkasztikus po\u00e9nt is eleresztett a diz\u00e1jn kapcs\u00e1n, megjegyezve, hogy a Luce egy olyan aut\u00f3 lett, amit<\/p>\n<p data-alignment=\"left\" class=\"text-left\" data-block-key=\"825lm\">\u201em\u00e9g a k\u00ednai gy\u00e1rt\u00f3k sem venn\u00e9k a f\u00e1radts\u00e1got, hogy lem\u00e1solj\u00e1k\u201d.<\/p>\n<p data-alignment=\"left\" class=\"text-left\" data-block-key=\"4dl1k\">Ek\u00f6zben a Stellantis-csoportot ostoroz\u00f3 Carlo Calenda olasz szen\u00e1tor is csatlakozott a fanyalg\u00f3khoz, aki szerint a John Elkann vezet\u00e9se alatt \u00e1ll\u00f3 c\u00e9gbirodalom egy igazi eszt\u00e9tikai \u00e9s technol\u00f3giai inzultust szabad\u00edtott az aut\u00f3s vil\u00e1gra.<\/p>\n<p data-alignment=\"left\" class=\"text-left\" data-block-key=\"4dl1k\">Mik\u00f6zben a Ferrari jelenlegi vezet\u00e9se azzal v\u00e9dekezik, hogy a <a href=\"https:\/\/totalcar.hu\/hirek\/2026\/05\/26\/legyen-feny-megerkezett-a-ferrari-tortenetenek-elso-elektromos-autoja-ferrari-luce\/\" target=\"_blank\" rel=\" noopener noreferrer nofollow\">Luce<\/a> a m\u00e9rn\u00f6ki kiv\u00e1l\u00f3s\u00e1g \u00e9s az \u00faj korszak \u00e9rzelmes tal\u00e1lkoz\u00e1sa, a hagyom\u00e1ny\u0151rz\u0151 t\u00f6rzsk\u00f6z\u00f6ns\u00e9g \u00e9s a r\u00e9gi g\u00e1rda l\u00e1that\u00f3an k\u00e9ptelen megem\u00e9szteni a v\u00e1lt\u00e1st. \u00dagy t\u0171nik, hi\u00e1ba b\u00fcszk\u00e9lkednek az iPhone-os hat\u00e1s\u00fa, letisztult kezel\u0151fel\u00fcletekkel \u00e9s a futurisztikus luxussal, ha az a bizonyos \u201cFerrari-g\u00e9n\u201d nincsen meg benne.<\/p>\n<p data-alignment=\"left\" class=\"text-left\" data-block-key=\"4dl1k\">Montezemolo kem\u00e9ny szavai j\u00f3l mutatj\u00e1k, hogy a \u201cPrancing Horse\u201d log\u00f3 k\u00f6r\u00fcli hagyom\u00e1ny meg\u0151rz\u00e9se a j\u00f6v\u0151ben sokkal nehezebb feladat lesz, mint meg\u00edrni a szoftvert a vil\u00e1g legdr\u00e1g\u00e1bb gurul\u00f3 okostelefonj\u00e1hoz, \u00e9s szerinte is enn\u00e9l jobban kell igyekeznie a Ferrarinak.<\/p>\n","protected":false},"excerpt":{"rendered":"Ritka az aut\u00f3iparban az olyan nyers \u00e9s \u0151szinte kritika, mint amit Luca di Montezemolo z\u00fad\u00edtott a Ferrari leg\u00fajabb&hellip;\n","protected":false},"author":2,"featured_media":116380,"comment_status":"","ping_status":"","sticky":false,"template":"","format":"standard","meta":{"footnotes":"","_share_on_mastodon":"0"},"categories":[33],"tags":[10391,638,38,35,37,44,42,40,37727,4515,43,41,34,36,39],"class_list":["post-116379","post","type-post","status-publish","format-standard","has-post-thumbnail","category-hirek","tag-elektromos","tag-ferrari","tag-focimek","tag-headlines","tag-hirek","tag-hu","tag-hungarian","tag-hungary","tag-luca-di-montezemolo","tag-luce","tag-magyar","tag-magyarorszag","tag-news","tag-top-stories","tag-vezeto-hirek"],"share_on_mastodon":{"url":"https:\/\/pubeurope.com\/@hu\/116650963364706715","error":""},"_links":{"self":[{"href":"https:\/\/www.europesays.com\/hu\/wp-json\/wp\/v2\/posts\/116379","targetHints":{"allow":["GET"]}}],"collection":[{"href":"https:\/\/www.europesays.com\/hu\/wp-json\/wp\/v2\/posts"}],"about":[{"href":"https:\/\/www.europesays.com\/hu\/wp-json\/wp\/v2\/types\/post"}],"author":[{"embeddable":true,"href":"https:\/\/www.europesays.com\/hu\/wp-json\/wp\/v2\/users\/2"}],"replies":[{"embeddable":true,"href":"https:\/\/www.europesays.com\/hu\/wp-json\/wp\/v2\/comments?post=116379"}],"version-history":[{"count":0,"href":"https:\/\/www.europesays.com\/hu\/wp-json\/wp\/v2\/posts\/116379\/revisions"}],"wp:featuredmedia":[{"embeddable":true,"href":"https:\/\/www.europesays.com\/hu\/wp-json\/wp\/v2\/media\/116380"}],"wp:attachment":[{"href":"https:\/\/www.europesays.com\/hu\/wp-json\/wp\/v2\/media?parent=116379"}],"wp:term":[{"taxonomy":"category","embeddable":true,"href":"https:\/\/www.europesays.com\/hu\/wp-json\/wp\/v2\/categories?post=116379"},{"taxonomy":"post_tag","embeddable":true,"href":"https:\/\/www.europesays.com\/hu\/wp-json\/wp\/v2\/tags?post=116379"}],"curies":[{"name":"wp","href":"https:\/\/api.w.org\/{rel}","templated":true}]}}