{"id":116419,"date":"2026-05-28T07:41:15","date_gmt":"2026-05-28T07:41:15","guid":{"rendered":"https:\/\/www.europesays.com\/hu\/116419\/"},"modified":"2026-05-28T07:41:15","modified_gmt":"2026-05-28T07:41:15","slug":"index-belfold-a-fovarost-is-erintheti-az-azbesztszennyezes","status":"publish","type":"post","link":"https:\/\/www.europesays.com\/hu\/116419\/","title":{"rendered":"Index &#8211; Belf\u00f6ld &#8211; A f\u0151v\u00e1rost is \u00e9rintheti az azbesztszennyez\u00e9s"},"content":{"rendered":"<p>M\u00e1ra teljesen le\u00e1ll\u00edtott\u00e1k a Magyarorsz\u00e1gra ir\u00e1nyul\u00f3 \u00e9rt\u00e9kes\u00edt\u00e9st, miut\u00e1n <a href=\"https:\/\/index.hu\/belfold\/2026\/05\/22\/gajdos-laszlo-elo-kornyezetert-felelos-miniszter-ausztria-azbeszt-szennyezes\/\" id=\"hyperlink_8d322cad9010cea0d3e230563bcc71e9\" target=\"_blank\" title=\"Nem \u00e9rkezik t\u00f6bb azbeszttartalm\u00fa k\u0151zet Ausztri\u00e1b\u00f3l\" rel=\"nofollow noopener\">Gajdos L\u00e1szl\u00f3<\/a> \u00e9l\u0151 k\u00f6rnyezet\u00e9rt felel\u0151s miniszter k\u00f6zvetlen\u00fcl egyeztetett az osztr\u00e1k \u00fczem tulajdonos\u00e1val, eddigre azonban t\u00f6bb ezer tonna azbesztes k\u0151z\u00fazal\u00e9kot export\u00e1ltak, amelyet <a href=\"https:\/\/index.hu\/belfold\/2026\/05\/18\/kormanyules-sajtotajekoztato-tisza-part-magyar-peter-kegyelmi-ugy-azbesztszennyezes-koltsegvetes\/az-azbesztszennyezesrol-is-targyalt-a-kormany\/\" id=\"hyperlink_e4a7a4849b12ef0dcd01f7d6faeecc65\" target=\"_blank\" title=\"Az azbesztszennyez\u00e9sr\u0151l is t\u00e1rgyalt a korm\u00e1ny\" rel=\"nofollow noopener\">legal\u00e1bb h\u00e1rom megy\u00e9ben<\/a>, t\u00f6bb sz\u00e1z helysz\u00ednen haszn\u00e1ltak fel.<\/p>\n<p>T\u00e1rcak\u00f6zi munkacsoport \u00e9s osztr\u00e1k\u2013magyar bizotts\u00e1g alakult az ausztriai b\u00e1ny\u00e1kb\u00f3l \u00e9rkezett azbeszttel szennyezett k\u0151z\u00fazal\u00e9k \u00fcgy\u00e9nek kivizsg\u00e1l\u00e1s\u00e1ra \u2013 jelentett\u00e9k be a korm\u00e1nysz\u00f3viv\u0151k.\u00a0K\u00f6b\u00f6l Anita elmondta: \u201eA korm\u00e1ny c\u00e9lja az, hogy a <a href=\"https:\/\/index.hu\/belfold\/2026\/05\/27\/tisza-kormany-kormanyinfo-tajekoztato-parlament-orszaggyules\/az-azbeszt-problema-miatt-megkezdik-a-lakossag-egeszsegugyi-monitorozasat\/\" id=\"hyperlink_9d5fb78040591559ca898afa1c2e3ab7\" target=\"_blank\" title=\"Az azbesztprobl\u00e9ma miatt megkezdik a lakoss\u00e1g eg\u00e9szs\u00e9g\u00fcgyi monitoroz\u00e1s\u00e1t\" rel=\"nofollow noopener\">lak\u00f3k eg\u00e9szs\u00e9g\u00fcgyi monitoringja<\/a> megkezd\u0151dj\u00f6n.\u201d<\/p>\n<p>A sz\u00f3viv\u0151 egy \u00faj t\u00e1j\u00e9koztat\u00f3 honlapot is aj\u00e1nlott az \u00e9rintettek figyelm\u00e9be:<\/p>\n<p>Szeretn\u00e9k a figyelm\u00fckbe aj\u00e1nlani egy weboldalt is, ez egy lakoss\u00e1gi t\u00e1j\u00e9koztat\u00e1s, a tud\u00e1st\u00e1r.kszgysz.hu oldalon minden ahhoz sz\u00fcks\u00e9ges inform\u00e1ci\u00f3t megtal\u00e1lnak az \u00e9rintett telep\u00fcl\u00e9seken, ter\u00fcleteken \u00e9l\u0151k, hogyha gyan\u00fajuk szerint felmer\u00fclne azbesztszennyez\u00e9s, els\u0151sorban ugye mag\u00e1nutakr\u00f3l besz\u00e9lhet\u00fcnk, akkor a mintav\u00e9tel hogyan t\u00f6rt\u00e9njen \u00e9s hogyan tudj\u00e1k azt megel\u0151zni, hogy a k\u00e1ros anyag a leveg\u0151be ker\u00fclj\u00f6n.<\/p>\n<p>Kor\u00e1bban \u00edrtunk arr\u00f3l, hogy az osztr\u00e1k export\u0151r\u00f6k <a href=\"https:\/\/index.hu\/gazdasag\/2026\/05\/27\/ausztria-banya-azbesztszennyezes-arbevetel\/\" id=\"hyperlink_8aff40cdd99f0e7cca188ca93911d774\" target=\"_blank\" title=\"Milli\u00e1rdokat kereshettek az osztr\u00e1k export\u0151r\u00f6k a Magyarorsz\u00e1gra eladott azbeszttel szennyezett k\u0151z\u00fazal\u00e9kon\" rel=\"nofollow noopener\">milli\u00e1rdokat kereshettek<\/a> a szennyezett k\u0151z\u00fazal\u00e9kkal, a <a href=\"https:\/\/telex.hu\/g7\/vallalat\/2026\/05\/27\/azbeszt-szennyezes-osztrak-banyak-kavics-import-forgalom-nyereseg\" id=\"hyperlink_50f8d2879f881bd59c09941526dbb362\" rel=\"nofollow noopener\" target=\"_blank\">G7<\/a>\u00a0egy cikk\u00e9ben pedig arr\u00f3l is besz\u00e1molt, hogy\u00a0a szennyez\u00e9s pontos magyarorsz\u00e1gi kiterjed\u00e9se tov\u00e1bbra sem ismert, de<\/p>\n<p>NAV-adatok szerint 2015 \u00f3ta t\u00f6bb magyarorsz\u00e1gi c\u00edmre, k\u00f6zt\u00fck Budapest k\u00f6rny\u00e9k\u00e9re \u00e9s a Duna\u2013Tisza k\u00f6z\u00e9re is sz\u00e1ll\u00edthattak az \u00e9rintett b\u00e1ny\u00e1kb\u00f3l sz\u00e1rmaz\u00f3 k\u00f6vet.<\/p>\n<p>                        Az\u00a0\u00e9l\u0151 k\u00f6rnyezet\u00e9rt felel\u0151s miniszter is megsz\u00f3lalt<\/p>\n<p>Gajdos L\u00e1szl\u00f3 az ATV Egyenes besz\u00e9d kedd esti m\u0171sor\u00e1ban \u00fagy fogalmazott az \u00fcggyel kapcsolatban, hogy<\/p>\n<p>van egy k\u00fcldet\u00e9s\u00fcnk, hogy azt vegy\u00fck m\u00e1r tudom\u00e1sul, hogy nem lehet az emberek eg\u00e9szs\u00e9g\u00e9vel j\u00e1tszani.<\/p>\n<p>A miniszter szerint hi\u00e1ba van elm\u00e9letben z\u00e9r\u00f3 tolerancia az azbeszttel szemben, azbesztes z\u00fazott k\u0151 m\u00e9gis sz\u00e1mos helyre ker\u00fclhetett Magyarorsz\u00e1gon.<\/p>\n<p>Gajdos t\u00e1j\u00e9koztatott, hogy az \u00f6t \u00e9rintett b\u00e1ny\u00e1b\u00f3l n\u00e9gyet m\u00e1r bez\u00e1rtak, az \u00f6t\u00f6dik m\u0171k\u00f6d\u00e9s\u00e9t pedig \u00f6nkorl\u00e1toz\u00e1sra k\u00e9rt\u00e9k, majd hozz\u00e1tette: jelenleg azt vizsg\u00e1lj\u00e1k, tudtak-e a magyar keresked\u0151k a sz\u00e1ll\u00edtm\u00e1nyok vesz\u00e9lyes tartalm\u00e1r\u00f3l. Kiemelte azt is, hogy a korm\u00e1ny \u00e1ll\u00e1spontja tov\u00e1bbra is az, hogy\u00a0<a href=\"https:\/\/index.hu\/belfold\/2026\/05\/27\/tisza-kormany-kormanyinfo-tajekoztato-parlament-orszaggyules\/az-azbeszt-ugyeben-a-szennyezo-fizet-elv-mukodik-majd\/\" id=\"hyperlink_7ed0afc3df1e5c0e67d9d1e9b2ba0147\" target=\"_blank\" title=\"Az azbeszt \u00fcgy\u00e9ben a szennyez\u0151 fizet elv m\u0171k\u00f6dik majd\" rel=\"nofollow noopener\">\u201ea szennyez\u0151 fizet\u201d<\/a>.<\/p>\n<p>\u201eCsak <a href=\"https:\/\/index.hu\/belfold\/2026\/02\/17\/azbeszt-szombathely-szennyezes-ut--mergezes-egeszseg\/\" id=\"hyperlink_17a54198509703c67d029d3ab6284820\" target=\"_blank\" title=\"Azbeszttel szennyezett egy szombathelyi utca, a felel\u0151s \u00fczemeltet\u0151 egyel\u0151re nem reag\u00e1lt\" rel=\"nofollow noopener\">Szombathelyen<\/a>, ahol el\u0151sz\u00f6r kibukott \u00e9s a legnagyobb a szennyez\u00e9s, 12 kilom\u00e9ter \u00fat van, t\u00f6bb mint 100 ezer tonna k\u00f6vet kell felszedni, \u00faj utat csin\u00e1lni, \u00e9s a legfontosabb, hogy ezt a 100 ezer tonna szennyezett k\u00f6vet le kell t\u00e1rolni, szeretn\u00e9nk, ha ez visszaker\u00fclne az osztr\u00e1k b\u00e1ny\u00e1ba\u201d \u2013 sz\u00e1molt be Gajdos L\u00e1szl\u00f3, aki arr\u00f3l is besz\u00e9lt,\u00a0hogy folyamatosan m\u00e9rik a leveg\u0151 azbesztterhel\u00e9s\u00e9t, az \u00e9rintett megy\u00e9k korm\u00e1nyhivatalai pedig k\u00fcl\u00f6n forr\u00e1st kaptak mintav\u00e9telez\u00e9sre. Jelenleg azt pr\u00f3b\u00e1lj\u00e1k felt\u00e9rk\u00e9pezni, hol haszn\u00e1lhatt\u00e1k fel az azbeszttel szennyezett k\u0151z\u00fazal\u00e9kot.<\/p>\n<p>A G7 cikke szerint hib\u00e1k sorozata vezethetett oda, hogy osztr\u00e1k b\u00e1ny\u00e1kb\u00f3l azbeszttel szennyezett k\u0151 ker\u00fclhetett Magyarorsz\u00e1gra, mik\u00f6zben a vesz\u00e9lyr\u0151l a hat\u00f3s\u00e1gok m\u00e1r \u00e9vtizedekkel ezel\u0151tt tudhattak. Az osztr\u00e1k <a href=\"https:\/\/www.falter.at\/zeitung\/20260324\/das-verseuchte-bundesland\" id=\"hyperlink_1da7388dd8c59a4ddd512f546cd8f9f9\" rel=\"nofollow noopener\" target=\"_blank\">Falter<\/a> oknyomoz\u00e1s\u00e1ra hivatkozva azt \u00edrt\u00e1k:<\/p>\n<p>az \u00e9rintett b\u00e1ny\u00e1k azbesztszennyezetts\u00e9g\u00e9t m\u00e1r 1994-ben m\u00e9r\u00e9sek igazolt\u00e1k, Rohoncn\u00e1l pedig m\u00e1r 1933-ban is magas azbesztkoncentr\u00e1ci\u00f3t \u00e9szleltek.<\/p>\n<p>\n                          (Bor\u00edt\u00f3k\u00e9p:\u00a0Az azbeszttel szennyezett szombathelyi S\u00edp utca bitumenes z\u00e1r\u00e1s\u00e1n dolgoznak 2026. m\u00e1jus 12-\u00e9n. Fot\u00f3:\u00a0Katona Tibor \/ MTI)\n                        <\/p>\n<p><a href=\"https:\/\/dex.hu\/x.php?id=googlepref_desktop&amp;url=https:\/\/google.com\/preferences\/source?q=https:\/\/index.hu\" class=\"google-pref-banner \" id=\"googlePrefBanner\" rel=\"nofollow noopener\" target=\"_blank\"><\/p>\n<p>    Itt \u00e1ll\u00edtsa be, hogy az Index az els\u0151k k\u00f6z\u00f6tt legyen a Google-tal\u00e1latokban!<\/p>\n<p><\/a><\/p>\n<p>                <a href=\"https:\/\/konyvek.index.hu\/\" target=\"_blank\" rel=\"nofollow noopener\"><br \/>\n                <img decoding=\"async\" src=\"https:\/\/index.hu\/assets\/images\/konyvajanlo\/book_indapress\/book_indapress_logo.svg\" loading=\"lazy\" alt=\"Inda Press Kiad\u00f3\"\/><br \/>\n                <\/a><\/p>\n<p>                <img decoding=\"async\" src=\"https:\/\/www.europesays.com\/hu\/wp-content\/uploads\/2026\/05\/1779954073_353_budapest.png\" loading=\"lazy\" alt=\"23 \u2013 Nagy budapesti ker\u00fclethat\u00e1roz\u00f3\"\/><\/p>\n<p>Izgalmas t\u00f6rt\u00e9netek, rejtett kincsek, \u00e9rdekes \u00e9p\u00fcletek &#8211; nem csak budapestieknek.<\/p>\n<p>                <a class=\"book_index_btn\" href=\"https:\/\/indexadhu.hit.gemius.pl\/hitredir?id=nSCbubuYpDWJZLZs0TssLrbt33Lk5kbipuiZrkg89G3.g7&amp;stparam=yoojcxjrby&amp;fastid=maqqjzmjjiorpyjhphrcutrnpkmz&amp;nc=0&amp;url=https:\/\/www.indapresskiado.hu\/products\/23-nagy-budapesti-ker-hat\" target=\"_blank\" rel=\"nofollow noopener\">MEGVESZEM<\/a><\/p>\n<p>    <img decoding=\"async\" src=\"https:\/\/www.europesays.com\/hu\/wp-content\/uploads\/2026\/05\/1779954075_177_redot.gif\"\/><\/p>\n<p>    <img decoding=\"async\" src=\"https:\/\/index.hu\/assets\/images\/social-follow\/logo-big.svg\" alt=\"Index.hu logo\"\/><\/p>\n<p>K\u00f6vesse az Indexet Facebookon is!<\/p>\n<p>    <a href=\"https:\/\/facebook.com\/Indexhu\" target=\"_blank\" rel=\"nofollow noopener\"><\/p>\n<p>        K\u00f6vetem!<br \/>\n    <\/a><\/p>\n","protected":false},"excerpt":{"rendered":"M\u00e1ra teljesen le\u00e1ll\u00edtott\u00e1k a Magyarorsz\u00e1gra ir\u00e1nyul\u00f3 \u00e9rt\u00e9kes\u00edt\u00e9st, miut\u00e1n Gajdos L\u00e1szl\u00f3 \u00e9l\u0151 k\u00f6rnyezet\u00e9rt felel\u0151s miniszter k\u00f6zvetlen\u00fcl egyeztetett az osztr\u00e1k&hellip;\n","protected":false},"author":2,"featured_media":116420,"comment_status":"","ping_status":"","sticky":false,"template":"","format":"standard","meta":{"footnotes":"","_share_on_mastodon":"0"},"categories":[22],"tags":[23332,26470,20438,80,73,37735,8069,44,42,40,43,41,11042],"class_list":["post-116419","post","type-post","status-publish","format-standard","has-post-thumbnail","category-budapest","tag-azbeszt","tag-azbesztszennyezes","tag-banya","tag-belfold","tag-budapest","tag-duna-tisza-koze","tag-gajdos-laszlo","tag-hu","tag-hungarian","tag-hungary","tag-magyar","tag-magyarorszag","tag-osztrak"],"share_on_mastodon":{"url":"https:\/\/pubeurope.com\/@hu\/116651077565332494","error":""},"_links":{"self":[{"href":"https:\/\/www.europesays.com\/hu\/wp-json\/wp\/v2\/posts\/116419","targetHints":{"allow":["GET"]}}],"collection":[{"href":"https:\/\/www.europesays.com\/hu\/wp-json\/wp\/v2\/posts"}],"about":[{"href":"https:\/\/www.europesays.com\/hu\/wp-json\/wp\/v2\/types\/post"}],"author":[{"embeddable":true,"href":"https:\/\/www.europesays.com\/hu\/wp-json\/wp\/v2\/users\/2"}],"replies":[{"embeddable":true,"href":"https:\/\/www.europesays.com\/hu\/wp-json\/wp\/v2\/comments?post=116419"}],"version-history":[{"count":0,"href":"https:\/\/www.europesays.com\/hu\/wp-json\/wp\/v2\/posts\/116419\/revisions"}],"wp:featuredmedia":[{"embeddable":true,"href":"https:\/\/www.europesays.com\/hu\/wp-json\/wp\/v2\/media\/116420"}],"wp:attachment":[{"href":"https:\/\/www.europesays.com\/hu\/wp-json\/wp\/v2\/media?parent=116419"}],"wp:term":[{"taxonomy":"category","embeddable":true,"href":"https:\/\/www.europesays.com\/hu\/wp-json\/wp\/v2\/categories?post=116419"},{"taxonomy":"post_tag","embeddable":true,"href":"https:\/\/www.europesays.com\/hu\/wp-json\/wp\/v2\/tags?post=116419"}],"curies":[{"name":"wp","href":"https:\/\/api.w.org\/{rel}","templated":true}]}}