{"id":117502,"date":"2026-05-29T01:22:13","date_gmt":"2026-05-29T01:22:13","guid":{"rendered":"https:\/\/www.europesays.com\/hu\/117502\/"},"modified":"2026-05-29T01:22:13","modified_gmt":"2026-05-29T01:22:13","slug":"oroszorszag-megfenyegette-ormenyorszagot-ugrik-az-olcso-gaz-es-olaj-ha-tovabb-kozelednek-az-eu-hoz","status":"publish","type":"post","link":"https:\/\/www.europesays.com\/hu\/117502\/","title":{"rendered":"Oroszorsz\u00e1g megfenyegette \u00d6rm\u00e9nyorsz\u00e1got: ugrik az olcs\u00f3 g\u00e1z \u00e9s olaj, ha tov\u00e1bb k\u00f6zelednek az EU-hoz"},"content":{"rendered":"<p class=\"\">\n    Oroszorsz\u00e1g azzal fenyegette meg \u00d6rm\u00e9nyorsz\u00e1got, hogy le\u00e1ll\u00edtja az olcs\u00f3 olaj-, g\u00e1z- \u00e9s nyersgy\u00e9m\u00e1nt-sz\u00e1ll\u00edt\u00e1sokat, ha Jerev\u00e1n tov\u00e1bb k\u00f6zeledik az Eur\u00f3pai Uni\u00f3hoz. A figyelmeztet\u00e9s k\u00fcl\u00f6n\u00f6sen \u00e9rz\u00e9keny pillanatban \u00e9rkezett: n\u00e9h\u00e1ny nappal a j\u00fanius 7-i \u00f6rm\u00e9ny parlamenti v\u00e1laszt\u00e1s el\u0151tt, amikor a nyugatbar\u00e1t ir\u00e1nyba fordul\u00f3 Nikol Pashinyan p\u00e1rtja k\u00e9nyelmes el\u0151nnyel vezet a k\u00f6zv\u00e9lem\u00e9ny-kutat\u00e1sokban, \u00edrja a <a href=\"https:\/\/www.reuters.com\/business\/energy\/russia-warns-armenia-it-could-end-cheap-fuel-supplies-if-yerevan-continues-eu-2026-05-27\/\" target=\"_blank\" rel=\"nofollow noopener\">Reuters<\/a>.\n  <\/p>\n<p>    <a href=\"https:\/\/www.europesays.com\/hu\/wp-content\/uploads\/2026\/05\/7eO0rVv4dmja1QGwps.jpeg\" class=\"uwwrama _1chu0ywg _8b6bx65\" rel=\"nofollow\"><\/p>\n<p>  <img decoding=\"async\" loading=\"lazy\" src=\"https:\/\/www.europesays.com\/hu\/wp-content\/uploads\/2026\/05\/7eO0rVv4dmja1QGwps.jpeg\"   class=\"_672m2jd _1chu0ywo ta3a4c1ey ta3a4c1aa he2knv4 ta3a4c1ey ta3a4czs\" style=\"--_672m2j6:1.50;--_672m2j5:2560px 1706px\" alt=\"\"\/><\/p>\n<p>      <\/a><\/p>\n<p>\n              Marija Zaharova\n            <\/p>\n<p>\n              Fot\u00f3:<br \/>\n                RUSSIAN FOREIGN PRESS SERVICE \/\/Anadolu Agency via AFP\n            <\/p>\n<p class=\"\">\n    Az orosz k\u00fcl\u00fcgyminiszt\u00e9rium sz\u00f3viv\u0151je, Maria Zakharova szerint az orosz nagyk\u00f6vets\u00e9g hivatalosan is tov\u00e1bb\u00edtott egy levelet az \u00f6rm\u00e9ny korm\u00e1nynak, amelyben Moszkva kil\u00e1t\u00e1sba helyezte az energetikai \u00e9s nyersanyag-egy\u00fcttm\u0171k\u00f6d\u00e9s felf\u00fcggeszt\u00e9s\u00e9t, ha \u00d6rm\u00e9nyorsz\u00e1g folytatja <a href=\"https:\/\/444.hu\/2025\/01\/09\/ormenyorszag-csatlakozna-az-eu-hoz\" target=\"_blank\" rel=\"nofollow noopener\">EU-csatlakoz\u00e1si<\/a> folyamat\u00e1t.\n  <\/p>\n<p class=\"\">\n    A d\u00e9l-kauk\u00e1zusi orsz\u00e1g hagyom\u00e1nyosan er\u0151sen k\u00f6t\u0151dik Oroszorsz\u00e1ghoz: tagja az orosz vezet\u00e9s\u0171 Eur\u00e1zsiai Gazdas\u00e1gi Uni\u00f3nak, orosz katonai b\u00e1zisok m\u0171k\u00f6dnek a ter\u00fclet\u00e9n, \u00e9s energiasz\u00fcks\u00e9glet\u00e9nek jelent\u0151s r\u00e9sz\u00e9t is Moszkva fedezi. Az Interfax szerint tavaly az \u00f6rm\u00e9ny g\u00e1zimport 82 sz\u00e1zal\u00e9ka Oroszorsz\u00e1gb\u00f3l \u00e9rkezett.\n  <\/p>\n<p class=\"\">\n    A viszony azonban l\u00e1tv\u00e1nyosan megromlott az\u00f3ta, hogy Azerbajdzs\u00e1n 2023 \u0151sz\u00e9n visszafoglalta a szakad\u00e1r Hegyi-Karabah t\u00e9rs\u00e9g\u00e9t. Az \u00f6rm\u00e9ny vezet\u00e9s akkor ny\u00edltan azzal v\u00e1dolta Moszkv\u00e1t, hogy cserben hagyta az orsz\u00e1got, hi\u00e1ba \u00e1llom\u00e1soztak orosz b\u00e9kefenntart\u00f3k a r\u00e9gi\u00f3ban. Az esem\u00e9nyek ut\u00e1n t\u00f6bb t\u00edzezer \u00f6rm\u00e9ny <a href=\"https:\/\/444.hu\/2024\/07\/01\/mindenkinek-at-kellene-ereznie-mi-az-ha-kiuznek-az-otthonodbol\" target=\"_blank\" rel=\"nofollow noopener\">menek\u00fclt el<\/a> a t\u00e9rs\u00e9gb\u0151l.\n  <\/p>\n<p class=\"\">\n    Nikol Pashinyan az\u00f3ta l\u00e1tv\u00e1nyosan k\u00f6zeledik a Nyugathoz: \u00d6rm\u00e9nyorsz\u00e1g tavaly t\u00f6rv\u00e9nyt fogadott el az EU-csatlakoz\u00e1si folyamat elind\u00edt\u00e1s\u00e1r\u00f3l, emellett felf\u00fcggesztette r\u00e9szv\u00e9tel\u00e9t az orosz vezet\u00e9s\u0171 katonai sz\u00f6vets\u00e9gben is.\n  <\/p>\n<p class=\"\">\n    A nyit\u00e1s egyik legl\u00e1tv\u00e1nyosabb jele volt, hogy kedden Marco Rubio amerikai k\u00fcl\u00fcgyminiszter Jerev\u00e1nba l\u00e1togatott, ahol strat\u00e9giai partners\u00e9gi meg\u00e1llapod\u00e1st \u00edrt al\u00e1 az \u00f6rm\u00e9ny vezet\u00e9ssel.\n  <\/p>\n<p class=\"\">\n    Moszkva szerint azonban \u00d6rm\u00e9nyorsz\u00e1g olyan ir\u00e1nyba sodr\u00f3dik, amely \u00f6sszeegyeztethetetlen az orosz gazdas\u00e1gi blokkal. Az orosz f\u00e9l kor\u00e1bban m\u00e1r azzal is megv\u00e1dolta Jerev\u00e1nt, hogy az EU \u201eoroszellenes p\u00e1ly\u00e1j\u00e1ra\u201d \u00e1llt, \u00e9s teret ad Volodimir Zelenszkij \u201eoroszellenes kijelent\u00e9seinek\u201d.\n  <\/p>\n<p class=\"\">\n    A most vitatott meg\u00e1llapod\u00e1s k\u00fcl\u00f6n\u00f6sen fontos \u00d6rm\u00e9nyorsz\u00e1g sz\u00e1m\u00e1ra, mert exportv\u00e1mok n\u00e9lk\u00fcl, rendk\u00edv\u00fcl kedvezm\u00e9nyes felt\u00e9telekkel biztos\u00edtja sz\u00e1m\u00e1ra az orosz olajat, f\u00f6ldg\u00e1zt \u00e9s nyersgy\u00e9m\u00e1ntot.\n  <\/p>\n<p class=\"\">\n    Moszkva szerint a figyelmeztet\u0151 levelet Szergej Tsivilev orosz energia\u00fcgyi miniszter k\u00fcldte az \u00f6rm\u00e9ny ter\u00fcletfejleszt\u00e9si \u00e9s infrastrukt\u00fara-miniszt\u00e9riumnak. Az \u00f6rm\u00e9ny t\u00e1rca ugyanakkor szerd\u00e1n azt k\u00f6z\u00f6lte az \u00e1llami m\u00e9di\u00e1val, hogy ilyen levelet nem kaptak.\n  <\/p>\n","protected":false},"excerpt":{"rendered":"Oroszorsz\u00e1g azzal fenyegette meg \u00d6rm\u00e9nyorsz\u00e1got, hogy le\u00e1ll\u00edtja az olcs\u00f3 olaj-, g\u00e1z- \u00e9s nyersgy\u00e9m\u00e1nt-sz\u00e1ll\u00edt\u00e1sokat, ha Jerev\u00e1n tov\u00e1bb k\u00f6zeledik az&hellip;\n","protected":false},"author":2,"featured_media":117503,"comment_status":"","ping_status":"","sticky":false,"template":"","format":"standard","meta":{"footnotes":"","_share_on_mastodon":"0"},"categories":[8],"tags":[9915,5055,42,64,29080,43,37993,34,55,20608,102,37994,6893,94,93,92],"class_list":["post-117502","post","type-post","status-publish","format-standard","has-post-thumbnail","category-vilag","tag-energiahordozok","tag-gaz","tag-hungarian","tag-kulfold","tag-kulfoldi-beavatkozas","tag-magyar","tag-maria-zaharova","tag-news","tag-olaj","tag-ormenyorszag","tag-oroszorszag","tag-pasinjan","tag-valasztasok","tag-vilag","tag-world","tag-world-news"],"share_on_mastodon":{"url":"https:\/\/pubeurope.com\/@hu\/116655249605426723","error":""},"_links":{"self":[{"href":"https:\/\/www.europesays.com\/hu\/wp-json\/wp\/v2\/posts\/117502","targetHints":{"allow":["GET"]}}],"collection":[{"href":"https:\/\/www.europesays.com\/hu\/wp-json\/wp\/v2\/posts"}],"about":[{"href":"https:\/\/www.europesays.com\/hu\/wp-json\/wp\/v2\/types\/post"}],"author":[{"embeddable":true,"href":"https:\/\/www.europesays.com\/hu\/wp-json\/wp\/v2\/users\/2"}],"replies":[{"embeddable":true,"href":"https:\/\/www.europesays.com\/hu\/wp-json\/wp\/v2\/comments?post=117502"}],"version-history":[{"count":0,"href":"https:\/\/www.europesays.com\/hu\/wp-json\/wp\/v2\/posts\/117502\/revisions"}],"wp:featuredmedia":[{"embeddable":true,"href":"https:\/\/www.europesays.com\/hu\/wp-json\/wp\/v2\/media\/117503"}],"wp:attachment":[{"href":"https:\/\/www.europesays.com\/hu\/wp-json\/wp\/v2\/media?parent=117502"}],"wp:term":[{"taxonomy":"category","embeddable":true,"href":"https:\/\/www.europesays.com\/hu\/wp-json\/wp\/v2\/categories?post=117502"},{"taxonomy":"post_tag","embeddable":true,"href":"https:\/\/www.europesays.com\/hu\/wp-json\/wp\/v2\/tags?post=117502"}],"curies":[{"name":"wp","href":"https:\/\/api.w.org\/{rel}","templated":true}]}}