{"id":118368,"date":"2026-05-29T17:44:12","date_gmt":"2026-05-29T17:44:12","guid":{"rendered":"https:\/\/www.europesays.com\/hu\/118368\/"},"modified":"2026-05-29T17:44:12","modified_gmt":"2026-05-29T17:44:12","slug":"az-agyzsibbasztas-maradt-de-a-feszko-nagyjabol-eltunt-a-fovarosi-kozgyulesbol","status":"publish","type":"post","link":"https:\/\/www.europesays.com\/hu\/118368\/","title":{"rendered":"Az agyzsibbaszt\u00e1s maradt, de a feszk\u00f3 (nagyj\u00e1b\u00f3l) elt\u0171nt a F\u0151v\u00e1rosi K\u00f6zgy\u0171l\u00e9sb\u0151l"},"content":{"rendered":"<p class=\"\">\n    <a href=\"https:\/\/444.hu\/2026\/05\/29\/az-aldozatszerepbol-ideje-kilepni-a-tisza-kapasbol-nekiment-karacsonynak\" target=\"_blank\" rel=\"nofollow noopener\">Reggel m\u00e9g \u00fagy t\u0171nt<\/a>, hogy kacki\u00e1s hangulatban zajlik majd a F\u0151v\u00e1rosi K\u00f6zgy\u0171l\u00e9s v\u00e1laszt\u00e1sok ut\u00e1ni els\u0151 \u00fcl\u00e9se, volt er\u0151fitogtat\u00e1s, k\u00f6zepesebb \u00fczenget\u00e9s, elm\u00falttizenhat\u00e9vez\u00e9s \u00e9s j\u00f6v\u0151beni tervek el\u0151revet\u00edt\u00e9se.\n  <\/p>\n<p>    <a href=\"https:\/\/www.europesays.com\/hu\/wp-content\/uploads\/2026\/05\/8LapZCDOZ9CImOWHs.jpeg\" class=\"uwwrama _1chu0ywg _8b6bx65\" rel=\"nofollow\"><\/p>\n<p>  <img decoding=\"async\" loading=\"lazy\" src=\"https:\/\/www.europesays.com\/hu\/wp-content\/uploads\/2026\/05\/8LapZCDOZ9CImOWHs.jpeg\"   class=\"_672m2jd _1chu0ywo ta3a4c1ey ta3a4c1aa he2knv4 ta3a4c1ey ta3a4czs\" style=\"--_672m2j6:1.50;--_672m2j5:2560px 1708px\" alt=\"\"\/><\/p>\n<p>      <\/a><\/p>\n<p>\n              Egy eg\u00e9szen jellemz\u0151 k\u00e9p a mai \u00fcl\u00e9sr\u0151l.\n            <\/p>\n<p>\n              Fot\u00f3:<br \/>\n                N\u00e9meth D\u00e1niel\/444\n            <\/p>\n<p class=\"\">\n    Nagyj\u00e1b\u00f3l abban meg is egyeztek a frakci\u00f3k, hogy az \u00f6nkorm\u00e1nyzatis\u00e1g int\u00e9zm\u00e9ny\u00e9nek v\u00e9delme\/meger\u0151s\u00edt\u00e9se\/t\u00e1mogat\u00e1sa (v\u00e9rm\u00e9rs\u00e9klett\u0151l f\u00fcgg\u0151en) nagyon fontos, hogy \u00faj korszak kezd\u0151dik, \u00e9s a korm\u00e1ny \u00e9s a f\u0151v\u00e1ros kapcsolat\u00e1t is \u00faj alapokra kell majd helyezni.\n  <\/p>\n<p class=\"\">\n    Innen viszont er\u0151teljes m\u00e9lyrep\u00fcl\u00e9sbe fogott a test\u00fclet, \u00e9s nem csak az\u00e9rt, mert senki nem hozott semmilyen szeml\u00e9ltet\u0151eszk\u00f6zt az \u00fcl\u00e9s hangulat\u00e1nak felpezsd\u00edt\u00e9s\u00e9re (hommage \u00e1 Radics B\u00e9la), \u00e9s Boh\u00e1r D\u00e1niel sem pr\u00f3b\u00e1lt meg nagyv\u00e1rosi Ramb\u00f3k\u00e9nt interj\u00fat k\u00e9sz\u00edteni senkivel, hanem az\u00e9rt is, mert az el\u0151re belengetett konstruktivit\u00e1s \u00e9s kooper\u00e1ci\u00f3 jegy\u00e9ben gyakorlatilag ugyanazokat a k\u00f6r\u00f6ket r\u00f3tt\u00e1k a fontosabb t\u00e9m\u00e1kban, mint a v\u00e1laszt\u00e1s el\u0151tt.\n  <\/p>\n<p>    <a href=\"https:\/\/www.europesays.com\/hu\/wp-content\/uploads\/2026\/05\/8LakeweBz6xLmOWHs.jpeg\" class=\"uwwrama _1chu0ywg _8b6bx65\" rel=\"nofollow\"><\/p>\n<p>  <img decoding=\"async\" loading=\"lazy\" src=\"https:\/\/www.europesays.com\/hu\/wp-content\/uploads\/2026\/05\/8LakeweBz6xLmOWHs.jpeg\"   class=\"_672m2jd _1chu0ywo ta3a4c1ey ta3a4c1aa he2knv4 ta3a4c1ey ta3a4czs\" style=\"--_672m2j6:1.50;--_672m2j5:2560px 1708px\" alt=\"\"\/><\/p>\n<p>      <\/a><\/p>\n<p>\n              G\u00e1l J\u00f3zsef (Podmaniczky Mozgalom) nyugodt k\u00f6r\u00fclm\u00e9nyek k\u00f6zt interj\u00fat ad.\n            <\/p>\n<p>\n              Fot\u00f3:<br \/>\n                N\u00e9meth D\u00e1niel\/444\n            <\/p>\n<p class=\"\">\n    Kifejezetten \u00e9rdekes helyzet volt, hogy a Fidesz beny\u00fajtott egy javaslatot, amely \u201ea magyar \u00f6nkorm\u00e1nyzati rendszer fenntarthat\u00f3 finansz\u00edroz\u00e1sa \u00e9rdek\u00e9ben sz\u00fcks\u00e9ges egyeztet\u00e9sek lefolytat\u00e1s\u00e1t\u201d \u00f6szt\u00f6n\u00f6zn\u00e9, cser\u00e9be t\u00f6bben is felvetett\u00e9k, hogy pont a Fidesz volt korm\u00e1nyon m\u00e9g a minap is, mik\u00f6zben az elm\u00falt b\u0151 m\u00e1sf\u00e9l \u00e9vtizedben sokat tettek az \u00f6nkorm\u00e1nyzatis\u00e1g legyalul\u00e1s\u00e1\u00e9rt. Most viszont nagyon is agg\u00f3dnak \u00e9rte. Nah\u00e1t.\n  <\/p>\n<p>    <a href=\"https:\/\/www.europesays.com\/hu\/wp-content\/uploads\/2026\/05\/8LauMy8nkgNOmOWHs.jpeg\" class=\"uwwrama _1chu0ywg _8b6bx65\" rel=\"nofollow\"><\/p>\n<p>  <img decoding=\"async\" loading=\"lazy\" src=\"https:\/\/www.europesays.com\/hu\/wp-content\/uploads\/2026\/05\/8LauMy8nkgNOmOWHs.jpeg\"   class=\"_672m2jd _1chu0ywo ta3a4c1ey ta3a4c1aa he2knv4 ta3a4c1ey ta3a4czs\" style=\"--_672m2j6:1.50;--_672m2j5:2560px 1708px\" alt=\"\"\/><\/p>\n<p>      <\/a><\/p>\n<p>\n              Guly\u00e1s Gergely Krist\u00f3f (Fidesz) der\u00fclt hangulatban.\n            <\/p>\n<p>\n              Fot\u00f3:<br \/>\n                N\u00e9meth D\u00e1niel\/444\n            <\/p>\n<p class=\"\">\n    A taxisrendelet m\u00f3dos\u00edt\u00e1s\u00e1val kapcsolatban is \u00e9rezhet\u0151 volt a repedez\u00e9s az egys\u00e9gen, itt a f\u0151polg\u00e1rmester \u00e1ltal a taxisszervezetek bevon\u00e1s\u00e1val k\u00e9sz\u00fclt javaslat alapj\u00e1n t\u00f6bbek k\u00f6zt 27 sz\u00e1zal\u00e9kkal emelkedn\u00e9nek a tarif\u00e1k (2023 m\u00e1rciusa \u00f3ta nem volt emel\u00e9s), a frakci\u00f3k t\u00f6bbs\u00e9ge viszont hi\u00e1nyolta a v\u00e1rosh\u00e1zi egyeztet\u00e9st a t\u00e9m\u00e1ban, \u00edgy a Fideszt\u0151l a Tisz\u00e1ig, a DK-t\u00f3l a Podmaniczky Mozgalomig \u00edvelt a felvet\u00e9s, miszerint k\u00e9ne m\u00e9g dolgozni ezen a javaslaton. Le is lett szavazva.\n  <\/p>\n<p>    <a href=\"https:\/\/www.europesays.com\/hu\/wp-content\/uploads\/2026\/05\/8LauQMnreOHMmOWHs.jpeg\" class=\"uwwrama _1chu0ywg _8b6bx65\" rel=\"nofollow\"><\/p>\n<p>  <img decoding=\"async\" loading=\"lazy\" src=\"https:\/\/www.europesays.com\/hu\/wp-content\/uploads\/2026\/05\/8LauQMnreOHMmOWHs.jpeg\"   class=\"_672m2jd _1chu0ywo ta3a4c1ey ta3a4c1aa he2knv4 ta3a4c1ey ta3a4czs\" style=\"--_672m2j6:1.50;--_672m2j5:2560px 1708px\" alt=\"\"\/><\/p>\n<p>      <\/a><\/p>\n<p>\n              Sz\u00e1mad\u00f3 Tam\u00e1s f\u0151jegyz\u0151 nagyon, de nagyon koncentr\u00e1l.\n            <\/p>\n<p>\n              Fot\u00f3:<br \/>\n                N\u00e9meth D\u00e1niel\/444\n            <\/p>\n<p class=\"\">\n    Kar\u00e1csony erre annyit reag\u00e1lt, hogy a f\u0151v\u00e1ros gondosan folytatta le az egyeztet\u00e9st, a javaslatot pedig m\u00e1r m\u00e1jus 6-\u00e1n nyilv\u00e1noss\u00e1 tett\u00e9k, lehetett volna hozz\u00e1 m\u00f3dos\u00edt\u00f3kat beny\u00fajtani, a vita legf\u0151bb terepe pedig a szakbizotts\u00e1gi \u00e9s a k\u00f6zgy\u0171l\u00e9si \u00fcl\u00e9s. Hozz\u00e1tette azt is, hogy ler\u00e1z\u00f3s politikai sz\u00f6vegnek tartja, hogy nem volt egyeztet\u00e9s a t\u00e9m\u00e1ban. Ennyiben is maradtak.\n  <\/p>\n<p>    <a href=\"https:\/\/www.europesays.com\/hu\/wp-content\/uploads\/2026\/05\/8LauLwdZKVeZmOWHs.jpeg\" class=\"uwwrama _1chu0ywg _8b6bx65\" rel=\"nofollow\"><\/p>\n<p>  <img decoding=\"async\" loading=\"lazy\" src=\"https:\/\/www.europesays.com\/hu\/wp-content\/uploads\/2026\/05\/8LauLwdZKVeZmOWHs.jpeg\"   class=\"_672m2jd _1chu0ywo ta3a4c1ey ta3a4c1aa he2knv4 ta3a4c1ey ta3a4czs\" style=\"--_672m2j6:1.50;--_672m2j5:2560px 1708px\" alt=\"\"\/><\/p>\n<p>      <\/a><\/p>\n<p>\n              Szaniszl\u00f3 S\u00e1ndor (DK) legink\u00e1bb komoran n\u00e9z.\n            <\/p>\n<p>\n              Fot\u00f3:<br \/>\n                N\u00e9meth D\u00e1niel\/444\n            <\/p>\n<p class=\"\">\n    Persze, voltak olyan, kiemelten fontos \u00fcgyek, amelyek m\u00f6g\u00f6tt viszont felsorakozott a k\u00f6zgy\u0171l\u00e9si egys\u00e9g, \u00edgy p\u00e9ld\u00e1ul l\u00e1that\u00f3an mindenki t\u00e1mogatta az akut lakhat\u00e1si v\u00e1ls\u00e1gban l\u00e9v\u0151 budapesti gyermekes csal\u00e1dok elhelyez\u00e9s\u00e9re vonatkoz\u00f3 javaslatot, \u00e9s olyan, v\u00e1ratlanul t\u00e1jidegen pillanatok is voltak, mint amikor p\u00e9ld\u00e1ul Szepesfalvy Anna, a Fidesz frakci\u00f3vezet\u0151je egy javaslatn\u00e1l hozz\u00e1sz\u00f3l\u00e1s\u00e1ban \u00fagy fogalmazott:\n  <\/p>\n<p>\u201eNagyon sz\u00e9p c\u00e9l \u00e9s sz\u00e9pen el\u0151k\u00e9sz\u00edtett anyag, mi mindenk\u00e9ppen t\u00e1mogatni fogjuk.\u201d<\/p>\n<p>    <a href=\"https:\/\/www.europesays.com\/hu\/wp-content\/uploads\/2026\/05\/8LauP9eS08hWmOWHs.jpeg\" class=\"uwwrama _1chu0ywg _8b6bx65\" rel=\"nofollow\"><\/p>\n<p>  <img decoding=\"async\" loading=\"lazy\" src=\"https:\/\/www.europesays.com\/hu\/wp-content\/uploads\/2026\/05\/8LauP9eS08hWmOWHs.jpeg\"   class=\"_672m2jd _1chu0ywo ta3a4c1ey ta3a4c1aa he2knv4 ta3a4c1ey ta3a4czs\" style=\"--_672m2j6:1.50;--_672m2j5:2560px 1708px\" alt=\"\"\/><\/p>\n<p>      <\/a><\/p>\n<p>\n              Szepesfalvy Anna t\u00e1mogat\u00f3lag \u00fcl.\n            <\/p>\n<p>\n              Fot\u00f3:<br \/>\n                N\u00e9meth D\u00e1niel\/444\n            <\/p>\n<p class=\"\">\n    \u00d6sszess\u00e9g\u00e9ben viszont a probl\u00e9mahalmaz java \u00e1ttol\u00f3dott a v\u00e1laszt\u00e1si cez\u00far\u00e1n, \u00edgy p\u00e9ld\u00e1ul ebben a k\u00f6rben is napirendre ker\u00fcltek a f\u0151v\u00e1rosi c\u00e9gek el\u0151z\u0151 \u00e9vi besz\u00e1mol\u00f3i \u00e9s az idei \u00e9vre vonatkoz\u00f3 \u00fczleti terveik (ezt a legut\u00f3bbi, febru\u00e1ri \u00fcl\u00e9sen a Tisza tetette \u00e1t a korm\u00e1nyv\u00e1lt\u00e1s ut\u00e1nra), csakhogy itt \u00fagy a Fidesz, mint a Tisza a kor\u00e1bbi reflexek szerint j\u00e1rt el, \u00e9lesen b\u00edr\u00e1lt\u00e1k a c\u00e9gvezet\u0151k egy r\u00e9sz\u00e9t, ezzel p\u00e1rhuzamosan m\u00e1r a bizotts\u00e1gokban sem t\u00e1mogatt\u00e1k a besz\u00e1mol\u00f3k elfogad\u00e1s\u00e1t, hogy a k\u00f6zgy\u0171l\u00e9sen is \u00fajra meg \u00fajra hangot adjanak k\u00e9ts\u00e9geiknek.\n  <\/p>\n<p>    <a href=\"https:\/\/www.europesays.com\/hu\/wp-content\/uploads\/2026\/05\/8LauR3iIFKj4mOWHs.jpeg\" class=\"uwwrama _1chu0ywg _8b6bx65\" rel=\"nofollow\"><\/p>\n<p>  <img decoding=\"async\" loading=\"lazy\" src=\"https:\/\/www.europesays.com\/hu\/wp-content\/uploads\/2026\/05\/8LauR3iIFKj4mOWHs.jpeg\"   class=\"_672m2jd _1chu0ywo ta3a4c1ey ta3a4c1aa he2knv4 ta3a4c1ey ta3a4czs\" style=\"--_672m2j6:1.50;--_672m2j5:2560px 1708px\" alt=\"\"\/><\/p>\n<p>      <\/a><\/p>\n<p>\n              Balogh Bal\u00e1zs (Tisza) hozz\u00e1sz\u00f3l a vit\u00e1hoz.\n            <\/p>\n<p>\n              Fot\u00f3:<br \/>\n                N\u00e9meth D\u00e1niel\/444\n            <\/p>\n<p class=\"\">\n    Amire Kar\u00e1csony Gergely f\u0151polg\u00e1rmester t\u00f6bbsz\u00f6r is elmondta, hogy igen, lehet b\u00edr\u00e1lni ezeket a c\u00e9geket, kell is, de ha net\u00e1n a frakci\u00f3k lehet\u0151s\u00e9geikkel \u00e9lve ink\u00e1bb be\u00fcln\u00e9nek ezen c\u00e9gek fel\u00fcgyel\u0151bizotts\u00e1gaiba, akkor jobban r\u00e1l\u00e1thatn\u00e1nak \u00e9s r\u00e1hathatn\u00e1nak a m\u0171k\u00f6d\u00e9s\u00fckre, \u00e9s akkor a probl\u00e9m\u00e1kat is ki lehetne k\u00fcsz\u00f6b\u00f6lni.\n  <\/p>\n<p class=\"\">\n    Erre most sem mutatkozott t\u00fal nagy nyitotts\u00e1g.\n  <\/p>\n<p class=\"\">\n    Ugyanakkor a f\u0151v\u00e1rosi c\u00e9gek t\u00f6rv\u00e9nyes m\u0171k\u00f6d\u00e9s\u00e9hez elengedhetetlen az, hogy ezek a besz\u00e1mol\u00f3k \u00e9s \u00fczleti tervek el legyenek fogadva, \u00fagy viszont, hogy a k\u00f6zgy\u0171l\u00e9s nem szavazza meg \u0151ket, k\u00e9nyelmesen \u00e1t lehet tolni az ezzel kapcsolatos felel\u0151ss\u00e9get a k\u00e9t \u00fcl\u00e9s k\u00f6z\u00f6tt f\u0151polg\u00e1rmesteri hat\u00e1sk\u00f6rben elj\u00e1r\u00f3 Kar\u00e1csonyra. Hogy azt\u00e1n legk\u00f6zelebb ugyan\u00edgy lehessen lefutni ugyanezeket a k\u00f6r\u00f6ket.\n  <\/p>\n<p>    <a href=\"https:\/\/www.europesays.com\/hu\/wp-content\/uploads\/2026\/05\/8LakgS2QcFS8mOWHs.jpeg\" class=\"uwwrama _1chu0ywg _8b6bx65\" rel=\"nofollow\"><\/p>\n<p>  <img decoding=\"async\" loading=\"lazy\" src=\"https:\/\/www.europesays.com\/hu\/wp-content\/uploads\/2026\/05\/8LakgS2QcFS8mOWHs.jpeg\"   class=\"_672m2jd _1chu0ywo ta3a4c1ey ta3a4c1aa he2knv4 ta3a4c1ey ta3a4czs\" style=\"--_672m2j6:1.50;--_672m2j5:2560px 1708px\" alt=\"\"\/><\/p>\n<p>      <\/a><\/p>\n<p>\n              Barab\u00e1s Rich\u00e1rd \u00e9s Baranyi Krisztina eszm\u00e9t cser\u00e9l.\n            <\/p>\n<p>\n              Fot\u00f3:<br \/>\n                N\u00e9meth D\u00e1niel\/444\n            <\/p>\n<p class=\"\">\n    Szerencs\u00e9re mindek\u00f6zben id\u0151nk\u00e9nt olyan kulisszatitkok is kider\u00fcltek, mint p\u00e9ld\u00e1ul az, hogy B\u00e9res Andr\u00e1s (P\u00e1rbesz\u00e9d) nem alszik nyugodtan a parkol\u00e1si helyzet akut probl\u00e9m\u00e1i miatt, \u00e9s volt n\u00e9mi viccesked\u00e9s, mondjuk amikor a fideszes javaslat kapcs\u00e1n, ami a V\u00e1rosh\u00e1za Parkban hozna l\u00e9tre szurkol\u00f3i z\u00f3n\u00e1t a VB idej\u00e9re, Kiss Ambrus f\u0151igazgat\u00f3 jelezte, hogy van n\u00e9mi \u00fctk\u00f6z\u00e9s m\u00e1s programokkal, p\u00e9ld\u00e1ul jazzkoncert, mire Barna Judit (Tisza) felvetette, hogy v\u00e9g\u00fcl is mi\u00e9rt ne lehetne jazzt hallgatni meccsn\u00e9z\u00e9s k\u00f6zben. Egy\u00e9bk\u00e9nt t\u00e9nyleg, egy pr\u00f3b\u00e1t meg\u00e9rne.\n  <\/p>\n<p>    <a href=\"https:\/\/www.europesays.com\/hu\/wp-content\/uploads\/2026\/05\/8LauKvTuiGBOmOWHs.jpeg\" class=\"uwwrama _1chu0ywg _8b6bx65\" rel=\"nofollow\"><\/p>\n<p>  <img decoding=\"async\" loading=\"lazy\" src=\"https:\/\/www.europesays.com\/hu\/wp-content\/uploads\/2026\/05\/8LauKvTuiGBOmOWHs.jpeg\"   class=\"_672m2jd _1chu0ywo ta3a4c1ey ta3a4c1aa he2knv4 ta3a4c1ey ta3a4czs\" style=\"--_672m2j6:1.50;--_672m2j5:2560px 1708px\" alt=\"\"\/><\/p>\n<p>      <\/a><\/p>\n<p>\n              D\u00e9ri Tibor (DK) valamire r\u00e1mutat.\n            <\/p>\n<p>\n              Fot\u00f3:<br \/>\n                N\u00e9meth D\u00e1niel\/444\n            <\/p>\n<p class=\"\">\n    Majd amikor m\u00e1r majdnem mindenki bezombult, j\u00f6tt egy v\u00e1ratlan fellend\u00fcl\u00e9s, a doh\u00e1nyboltok nyitvatart\u00e1s\u00e1val kapcsolatos vit\u00e1ban a Kutyap\u00e1rt frakci\u00f3j\u00e1ban \u00fcl\u0151 ferencv\u00e1rosi polg\u00e1rmester, Baranyi Krisztina a trafikok kapcs\u00e1n az \u201earra hozt\u00e1k l\u00e9tre, hogy az als\u00f3k\u00f6z\u00e9p parasztjaikat kifizess\u00e9k\u201d kit\u00e9tellel d\u00f6rrent r\u00e1 a fideszes k\u00e9pvisel\u0151kre, alig gy\u0151ztek pislogni a tisztelt k\u00e9pvisel\u0151k. Azt\u00e1n ezen is t\u00fallend\u00fclt\u00fcnk.\n  <\/p>\n<p>    <a href=\"https:\/\/www.europesays.com\/hu\/wp-content\/uploads\/2026\/05\/8LapeUEc3HEQmOWHs.jpeg\" class=\"uwwrama _1chu0ywg _8b6bx65\" rel=\"nofollow\"><\/p>\n<p>  <img decoding=\"async\" loading=\"lazy\" src=\"https:\/\/www.europesays.com\/hu\/wp-content\/uploads\/2026\/05\/8LapeUEc3HEQmOWHs.jpeg\"   class=\"_672m2jd _1chu0ywo ta3a4c1ey ta3a4c1aa he2knv4 ta3a4c1ey ta3a4czs\" style=\"--_672m2j6:1.50;--_672m2j5:2560px 1708px\" alt=\"\"\/><\/p>\n<p>      <\/a><\/p>\n<p>\n              Gerzsenyi Gabriella \u00e9s T\u00fctt\u0151 Kata eszmecser\u00e9t folytat.\n            <\/p>\n<p>\n              Fot\u00f3:<br \/>\n                N\u00e9meth D\u00e1niel\/444\n            <\/p>\n<p class=\"\">\n    \u00d6sszess\u00e9g\u00e9ben viszont j\u00f3val kev\u00e9sb\u00e9 fesz\u00fclt a F\u0151v\u00e1rosi K\u00f6zgy\u0171l\u00e9s, mint a v\u00e1laszt\u00e1sok el\u0151tti kamp\u00e1nyid\u0151szakban, cser\u00e9be viszont a k\u00e9t nagy frakci\u00f3, a k\u00e9tharmados korm\u00e1nyt\u00f6bbs\u00e9gbe ker\u00fcl\u0151 Tisza \u00e9s az ellenz\u00e9ki terepen m\u00e9g frissen mozg\u00f3 Fidesz a legv\u00e1ratlanabb pillanatokban is k\u00e9pes agyzsibbaszt\u00f3 eszmefuttat\u00e1sokba bonyol\u00f3dni. Panaszra egy\u00e9bk\u00e9nt a tekintetben nem lehet okunk, hogy egyszer sem hangzott el az \u00fcl\u00e9sen a migr\u00e1ns\/ukr\u00e1nbar\u00e1t\/Br\u00fcsszel\/Soros\/sziv\u00e1rv\u00e1nykoal\u00edci\u00f3 szavakb\u00f3l egy sem, ellenben megeml\u00edt\u0151d\u00f6tt egy ponton a galamb\u00f3vszer sz\u00f3sz\u00f6rny is, amit viszont jobb lenne \u00f6r\u00f6kre elfelejteni.\n  <\/p>\n<p class=\"\">\n    J\u00f6v\u0151 h\u00f3napban tal\u00e1lkozunk.\n  <\/p>\n","protected":false},"excerpt":{"rendered":"Reggel m\u00e9g \u00fagy t\u0171nt, hogy kacki\u00e1s hangulatban zajlik majd a F\u0151v\u00e1rosi K\u00f6zgy\u0171l\u00e9s v\u00e1laszt\u00e1sok ut\u00e1ni els\u0151 \u00fcl\u00e9se, volt er\u0151fitogtat\u00e1s,&hellip;\n","protected":false},"author":2,"featured_media":118369,"comment_status":"","ping_status":"","sticky":false,"template":"","format":"standard","meta":{"footnotes":"","_share_on_mastodon":"0"},"categories":[33],"tags":[5202,89,38,1528,35,37,44,42,40,457,43,41,34,10425,4678,99,38077,2670,36,39],"class_list":["post-118368","post","type-post","status-publish","format-standard","has-post-thumbnail","category-hirek","tag-baranyi-krisztina","tag-fidesz","tag-focimek","tag-fovarosi-kozgyules","tag-headlines","tag-hirek","tag-hu","tag-hungarian","tag-hungary","tag-karacsony-gergely","tag-magyar","tag-magyarorszag","tag-news","tag-parbeszed","tag-podmaniczky-mozgalom","tag-politika","tag-szepesfalvy-anna","tag-tisza","tag-top-stories","tag-vezeto-hirek"],"share_on_mastodon":{"url":"https:\/\/pubeurope.com\/@hu\/116659111488870083","error":""},"_links":{"self":[{"href":"https:\/\/www.europesays.com\/hu\/wp-json\/wp\/v2\/posts\/118368","targetHints":{"allow":["GET"]}}],"collection":[{"href":"https:\/\/www.europesays.com\/hu\/wp-json\/wp\/v2\/posts"}],"about":[{"href":"https:\/\/www.europesays.com\/hu\/wp-json\/wp\/v2\/types\/post"}],"author":[{"embeddable":true,"href":"https:\/\/www.europesays.com\/hu\/wp-json\/wp\/v2\/users\/2"}],"replies":[{"embeddable":true,"href":"https:\/\/www.europesays.com\/hu\/wp-json\/wp\/v2\/comments?post=118368"}],"version-history":[{"count":0,"href":"https:\/\/www.europesays.com\/hu\/wp-json\/wp\/v2\/posts\/118368\/revisions"}],"wp:featuredmedia":[{"embeddable":true,"href":"https:\/\/www.europesays.com\/hu\/wp-json\/wp\/v2\/media\/118369"}],"wp:attachment":[{"href":"https:\/\/www.europesays.com\/hu\/wp-json\/wp\/v2\/media?parent=118368"}],"wp:term":[{"taxonomy":"category","embeddable":true,"href":"https:\/\/www.europesays.com\/hu\/wp-json\/wp\/v2\/categories?post=118368"},{"taxonomy":"post_tag","embeddable":true,"href":"https:\/\/www.europesays.com\/hu\/wp-json\/wp\/v2\/tags?post=118368"}],"curies":[{"name":"wp","href":"https:\/\/api.w.org\/{rel}","templated":true}]}}