{"id":118798,"date":"2026-05-30T06:07:07","date_gmt":"2026-05-30T06:07:07","guid":{"rendered":"https:\/\/www.europesays.com\/hu\/118798\/"},"modified":"2026-05-30T06:07:07","modified_gmt":"2026-05-30T06:07:07","slug":"on-is-megkapta-a-waze-rendkivuli-ertesiteset","status":"publish","type":"post","link":"https:\/\/www.europesays.com\/hu\/118798\/","title":{"rendered":"\u00d6n is megkapta a Waze rendk\u00edv\u00fcli \u00e9rtes\u00edt\u00e9s\u00e9t?"},"content":{"rendered":"<p>K\u00fcl\u00f6n forgalmi riaszt\u00e1st k\u00fcld\u00f6tt a Waze a budapesti aut\u00f3soknak az UEFA Bajnokok Lig\u00e1ja-d\u00f6nt\u0151 miatt. A navig\u00e1ci\u00f3s alkalmaz\u00e1s \u201eUEFA Bajnokok Lig\u00e1ja\u201d c\u00edmmel figyelmeztet megn\u00f6vekedett forgalomra, k\u00e9s\u00e9sekre, lez\u00e1rt utakra \u00e9s alternat\u00edv \u00fatvonalak haszn\u00e1lat\u00e1ra \u2013 \u00edrja a <a href=\"https:\/\/www.vezess.hu\/vezetunk\/2026\/05\/28\/fontos-informaciot-kozolt-a-nepszeru-navigacio-az-autosokkal-te-megkaptad\/\" target=\"_blank\" rel=\"noopener nofollow\">Vezess.hu<\/a>.<\/p>\n<p>A riaszt\u00e1s Budapest bels\u0151 r\u00e9szeit, a V\u00e1rosliget \u00e9s a H\u0151s\u00f6k tere k\u00f6rny\u00e9k\u00e9t, az Andr\u00e1ssy utat, a D\u00f3zsa Gy\u00f6rgy utat, valamint a rep\u00fcl\u0151t\u00e9rre vezet\u0151 \u00fatvonalat is \u00e9rinti.<\/p>\n<p>Nem v\u00e9letlen\u00fcl sz\u00f3l ilyen nagy ter\u00fcletre a figyelmeztet\u00e9s, ugyanis a rend\u0151rs\u00e9g k\u00f6zl\u00e9se szerint a d\u00f6nt\u0151 miatt ideiglenes forgalomkorl\u00e1toz\u00e1sok lesznek Budapest t\u00f6bb ker\u00fclet\u00e9ben eg\u00e9szen j\u00fanius 4-\u00e9ig.<\/p>\n<p>A lez\u00e1r\u00e1sok k\u00f6z\u00f6tt szerepel t\u00f6bbek k\u00f6z\u00f6tt a H\u0151s\u00f6k tere, a K\u00f3s K\u00e1roly s\u00e9t\u00e1ny, az \u00c1llatkerti k\u00f6r\u00fat, az Andr\u00e1ssy \u00fat egy r\u00e9sze, a D\u00f3zsa Gy\u00f6rgy \u00fat t\u00f6bb szakasza, a Rippl-R\u00f3nai utca, a Munk\u00e1csy Mih\u00e1ly utca, valamint a Pusk\u00e1s Ar\u00e9na k\u00f6rny\u00e9k\u00e9nek sz\u00e1mos \u00fatvonala.<\/p>\n<p>A rend\u0151rs\u00e9g t\u00e1j\u00e9koztat\u00e1sa szerint m\u00e1jus 30-\u00e1n, szombaton 8 \u00e9s 17 \u00f3ra k\u00f6z\u00f6tt lez\u00e1rj\u00e1k a Liszt Ferenc rep\u00fcl\u0151t\u00e9rre vezet\u0151 utat az \u00dcll\u0151i \u00fat \u00e9s a Saj\u00f3 utca magass\u00e1ga k\u00f6z\u00f6tt, a k\u00f6z\u00f6ss\u00e9gi k\u00f6zleked\u00e9s kiv\u00e9tel\u00e9vel. Ez nemcsak a meccsre tart\u00f3knak lehet kellemetlen, hanem azoknak is, akik egyszer\u0171en csak a rept\u00e9rre menn\u00e9nek aut\u00f3val.<\/p>\n<p>A BKK szerint a BL-d\u00f6nt\u0151h\u00f6z kapcsol\u00f3d\u00f3 forgalom t\u00f6bb helysz\u00edn k\u00f6z\u00f6tt oszlik meg: a Pusk\u00e1s Ar\u00e9na mellett kiemelt pont lesz a H\u0151s\u00f6k ter\u00e9n rendezett Champions Festival, a Papp L\u00e1szl\u00f3 Sportar\u00e9na, valamint a k\u00e9t szurkol\u00f3i tal\u00e1lkoz\u00f3pont a V\u00e1rosligetben \u00e9s az MTK Sportparkn\u00e1l. A m\u00e9rk\u0151z\u00e9s napj\u00e1n ezekr\u0151l a helysz\u00ednekr\u0151l szervezetten indulnak a szurkol\u00f3i vonul\u00e1sok.<\/p>\n<p>A szakport\u00e1l azt javasolja: aki teheti, ne aut\u00f3val vagy taxival pr\u00f3b\u00e1ljon a stadionhoz jutni. A BKK k\u00fcl\u00f6n felh\u00edvta r\u00e1 a figyelmet, hogy a Pusk\u00e1s Ar\u00e9na k\u00f6rny\u00e9k\u00e9n jelent\u0151s korl\u00e1toz\u00e1sok lesznek, parkol\u00e1si lehet\u0151s\u00e9g pedig nem \u00e1ll rendelkez\u00e9sre. A d\u00f6nt\u0151 idej\u00e9n s\u0171r\u0171bben j\u00e1r az M2-es \u00e9s az M4-es metr\u00f3, az 1-es villamos, valamint a H\u0151s\u00f6k tere miatt az M1-es metr\u00f3 is; a rept\u00e9ri 100E \u00e9s 200E j\u00e1ratok k\u00f6zleked\u00e9s\u00e9t szint\u00e9n meger\u0151s\u00edtik.<\/p>\n","protected":false},"excerpt":{"rendered":"K\u00fcl\u00f6n forgalmi riaszt\u00e1st k\u00fcld\u00f6tt a Waze a budapesti aut\u00f3soknak az UEFA Bajnokok Lig\u00e1ja-d\u00f6nt\u0151 miatt. A navig\u00e1ci\u00f3s alkalmaz\u00e1s \u201eUEFA&hellip;\n","protected":false},"author":2,"featured_media":118799,"comment_status":"","ping_status":"","sticky":false,"template":"","format":"standard","meta":{"footnotes":"","_share_on_mastodon":"0"},"categories":[22],"tags":[1812,73,3070,1885,44,42,40,274,43,41,12719,245,38288],"class_list":["post-118798","post","type-post","status-publish","format-standard","has-post-thumbnail","category-budapest","tag-bajnokok-ligaja","tag-budapest","tag-donto","tag-ertesites","tag-hu","tag-hungarian","tag-hungary","tag-kozlekedes","tag-magyar","tag-magyarorszag","tag-navigacio","tag-vezetes","tag-waze"],"share_on_mastodon":{"url":"https:\/\/pubeurope.com\/@hu\/116662032482019434","error":""},"_links":{"self":[{"href":"https:\/\/www.europesays.com\/hu\/wp-json\/wp\/v2\/posts\/118798","targetHints":{"allow":["GET"]}}],"collection":[{"href":"https:\/\/www.europesays.com\/hu\/wp-json\/wp\/v2\/posts"}],"about":[{"href":"https:\/\/www.europesays.com\/hu\/wp-json\/wp\/v2\/types\/post"}],"author":[{"embeddable":true,"href":"https:\/\/www.europesays.com\/hu\/wp-json\/wp\/v2\/users\/2"}],"replies":[{"embeddable":true,"href":"https:\/\/www.europesays.com\/hu\/wp-json\/wp\/v2\/comments?post=118798"}],"version-history":[{"count":0,"href":"https:\/\/www.europesays.com\/hu\/wp-json\/wp\/v2\/posts\/118798\/revisions"}],"wp:featuredmedia":[{"embeddable":true,"href":"https:\/\/www.europesays.com\/hu\/wp-json\/wp\/v2\/media\/118799"}],"wp:attachment":[{"href":"https:\/\/www.europesays.com\/hu\/wp-json\/wp\/v2\/media?parent=118798"}],"wp:term":[{"taxonomy":"category","embeddable":true,"href":"https:\/\/www.europesays.com\/hu\/wp-json\/wp\/v2\/categories?post=118798"},{"taxonomy":"post_tag","embeddable":true,"href":"https:\/\/www.europesays.com\/hu\/wp-json\/wp\/v2\/tags?post=118798"}],"curies":[{"name":"wp","href":"https:\/\/api.w.org\/{rel}","templated":true}]}}