{"id":119976,"date":"2026-05-31T11:26:13","date_gmt":"2026-05-31T11:26:13","guid":{"rendered":"https:\/\/www.europesays.com\/hu\/119976\/"},"modified":"2026-05-31T11:26:13","modified_gmt":"2026-05-31T11:26:13","slug":"5-gyerekfilm-a-80-as-evekbol-ami-joval-felelmetesebb-annal-mint-amire-emlekszunk","status":"publish","type":"post","link":"https:\/\/www.europesays.com\/hu\/119976\/","title":{"rendered":"5 gyerekfilm a 80-as \u00e9vekb\u0151l, ami j\u00f3val f\u00e9lelmetesebb ann\u00e1l, mint amire eml\u00e9ksz\u00fcnk"},"content":{"rendered":"<p>\n                        Ezek m\u00e9g egy feln\u0151ttnek is szorong\u00e1st okoznak.                     <\/p>\n<p>B\u00e1rmilyen elk\u00e9peszt\u0151, de most olyan filmekr\u0151l fogunk besz\u00e9lni, amik t\u00f6bb mint negyven \u00e9ve k\u00e9sz\u00fcltek. Akkoriban m\u00e9g nem voltak bizotts\u00e1gok, amik hosszan elemezik, hogy egy-egy film milyen koroszt\u00e1lynak val\u00f3, \u00e9s bizony becs\u00faszott p\u00e1r olyan alkot\u00e1s, ami b\u00e1r gyerekfilmk\u00e9nt lett eladva, m\u00e9g egy feln\u0151tt sz\u00e1m\u00e1ra is r\u00e9miszt\u0151 \u00e9s szorong\u00e1st kelt. \u00cdme \u00f6t nyolcvanas \u00e9vekbeli film, ami val\u00f3j\u00e1ban j\u00f3val f\u00e9lelmetesebb, mint ahogy eml\u00e9ksz\u00fcnk r\u00e1.<\/p>\n<p>&#13;<\/p>\n<p>\u00a0<\/p>\n<p>&#13;<br \/>\nId\u0151bandit\u00e1k (1981)&#13;<\/p>\n<p>&#13;<\/p>\n<p><a href=\"https:\/\/port.hu\/adatlap\/szemely\/terry-gilliam\/person-1555\" rel=\"nofollow noopener\" target=\"_blank\">Terry Gilliam<\/a> az\u00e9rt forgatta le az Id\u0151bandit\u00e1kat, mert nem siker\u00fclt el\u00e9g p\u00e9nzt szereznie m\u00e1sik projektj\u00e9re, a <a href=\"https:\/\/port.hu\/adatlap\/film\/tv\/brazil-brazil\/movie-3597\" rel=\"nofollow noopener\" target=\"_blank\">Brazil<\/a>ra \u2013 amit v\u00e9g\u00fcl 1985-ben mutattak be. Ez mindent elmond: az Id\u0151bandit\u00e1k egy anarchikus hallucin\u00e1ci\u00f3, ami ink\u00e1bb hasonl\u00edt egy l\u00e1zlomra, mint egy kalandfilmre. Szerepel benne id\u0151utaz\u00e1s, t\u00f6rt\u00e9nelmi szem\u00e9lyek \u00e9s helysz\u00ednek, de az eg\u00e9sz nagyon v\u00e9letlenszer\u0171. A t\u00f6rt\u00e9net k\u00f6z\u00e9ppontj\u00e1ban egy t\u00f6rt\u00e9nelemrajong\u00f3 kisfi\u00fa, Kevin (Craig Warnock) \u00e1ll, akinek egy \u00e9jszaka hat id\u0151utaz\u00f3 t\u00f6rpe t\u00f6r ki a szekr\u00e9ny\u00e9b\u0151l. Kevin csatlakozik a csapathoz, amely a t\u00f6rt\u00e9nelmi G\u00f6r\u00f6gorsz\u00e1gon, Franciaorsz\u00e1gon \u00e9s a k\u00f6z\u00e9pkoron kereszt\u00fcl utazik egy ellopott t\u00e9rk\u00e9ppel. A kritikusok im\u00e1dt\u00e1k, \u00e1m hagyom\u00e1nyos \u00e9rtelemben nem nevezn\u00e9nk gyerekfilmnek, m\u00e1r csak a lez\u00e1r\u00e1s miatt sem, ami egyszerre tragikus \u00e9s sz\u00e9p \u2013 ahogy a film maga is, hiszen sz\u00f3rakoztat\u00f3, de retteg\u00e9ssel t\u00f6lt el.<\/p>\n<p>&#13;<\/p>\n<p>\u00a0<\/p>\n<p>&#13;<br \/>\nA s\u00f6t\u00e9t krist\u00e1ly (1982)&#13;<br \/>\n&#13;<\/p>\n<p><a href=\"https:\/\/port.hu\/adatlap\/szemely\/jim-henson\/person-22445\" rel=\"nofollow noopener\" target=\"_blank\">Jim Henson<\/a> forgat\u00f3k\u00f6nyv\u00edr\u00f3-rendez\u0151 c\u00e9lja az volt ezzel a filmmel, hogy visszat\u00e9rjen a Grimm-testv\u00e9rek eredeti mes\u00e9inek s\u00f6t\u00e9t hangulat\u00e1hoz, mert \u00fagy v\u00e9lte, hogy a f\u00e9lelem eg\u00e9szs\u00e9ges a gyerekek sz\u00e1m\u00e1ra. Ugyanarr\u00f3l az emberr\u0151l besz\u00e9l\u00fcnk, aki a Muppet Show-t is megalkotta, \u00e1m ez\u00fattal \u00fagy d\u00f6nt\u00f6tt, forgat egy t\u00f6rt\u00e9netet, amelynek helysz\u00edne egy haldokl\u00f3 idegen bolyg\u00f3, ahol kesely\u0171szer\u0171 l\u00e9nyek \u00e9lnek, akik m\u00e1sokb\u00f3l sz\u00edvj\u00e1k ki az \u00e9letet, hogy fiatalok maradjanak. A S\u00f6t\u00e9t krist\u00e1lyt \u00fagy hirdett\u00e9k, mint az els\u0151 \u00e9l\u0151szerepl\u0151s nagyfilmet, amelyben nincsenek emberi sz\u00edn\u00e9szek, hanem\u00a0 forradalmian \u00faj, animatronikus technik\u00e1val k\u00e9sz\u00fclt karakterek. Ez k\u00e9ts\u00e9gtelen\u00fcl nagy teljes\u00edtm\u00e9ny, ahogy az is, hogy a gonosz Skeksis-faj megalkot\u00e1sakor Henson a h\u00e9t f\u0151b\u0171nt tartotta szem el\u0151tt. \u00c1m \u00e9pp ez\u00e9rt olyan szorong\u00e1ssal t\u00f6ltik el ezek a l\u00e9nyek a n\u00e9z\u0151t, hogy m\u00e9g feln\u0151ttk\u00e9nt is viszolygunk t\u0151l\u00fck.<\/p>\n<p>&#13;<\/p>\n<p>Megn\u00e9zheted itt: Apple TV (k\u00f6lcs\u00f6nz\u00e9s \u2013 eredeti nyelven)<\/p>\n<p>&#13;<\/p>\n<p>\u00a0<\/p>\n<p>&#13;<br \/>\nGonosz l\u00e9lek k\u00f6zeleg (1983)&#13;<\/p>\n<p>&#13;<\/p>\n<p><a href=\"https:\/\/moly.hu\/konyvek\/ray-bradbury-gonosz-lelek-kozeleg\" target=\"_blank\" rel=\"noopener nofollow\">Ray Bradbury azonos c\u00edm\u0171 reg\u00e9nye<\/a> alapj\u00e1n, a Disney \u00e9gisze alatt k\u00e9sz\u00fclt ez a film, \u00e9s a st\u00fadi\u00f3 egyik legnyugtaln\u00edt\u00f3bb alkot\u00e1sa lett. Nem mintha az eredeti m\u0171 nem lenne az, m\u00e1r a c\u00edme sem valami vid\u00e1m. A cselekm\u00e9ny k\u00f6z\u00e9ppontj\u00e1ban k\u00e9t kisfi\u00fa \u00e1ll, akinek kisv\u00e1ros\u00e1ba meg\u00e9rkezik egy Mr. Dark (<a href=\"https:\/\/port.hu\/adatlap\/szemely\/jonathan-pryce\/person-4301\" rel=\"nofollow noopener\" target=\"_blank\">Jonathan Pryce<\/a>) vezette, balj\u00f3slat\u00fa vid\u00e1mpark. Azt \u00edg\u00e9ri, teljes\u00edti az \u00e1lmokat: de olyan sz\u00f6rny\u0171 \u00e1ron, hogy az eg\u00e9sz film hangulat\u00e1t a f\u00e9lelem j\u00e1rtja \u00e1t. R\u00e1ad\u00e1sul a forgat\u00e1s is katasztrof\u00e1lis volt: Bradbury \u00f6sszeveszett a rendez\u0151vel, Jack Claytonnal a jogosulatlan \u00e1t\u00edr\u00e1sok miatt. A Disney vezet\u0151i k\u00f6ny\u00f6rtelen\u00fcl beavatkoztak, kir\u00fagt\u00e1k a v\u00e1g\u00f3t, elvetett\u00e9k az eredeti zen\u00e9t, \u00e9s milli\u00f3kat k\u00f6lt\u00f6ttek arra, hogy \u00fajraforgassanak jeleneteket. A v\u00e9geredm\u00e9ny m\u00e9g \u00edgy is fojtogat\u00f3 egy gyerek- , de m\u00e9g egy ifj\u00fas\u00e1gi filmhez k\u00e9pest is, egyes jelenetek pedig \u2013 p\u00e9ld\u00e1ul az \u00f3r\u00e1sp\u00f3kok inv\u00e1zi\u00f3ja vagy a k\u00f6rhinta \u2013 kifejezetten r\u00e9m\u00e1lomszer\u0171ek.<\/p>\n<p>&#13;<\/p>\n<p>\u00a0<\/p>\n<p>&#13;<br \/>\n&#13;<br \/>\n<img decoding=\"async\" src=\"https:\/\/www.europesays.com\/hu\/wp-content\/uploads\/2026\/05\/780.webp\" alt=\"\" caption=\"true\" captiontext=\"Forr\u00e1s: Prime Video\"\/>Forr\u00e1s: Prime Video<\/p>\n<p>Elk\u00e9peszt\u0151, de a Pee-Wee nagy kalandja par\u00e1bb, mint n\u00e9mely horrorfilm. Els\u0151 r\u00e1n\u00e9z\u00e9sre ez egy bolondos \u00fati v\u00edgj\u00e1t\u00e9k Pee-wee Hermanr\u0151l (Paul Reubens), aki az ellopott biciklij\u00e9t keresi. Az eg\u00e9sz hars\u00e1ny, abszurd \u00e9s vicces, legal\u00e1bbis amennyire a nyolcvanas \u00e9vek anarchikus st\u00edlus\u00fa v\u00edgj\u00e1t\u00e9kai azok voltak. Viszont nem elhanyagolhat\u00f3 t\u00e9ny, hogy ezt a filmet<a href=\"https:\/\/port.hu\/adatlap\/szemely\/tim-burton\/person-8692\" rel=\"nofollow noopener\" target=\"_blank\"> Tim Burton<\/a> rendezte, \u00e9s ez alaposan meg is l\u00e1tszik rajta. Mik\u00e9nt fogalmazott:<\/p>\n<p>&#13;<br \/>\nHa \u00e9rzelmileg megsebezhetek valakit, nekem az t\u00f6k\u00e9letesen megfelel. Im\u00e1dom, ez tesz boldogg\u00e1.\u201d&#13;<\/p>\n<p>Gondoljunk arra a jelenetre, amiben a c\u00edmszerepl\u0151t felveszi egy kamionos, \u00e9s elmes\u00e9li neki a legborzalmasabb balesetet, amit valaha l\u00e1tott \u2013 majd meg is mutatja azt.<\/p>\n<p>&#13;<\/p>\n<p>Megn\u00e9zheted itt: Apple TV (k\u00f6lcs\u00f6nz\u00e9s \u2013 eredeti nyelven)<\/p>\n<p>&#13;<\/p>\n<p>\u00a0<\/p>\n<p>&#13;<br \/>\n&#13;<br \/>\n<img decoding=\"async\" src=\"https:\/\/www.europesays.com\/hu\/wp-content\/uploads\/2026\/05\/782.webp\" alt=\"\" caption=\"true\" captiontext=\"Forr\u00e1s: Disney+\"\/>Forr\u00e1s: Disney+<\/p>\n<p>Ism\u00e9t egy Disney-produkci\u00f3, r\u00e1ad\u00e1sul egy anim\u00e1ci\u00f3s film. A t\u00f6rt\u00e9net egy Taran nev\u0171 fiatal h\u0151sr\u0151l sz\u00f3l, aki megpr\u00f3b\u00e1lja megakad\u00e1lyozni, hogy a Szarvas kir\u00e1ly egy var\u00e1zs\u00fcst seg\u00edts\u00e9g\u00e9vel felt\u00e1massza az \u00e9l\u0151halottak sereg\u00e9t. Nagyszer\u0171en hangzik, \u00e1m a Szarvas kir\u00e1ly a legf\u00e9lelmetesebb ellenf\u00e9l, akit el lehet k\u00e9pzelni: csontv\u00e1zszer\u0171, rekedt hang\u00fa (az eredeti hangs\u00e1vban<a href=\"https:\/\/port.hu\/adatlap\/szemely\/john-hurt\/person-10808\" rel=\"nofollow noopener\" target=\"_blank\"> John Hurt<\/a> szinkroniz\u00e1lta, aki \u00fagy \u00edrta le, hogy olyan mintha \u201ea F\u00f6ld m\u00e9ly\u00e9b\u0151l j\u00f6nne\u201d), \u00e9s a hal\u00e1l veszi k\u00f6r\u00fcl. Ez volt a Disney 25. anim\u00e1ci\u00f3s filmje, az els\u0151, amiben CGI-t haszn\u00e1ltak \u00e9s az els\u0151, ami PG-besorol\u00e1st kapott, vagyis jelezt\u00e9k, hogy csak sz\u00fcl\u0151i fel\u00fcgyelettel lehet megtekinteni. Ett\u0151l m\u00e9g okozhat p\u00e1r nyugtalan \u00e9jszak\u00e1t \u2013 m\u00e9g feln\u0151ttk\u00e9nt is.<\/p>\n<p>&#13;<\/p>\n<p>Megn\u00e9zheted itt: Disney+<\/p>\n<p>&#13;<\/p>\n<p><a href=\"https:\/\/port.hu\/cikk\/magazin\/altalanos-iskolaba-jartam-es-a-nacik-arca-leolvadt\/article-109923\" rel=\"nofollow noopener\" target=\"_blank\"><img decoding=\"async\" src=\"https:\/\/www.europesays.com\/hu\/wp-content\/uploads\/2026\/05\/309.webp\" width=\"300\"\/><\/a><a href=\"https:\/\/port.hu\/cikk\/magazin\/altalanos-iskolaba-jartam-es-a-nacik-arca-leolvadt\/article-109923\" rel=\"nofollow noopener\" target=\"_blank\">\u00c1ltal\u00e1nos iskol\u00e1ba j\u00e1rtam, \u00e9s a n\u00e1cik arca leolvadt<\/a><\/p>\n<p>R\u00e9gen is volt j\u00f3 p\u00e1r film \u00e9s sorozat, amelyet tal\u00e1n t\u00fal fiatalon l\u00e1ttunk \u2013 \u00e9rtekez\u00e9s a felborzolt gyermeki l\u00e9lekr\u0151l.<\/p>\n<p><a class=\"article-btn\" href=\"https:\/\/port.hu\/cikk\/magazin\/altalanos-iskolaba-jartam-es-a-nacik-arca-leolvadt\/article-109923\" rel=\"nofollow noopener\" target=\"_blank\">L\u00e1ssuk!<\/a><\/p>\n<p>&#13;<\/p>\n<p>\u00a0<\/p>\n<p>&#13;<\/p>\n<p>(via <a href=\"https:\/\/movieweb.com\/1980s-kids-movies-scary\/\" target=\"_blank\" rel=\"noopener nofollow\">Movieweb<\/a>)<\/p>\n<p>                <a href=\"https:\/\/google.com\/preferences\/source?q=https:\/\/port.hu\" target=\"_blank\" class=\"google-pref-banner\" id=\"googlePrefBanner\" rel=\"nofollow noopener\"><br \/>\n                    <img loading=\"lazy\" decoding=\"async\" src=\"https:\/\/port.hu\/img\/svg\/google-logo.svg\" width=\"52\" height=\"52\"\/><br \/>\n                    Itt \u00e1ll\u00edtsa be, hogy a Port az els\u0151k k\u00f6z\u00f6tt legyen a Google-tal\u00e1latokban!<\/p>\n<p>                <\/a><\/p>\n","protected":false},"excerpt":{"rendered":"Ezek m\u00e9g egy feln\u0151ttnek is szorong\u00e1st okoznak. B\u00e1rmilyen elk\u00e9peszt\u0151, de most olyan filmekr\u0151l fogunk besz\u00e9lni, amik t\u00f6bb mint&hellip;\n","protected":false},"author":2,"featured_media":119977,"comment_status":"","ping_status":"","sticky":false,"template":"","format":"standard","meta":{"footnotes":"","_share_on_mastodon":"0"},"categories":[17],"tags":[5140,38543,137,160,38536,38534,44,42,40,38535,38541,38544,38538,43,41,159,166,18385,38542,38537,38540,138,38539,4079],"class_list":["post-119976","post","type-post","status-publish","format-standard","has-post-thumbnail","category-filmek","tag-80-as-evek","tag-a-fekete-ust","tag-entertainment","tag-filmek","tag-gonosz-lelek-kozeleg","tag-gyerekfilm","tag-hu","tag-hungarian","tag-hungary","tag-ifjusagi-film","tag-jim-henson","tag-john-hurt","tag-jonathan-pryce","tag-magyar","tag-magyarorszag","tag-movie","tag-mozi","tag-nyolcvanas-evek","tag-pee-wee-nagy-kalandja","tag-ray-bradbury","tag-sotet-kristaly","tag-szorakozas","tag-terry-gilliam","tag-tim-burton"],"share_on_mastodon":{"url":"https:\/\/pubeurope.com\/@hu\/116668949642694754","error":""},"_links":{"self":[{"href":"https:\/\/www.europesays.com\/hu\/wp-json\/wp\/v2\/posts\/119976","targetHints":{"allow":["GET"]}}],"collection":[{"href":"https:\/\/www.europesays.com\/hu\/wp-json\/wp\/v2\/posts"}],"about":[{"href":"https:\/\/www.europesays.com\/hu\/wp-json\/wp\/v2\/types\/post"}],"author":[{"embeddable":true,"href":"https:\/\/www.europesays.com\/hu\/wp-json\/wp\/v2\/users\/2"}],"replies":[{"embeddable":true,"href":"https:\/\/www.europesays.com\/hu\/wp-json\/wp\/v2\/comments?post=119976"}],"version-history":[{"count":0,"href":"https:\/\/www.europesays.com\/hu\/wp-json\/wp\/v2\/posts\/119976\/revisions"}],"wp:featuredmedia":[{"embeddable":true,"href":"https:\/\/www.europesays.com\/hu\/wp-json\/wp\/v2\/media\/119977"}],"wp:attachment":[{"href":"https:\/\/www.europesays.com\/hu\/wp-json\/wp\/v2\/media?parent=119976"}],"wp:term":[{"taxonomy":"category","embeddable":true,"href":"https:\/\/www.europesays.com\/hu\/wp-json\/wp\/v2\/categories?post=119976"},{"taxonomy":"post_tag","embeddable":true,"href":"https:\/\/www.europesays.com\/hu\/wp-json\/wp\/v2\/tags?post=119976"}],"curies":[{"name":"wp","href":"https:\/\/api.w.org\/{rel}","templated":true}]}}