{"id":120327,"date":"2026-05-31T18:14:08","date_gmt":"2026-05-31T18:14:08","guid":{"rendered":"https:\/\/www.europesays.com\/hu\/120327\/"},"modified":"2026-05-31T18:14:08","modified_gmt":"2026-05-31T18:14:08","slug":"ki-kutyaja-vagyok-en-nem-marad-mas-hatra-muszaj-beszallnom-a-kutyapolitikaba","status":"publish","type":"post","link":"https:\/\/www.europesays.com\/hu\/120327\/","title":{"rendered":"Ki kuty\u00e1ja vagyok \u00e9n? \u2013 \u201eNem marad m\u00e1s h\u00e1tra, musz\u00e1j besz\u00e1llnom a kutyapolitik\u00e1ba\u201d"},"content":{"rendered":"<p>    A Jeti Mozi bemutatja Lakatos R\u00f3bert Ki kuty\u00e1ja vagyok \u00e9n? c\u00edm\u0171 dokumentumfilmj\u00e9t.A Ki kuty\u00e1ja vagyok \u00e9n? egy dokumentumfilm-szat\u00edra a kutyateny\u00e9szt\u00e9s vil\u00e1g\u00e1r\u00f3l, amely humorral \u00e9s ir\u00f3ni\u00e1val besz\u00e9l identit\u00e1sr\u00f3l, hovatartoz\u00e1sr\u00f3l, nemzetr\u0151l \u00e9s t\u00e1rsadalmi ideol\u00f3gi\u00e1kr\u00f3l.A rendez\u0151 erd\u00e9lyi magyar kisebbs\u00e9gi h\u00e1tt\u00e9rb\u0151l indulva keres \u201emenyasszonyt\u201d fajtatiszta magyar kuvasz\u00e1nak, mik\u00f6zben egyre m\u00e9lyebbre ker\u00fcl a kutyateny\u00e9szt\u00e9s politik\u00e1val \u00e1tsz\u0151tt vil\u00e1g\u00e1ban.A nacionalizmust\u00f3l a regionalizmuson \u00e1t a liberalizmusig k\u00fcl\u00f6nb\u00f6z\u0151 eszm\u00e9kben pr\u00f3b\u00e1l kapaszkod\u00f3t tal\u00e1lni, de v\u00e9g\u00fcl minden ideol\u00f3gi\u00e1ban csal\u00f3dik \u2014 mik\u00f6zben nem adja fel a rem\u00e9nyt egy emberibb \u00e9let lehet\u0151s\u00e9g\u00e9ben.<\/p>\n<p>    St\u00e1b<\/p>\n<p class=\"\">\n    Producerek: Balogh Rita (OTHER FILMS &#8211; H), Ada Solomon, Alexandru Solomon (microfilm &#8211; RO) &#8211; <br \/>Rendez\u0151\/ Forgat\u00f3k\u00f6nyv \u00edr\u00f3: Lakatos R\u00f3bert<br \/>Operat\u0151r: B\u00e1n- Horv\u00e1th Attila<br \/>V\u00e1g\u00f3: Dunai L\u00e1szl\u00f3<br \/>VFX: Alexandru B\u00f6jthe\n  <\/p>\n","protected":false},"excerpt":{"rendered":"A Jeti Mozi bemutatja Lakatos R\u00f3bert Ki kuty\u00e1ja vagyok \u00e9n? c\u00edm\u0171 dokumentumfilmj\u00e9t.A Ki kuty\u00e1ja vagyok \u00e9n? egy dokumentumfilm-szat\u00edra&hellip;\n","protected":false},"author":2,"featured_media":120328,"comment_status":"","ping_status":"","sticky":false,"template":"","format":"standard","meta":{"footnotes":"","_share_on_mastodon":"0"},"categories":[17],"tags":[577,137,2710,167,160,44,42,40,31474,38094,917,38625,23011,38095,974,43,41,159,99,138],"class_list":["post-120327","post","type-post","status-publish","format-standard","has-post-thumbnail","category-filmek","tag-dokumentumfilm","tag-entertainment","tag-erdely","tag-film","tag-filmek","tag-hu","tag-hungarian","tag-hungary","tag-jeti-mozi","tag-ki-kutyaja-vagyok-en","tag-kutya","tag-kutyapolitika","tag-kuvasz","tag-lakatos-robert","tag-madoke","tag-magyar","tag-magyarorszag","tag-movie","tag-politika","tag-szorakozas"],"share_on_mastodon":{"url":"https:\/\/pubeurope.com\/@hu\/116670553420485010","error":""},"_links":{"self":[{"href":"https:\/\/www.europesays.com\/hu\/wp-json\/wp\/v2\/posts\/120327","targetHints":{"allow":["GET"]}}],"collection":[{"href":"https:\/\/www.europesays.com\/hu\/wp-json\/wp\/v2\/posts"}],"about":[{"href":"https:\/\/www.europesays.com\/hu\/wp-json\/wp\/v2\/types\/post"}],"author":[{"embeddable":true,"href":"https:\/\/www.europesays.com\/hu\/wp-json\/wp\/v2\/users\/2"}],"replies":[{"embeddable":true,"href":"https:\/\/www.europesays.com\/hu\/wp-json\/wp\/v2\/comments?post=120327"}],"version-history":[{"count":0,"href":"https:\/\/www.europesays.com\/hu\/wp-json\/wp\/v2\/posts\/120327\/revisions"}],"wp:featuredmedia":[{"embeddable":true,"href":"https:\/\/www.europesays.com\/hu\/wp-json\/wp\/v2\/media\/120328"}],"wp:attachment":[{"href":"https:\/\/www.europesays.com\/hu\/wp-json\/wp\/v2\/media?parent=120327"}],"wp:term":[{"taxonomy":"category","embeddable":true,"href":"https:\/\/www.europesays.com\/hu\/wp-json\/wp\/v2\/categories?post=120327"},{"taxonomy":"post_tag","embeddable":true,"href":"https:\/\/www.europesays.com\/hu\/wp-json\/wp\/v2\/tags?post=120327"}],"curies":[{"name":"wp","href":"https:\/\/api.w.org\/{rel}","templated":true}]}}