{"id":120451,"date":"2026-05-31T20:41:12","date_gmt":"2026-05-31T20:41:12","guid":{"rendered":"https:\/\/www.europesays.com\/hu\/120451\/"},"modified":"2026-05-31T20:41:12","modified_gmt":"2026-05-31T20:41:12","slug":"ezt-a-bicikliutat-ne-hagyd-ki-ejjel-vilagit-a-mintajat-a-hires-festo-egyik-muve-inspiralta-utazas","status":"publish","type":"post","link":"https:\/\/www.europesays.com\/hu\/120451\/","title":{"rendered":"Ezt a bicikliutat ne hagyd ki: \u00e9jjel vil\u00e1g\u00edt, a mint\u00e1j\u00e1t a h\u00edres fest\u0151 egyik m\u0171ve inspir\u00e1lta &#8211; Utaz\u00e1s"},"content":{"rendered":"<p>Hollandi\u00e1ban l\u00e9tezik egy k\u00fcl\u00f6nleges, \u00e9jszaka vil\u00e1g\u00edt\u00f3 ker\u00e9kp\u00e1r\u00fat, melyet a h\u00edres fest\u0151m\u0171v\u00e9sz Vincent van Gogh egyik festm\u00e9nye, a The starry Night ihletett. A fantasztikus ker\u00e9kp\u00e1rutat egy holland m\u0171v\u00e9sz tervezte.<\/p>\n<p>                        Vil\u00e1g\u00edt\u00f3 bicikli\u00fat Hollandi\u00e1ban<\/p>\n<p><a href=\"https:\/\/divany.hu\/testem\/2026\/01\/05\/gyogykezeles-hatastalan\/\" id=\"hyperlink_af5ff6ce70d206b005b19420067b4392\" rel=\"nofollow noopener\" target=\"_blank\">A hollandokn\u00e1l<\/a> a <a href=\"http:\/\/femina.hu\/utazas\/pesti-also-rakpart-megnyitasa\/\" id=\"hyperlink_867df42c3512b0584ae63d21ab29743f\" target=\"_blank\" title=\"Ekkor ny\u00edlik meg a rakpart a gyalogosok \u00e9s ker\u00e9kp\u00e1rosok el\u0151tt: eddig nem l\u00e1tott forgalmi rend j\u00f6n a f\u0151v\u00e1rosban\" rel=\"nofollow noopener\">bicikliz\u00e9s<\/a> nagyon elterjedt dolog, ez\u00e9rt nem csoda, hogy megalkottak egy olyan k\u00fcl\u00f6nleges bicikli utat, amely \u00e9jjel nemcsak\u00a0 vil\u00e1g\u00edt, hanem egy festm\u00e9nyhez hasonl\u00f3. Az \u00fat t\u00f6bb ezer apr\u00f3 f\u00e9nyvisszaver\u0151 \u00e9s foszforeszk\u00e1l\u00f3 k\u0151b\u0151l \u00e1ll, amik <a href=\"http:\/\/femina.hu\/karacsony\/lumina-park\/\" id=\"hyperlink_abb5f07f12508d29f4969b8368215a41\" target=\"_blank\" title=\"K\u00e1pr\u00e1zatos mesevil\u00e1g ragyog fel mindennap s\u00f6t\u00e9ted\u00e9s ut\u00e1n a Margitszigeten: v\u00e1r a f\u0151v\u00e1ros \u00faj l\u00e1tv\u00e1nyoss\u00e1ga\" rel=\"nofollow noopener\">s\u00f6t\u00e9ted\u00e9s ut\u00e1n<\/a> \u00f6rv\u00e9nyl\u0151, csillagszer\u0171 mint\u00e1zatban vil\u00e1g\u00edtanak.<\/p>\n<p>Az \u00fat k\u00f6r\u00fclbel\u00fcl hatsz\u00e1z m\u00e9ter hossz\u00fa, a h\u00edres hollandiai Van Gogh ker\u00e9kp\u00e1r\u00fat r\u00e9sze. Brabant tartom\u00e1nyban tal\u00e1lhat\u00f3, ahol a m\u0171v\u00e9sz inspir\u00e1l\u00f3dott.\u00a0 A helyet fenntarthat\u00f3 m\u0171v\u00e9szetk\u00e9nt is sz\u00e1mon tartj\u00e1k, hiszen egyszerre m\u0171alkot\u00e1s k\u00f6zvil\u00e1g\u00edt\u00e1s \u00e9s ker\u00e9kp\u00e1r\u00fat. A k\u00f6vetkez\u0151 vide\u00f3ban megn\u00e9zheted, milyen csod\u00e1latosan n\u00e9z ki:<\/p>\n<p>Az \u00fat nappal napenergi\u00e1val t\u00f6lt\u0151dik fel, este pedig olyan k\u00e9kes-z\u00f6ldes f\u00e9nyt bocs\u00e1jt ki, mintha a h\u00edres fest\u0151m\u0171v\u00e9sz festm\u00e9nye elevenedne meg az \u00faton. N\u00e9h\u00e1ny helyen LED-es vil\u00e1g\u00edt\u00e1st is tettek a f\u00f6ldre, hogy\u00a0 ezzel is\u00a0 seg\u00edts\u00e9k az \u00f6sszhat\u00e1st.<\/p>\n<p>                                    <img loading=\"lazy\" decoding=\"async\" src=\"https:\/\/www.europesays.com\/hu\/wp-content\/uploads\/2026\/05\/1780260071_16_68204953_20bb222a049bca551bfa29b6ef389012_wm.jpg\" width=\"200\" height=\"290\" alt=\"\"\/><br \/>\n                            \t    \tA benn\u00fcnk \u00e9l\u0151 n\u0151k &#8211; Hol az egyens\u00faly a megfelel\u00e9s \u00e9s az \u00f6nazonoss\u00e1g k\u00f6z\u00f6tt?<\/p>\n<p>A 21. sz\u00e1zadi n\u0151 minden szerepben helyt \u00e1ll: dolgozik, \u00e9desanya, t\u00e1rs, bar\u00e1t, gondoskod\u00f3, \u00e9s k\u00f6zben pr\u00f3b\u00e1l \u00f6nmaga is maradni. Hogyan lehet lav\u00edrozni a rohan\u00f3 mindennapok, a teljes\u00edtm\u00e9nyk\u00e9nyszer \u00e9s a saj\u00e1t lelki b\u00e9k\u00e9nk k\u00f6z\u00f6tt? Hogyan tal\u00e1ljuk meg az egyens\u00falyt szerepeink k\u00f6z\u00f6tt?\u00a0Er\u0151s Ant\u00f3nia \u00e9s Pokorny Lia besz\u00e9lgetnek j\u00fanius 1-j\u00e9n a MOMkultban arr\u00f3l, mit jelent ma n\u0151nek lenni: hogyan lehet egyszerre helyt \u00e1llni a munka, a csal\u00e1d \u00e9s a saj\u00e1t v\u00e1gyak vil\u00e1g\u00e1ban, mik\u00f6zben meg\u0151rizz\u00fck \u00f6nmagunkat, bels\u0151 er\u0151nket \u00e9s harm\u00f3ni\u00e1nkat.\u00a0<\/p>\n<p><a href=\"https:\/\/indaevents.hu\/\/e\/erosantonia-pokornylia\" rel=\"nofollow noopener\" target=\"_blank\">Biztos\u00edtsd be a helyed most!<\/a><\/p>\n<p class=\"promocio\">Prom\u00f3ci\u00f3<\/p>\n<p>\n                          Fot\u00f3: Getty Images Hungary\n                        <\/p>\n<p>                                    <a href=\"https:\/\/femina.hu\/utazas\/vatnajokull-nemzeti-park-izland\/\" title=\"\" rel=\"nofollow noopener\" target=\"_blank\"><br \/>\n                                    <img decoding=\"async\" src=\"https:\/\/www.europesays.com\/hu\/wp-content\/uploads\/2026\/05\/69259351_5111315_647ada13a24829d867bc804049c83258_wm.jpg\" alt=\"\" title=\"\"\/><br \/>\n                                <\/a><\/p>\n<p>                                Ez Eur\u00f3pa egyik legk\u00fcl\u00f6nlegesebb nemzeti parkja: mintha nem is a F\u00f6ld\u00f6n j\u00e1rn\u00e1nk<\/p>\n<p class=\"lead\">A Vatnaj\u00f6kull Nemzeti Park Izland egyik legvar\u00e1zslatosabb \u00e9s egyben legnagyobb kiterjed\u00e9s\u0171 term\u00e9szetv\u00e9delmi ter\u00fclete.<\/p>\n<p>                                <a href=\"https:\/\/femina.hu\/utazas\/vatnajokull-nemzeti-park-izland\/\" class=\"btn btn-normal\" rel=\"nofollow noopener\" target=\"_blank\">Elolvasom<\/a><\/p>\n<p><a href=\"https:\/\/dex.hu\/x.php?id=googlepref_desktop_femina&amp;url=https:\/\/google.com\/preferences\/source?q=https:\/\/femina.hu\/\" class=\"google-pref-banner \" id=\"googlePrefBanner\" rel=\"nofollow noopener\" target=\"_blank\"><\/p>\n<p>        \u00c1ll\u00edtsd be Google keres\u0151j\u00e9t, hogy a tal\u00e1latok k\u00f6z\u00f6tt biztos ott legyen a Femina!<\/p>\n<p><\/a><\/p>\n","protected":false},"excerpt":{"rendered":"Hollandi\u00e1ban l\u00e9tezik egy k\u00fcl\u00f6nleges, \u00e9jszaka vil\u00e1g\u00edt\u00f3 ker\u00e9kp\u00e1r\u00fat, melyet a h\u00edres fest\u0151m\u0171v\u00e9sz Vincent van Gogh egyik festm\u00e9nye, a The&hellip;\n","protected":false},"author":2,"featured_media":120452,"comment_status":"","ping_status":"","sticky":false,"template":"","format":"standard","meta":{"footnotes":"","_share_on_mastodon":"0"},"categories":[6],"tags":[3577,29817,16340,2631,44,42,40,43,41,10199,674],"class_list":["post-120451","post","type-post","status-publish","format-standard","has-post-thumbnail","category-magyarorszag","tag-bicikli","tag-csillagok","tag-feny","tag-hollandia","tag-hu","tag-hungarian","tag-hungary","tag-magyar","tag-magyarorszag","tag-muvesz","tag-utazas"],"share_on_mastodon":{"url":"https:\/\/pubeurope.com\/@hu\/116671131797623106","error":""},"_links":{"self":[{"href":"https:\/\/www.europesays.com\/hu\/wp-json\/wp\/v2\/posts\/120451","targetHints":{"allow":["GET"]}}],"collection":[{"href":"https:\/\/www.europesays.com\/hu\/wp-json\/wp\/v2\/posts"}],"about":[{"href":"https:\/\/www.europesays.com\/hu\/wp-json\/wp\/v2\/types\/post"}],"author":[{"embeddable":true,"href":"https:\/\/www.europesays.com\/hu\/wp-json\/wp\/v2\/users\/2"}],"replies":[{"embeddable":true,"href":"https:\/\/www.europesays.com\/hu\/wp-json\/wp\/v2\/comments?post=120451"}],"version-history":[{"count":0,"href":"https:\/\/www.europesays.com\/hu\/wp-json\/wp\/v2\/posts\/120451\/revisions"}],"wp:featuredmedia":[{"embeddable":true,"href":"https:\/\/www.europesays.com\/hu\/wp-json\/wp\/v2\/media\/120452"}],"wp:attachment":[{"href":"https:\/\/www.europesays.com\/hu\/wp-json\/wp\/v2\/media?parent=120451"}],"wp:term":[{"taxonomy":"category","embeddable":true,"href":"https:\/\/www.europesays.com\/hu\/wp-json\/wp\/v2\/categories?post=120451"},{"taxonomy":"post_tag","embeddable":true,"href":"https:\/\/www.europesays.com\/hu\/wp-json\/wp\/v2\/tags?post=120451"}],"curies":[{"name":"wp","href":"https:\/\/api.w.org\/{rel}","templated":true}]}}