{"id":120472,"date":"2026-05-31T21:08:10","date_gmt":"2026-05-31T21:08:10","guid":{"rendered":"https:\/\/www.europesays.com\/hu\/120472\/"},"modified":"2026-05-31T21:08:10","modified_gmt":"2026-05-31T21:08:10","slug":"gazdasag-3-ezer-forint-arbevetelbol-csinalt-194-millios-profitot-a-magyar-peter-lejaratasarol-elhiresult-ceg","status":"publish","type":"post","link":"https:\/\/www.europesays.com\/hu\/120472\/","title":{"rendered":"Gazdas\u00e1g: 3 ezer forint \u00e1rbev\u00e9telb\u0151l csin\u00e1lt 194 milli\u00f3s profitot a Magyar P\u00e9ter lej\u00e1rat\u00e1s\u00e1r\u00f3l elh\u00edres\u00fclt c\u00e9g"},"content":{"rendered":"<p>Az el\u0151z\u0151 \u00e9vi 19,4 milli\u00f3 forintos nyeres\u00e9g ut\u00e1n 194,7 milli\u00f3s profitr\u00f3l sz\u00e1molt be az <a href=\"https:\/\/hvg.hu\/cimke\/ellenallas-mozgalom-kft\" target=\"_self\" rel=\"nofollow noopener\">Ellen\u00e1ll\u00e1s Mozgalom Nonprofit Kft<\/a>. Ez az a c\u00e9g, amelyik megcsin\u00e1lta a \u201eMint k\u00e9t toj\u00e1s\u201d \u00e9s a Tisza-ad\u00f3s plak\u00e1tokat, \u00e9s el\u00e1rasztotta az internetet a gyakran a mesters\u00e9ges intelligencia seg\u00edts\u00e9g\u00e9vel gener\u00e1lt vide\u00f3ival, amelyek azzal riogatnak, hogy Magyar P\u00e9ter egy borzalmas ember, aki el akarja venni m\u00e1sok p\u00e9nz\u00e9t.<\/p>\n<p>Tavaly <a href=\"https:\/\/hvg.hu\/kkv\/20251002_ellanallas-mozgalom-apati-megafon-tulajdonos\" target=\"_self\" rel=\"nofollow noopener\">okt\u00f3berben tulajdonosv\u00e1lt\u00e1s is t\u00f6rt\u00e9nt<\/a>, az addigi egyed\u00fcli tulajdonos \u00e9s \u00fcgyvezet\u0151, a megafonos <a href=\"https:\/\/hvg.hu\/cimke\/apati-bence\" target=\"_self\" rel=\"nofollow noopener\">Ap\u00e1ti Bence<\/a> eladta az \u00fczletr\u00e9sz\u00e9t a Megafont vezet\u0151 Kov\u00e1cs Istv\u00e1nnak, aki egyben az \u00fcgyvezet\u0151i poz\u00edci\u00f3t is \u00e1tvette.\u00a0<\/p>\n<p> <a href=\"https:\/\/hvg.hu\/itthon\/20260220_apati-bence-nemzeti-ellenallas-mozgalom-lejarato-kampany-ai-video-magyar-peter\" target=\"_self\" rel=\"nofollow noopener\"> <\/p>\n<p>https:\/\/hvg.hu\/itthon\/20260220_apati-bence-nemzeti-ellenallas-mozgalom-lejarato-kampany-ai-video-magyar-peter<\/p>\n<p>Visszat\u00e9rve a 2025-\u00f6s eredm\u00e9nyekre: szembet\u0171n\u0151, hogy a c\u00e9g az \u00e1rbev\u00e9tel oldalon mind\u00f6ssze 3 ezer forintot t\u00fcntetett fel, ellenben a nem r\u00e9szletezett egy\u00e9b bev\u00e9telekn\u00e9l megjelent egy 2,7 milli\u00e1rd forintos t\u00e9tel. Ezt szokt\u00e1k \u00fagy magyar\u00e1zni, hogy t\u00e1mogat\u00e1sokat kaptak.<\/p>\n<p>A 12 f\u0151t foglalkoztat\u00f3 c\u00e9g 120 milli\u00f3 forintot k\u00f6lt\u00f6tt szem\u00e9lyi jelleg\u0171 r\u00e1ford\u00edt\u00e1sokra, mik\u00f6zben a saj\u00e1t t\u0151k\u00e9je az el\u0151z\u0151 \u00e9vi 22 milli\u00f3r\u00f3l 217 milli\u00f3ra n\u0151tt, az eredm\u00e9nytartal\u00e9ka pedig null\u00e1r\u00f3l 19,4 milli\u00f3ra. Ez annak is k\u00f6sz\u00f6nhet\u0151, hogy osztal\u00e9kot nem fizetett a v\u00e1llalkoz\u00e1s. Rossz h\u00edr ugyanakkor a c\u00e9gnek, hogy 45 ezerr\u0151l 811,9 milli\u00f3ra n\u0151ttek a k\u00f6telezetts\u00e9gei.<\/p>\n<p> <a href=\"https:\/\/hvg.hu\/elet\/20250713_Magyar-Peter-az-ot-lejarato-plakat-elott-pozolt\" target=\"_self\" rel=\"nofollow noopener\"> <\/p>\n<p>https:\/\/hvg.hu\/elet\/20250713_Magyar-Peter-az-ot-lejarato-plakat-elott-pozolt<\/p>\n<p>Nyit\u00f3k\u00e9p: HVG \/ Szondy Dalma<\/p>\n","protected":false},"excerpt":{"rendered":"Az el\u0151z\u0151 \u00e9vi 19,4 milli\u00f3 forintos nyeres\u00e9g ut\u00e1n 194,7 milli\u00f3s profitr\u00f3l sz\u00e1molt be az Ellen\u00e1ll\u00e1s Mozgalom Nonprofit Kft.&hellip;\n","protected":false},"author":2,"featured_media":120473,"comment_status":"","ping_status":"","sticky":false,"template":"","format":"standard","meta":{"footnotes":"","_share_on_mastodon":"0"},"categories":[8],"tags":[25733,35630,38661,42,6494,43,34,111,94,93,92],"class_list":["post-120472","post","type-post","status-publish","format-standard","has-post-thumbnail","category-vilag","tag-apati-bence","tag-ceges-beszamolok-2026","tag-ellenallas-mozgalom-kft","tag-hungarian","tag-kovacs-istvan","tag-magyar","tag-news","tag-vallalkozas","tag-vilag","tag-world","tag-world-news"],"share_on_mastodon":{"url":"https:\/\/pubeurope.com\/@hu\/116671237566894903","error":""},"_links":{"self":[{"href":"https:\/\/www.europesays.com\/hu\/wp-json\/wp\/v2\/posts\/120472","targetHints":{"allow":["GET"]}}],"collection":[{"href":"https:\/\/www.europesays.com\/hu\/wp-json\/wp\/v2\/posts"}],"about":[{"href":"https:\/\/www.europesays.com\/hu\/wp-json\/wp\/v2\/types\/post"}],"author":[{"embeddable":true,"href":"https:\/\/www.europesays.com\/hu\/wp-json\/wp\/v2\/users\/2"}],"replies":[{"embeddable":true,"href":"https:\/\/www.europesays.com\/hu\/wp-json\/wp\/v2\/comments?post=120472"}],"version-history":[{"count":0,"href":"https:\/\/www.europesays.com\/hu\/wp-json\/wp\/v2\/posts\/120472\/revisions"}],"wp:featuredmedia":[{"embeddable":true,"href":"https:\/\/www.europesays.com\/hu\/wp-json\/wp\/v2\/media\/120473"}],"wp:attachment":[{"href":"https:\/\/www.europesays.com\/hu\/wp-json\/wp\/v2\/media?parent=120472"}],"wp:term":[{"taxonomy":"category","embeddable":true,"href":"https:\/\/www.europesays.com\/hu\/wp-json\/wp\/v2\/categories?post=120472"},{"taxonomy":"post_tag","embeddable":true,"href":"https:\/\/www.europesays.com\/hu\/wp-json\/wp\/v2\/tags?post=120472"}],"curies":[{"name":"wp","href":"https:\/\/api.w.org\/{rel}","templated":true}]}}