{"id":120675,"date":"2026-06-01T05:32:12","date_gmt":"2026-06-01T05:32:12","guid":{"rendered":"https:\/\/www.europesays.com\/hu\/120675\/"},"modified":"2026-06-01T05:32:12","modified_gmt":"2026-06-01T05:32:12","slug":"nemzeti-ellenallas-mozgalom-ertekesitesbol-haromezer-egyeb-bevetel-275-milliard-forint","status":"publish","type":"post","link":"https:\/\/www.europesays.com\/hu\/120675\/","title":{"rendered":"Nemzeti Ellen\u00e1ll\u00e1s Mozgalom: \u00c9rt\u00e9kes\u00edt\u00e9sb\u0151l h\u00e1romezer, egy\u00e9b bev\u00e9tel 2,75 milli\u00e1rd forint"},"content":{"rendered":"<p>        <img decoding=\"async\" src=\"https:\/\/www.europesays.com\/hu\/wp-content\/uploads\/2026\/06\/VL20250716_3050.jpg\" alt=\"Nemzeti Ellen\u00e1ll\u00e1s Mozgalom: \u00c9rt\u00e9kes\u00edt\u00e9sb\u0151l h\u00e1romezer, egy\u00e9b bev\u00e9tel 2,75 milli\u00e1rd forint\" loading=\"lazy\" class=\"img-fluid w-100\" style=\"\"\/><br \/>\n                    \u201eMint k\u00e9t toj\u00e1s\u201d plak\u00e1tok (Fot\u00f3: Magyar Hang\/V\u00e9gh L\u00e1szl\u00f3)                        <\/p>\n<p>M\u00edg \u00e9rt\u00e9kes\u00edt\u00e9sb\u0151l tavaly h\u00e1romezres bev\u00e9telt sz\u00e1molt el a Nemzeti Ellen\u00e1ll\u00e1s Mozgalom m\u00f6g\u00f6tti c\u00e9g, addig egy\u00e9b bev\u00e9telk\u00e9nt 2,75 milli\u00e1rd forintot t\u00fcntettek fel \u2013 <a href=\"https:\/\/hvg.hu\/gazdasag\/20260531_3-ezer-forint-arbevetelbol-csinalt-194-millios-profitot-a-magyar-peter-lejaratasarol-elhiresult-ceg\" target=\"_blank\" rel=\"noopener nofollow\">\u00edrta meg<\/a> a HVG.hu. \u0150k azok, akik a Magyar P\u00e9terr\u0151l sz\u00f3l\u00f3 lej\u00e1rat\u00f3kamp\u00e1nyban fontos szerepet v\u00e1llaltak, legy\u00e1rtva p\u00e9ld\u00e1ul a Magyar P\u00e9tert \u00e9s Volodimir Zelenszkijt k\u00e9t toj\u00e1sk\u00e9nt \u00e1br\u00e1zol\u00f3 hirdet\u00e9seket.<\/p>\n<p>Az Ellen\u00e1ll\u00e1s Mozgalom Nonprofit Kft. 2,4 milli\u00e1rdot sz\u00e1nt anyagjelleg\u0171, 120 milli\u00f3t szem\u00e9lyi jelleg\u0171 r\u00e1ford\u00edt\u00e1sokra, tov\u00e1bb\u00e1 23 milli\u00f3t \u00edrtak le \u00e9rt\u00e9kcs\u00f6kken\u00e9sk\u00e9nt. Tavaly ezzel 194,77 milli\u00f3s ad\u00f3zott eredm\u00e9nyt \u00e9rtek el \u2013 a h\u00e1romezer forintos \u00e9rt\u00e9kes\u00edt\u00e9sb\u0151l sz\u00e1rmaz\u00f3 bev\u00e9tellel egy\u00fctt.<\/p>\n<p>A c\u00e9g a f\u00f6ldr\u00e9sz legdr\u00e1g\u00e1bb politikai hirdet\u00e9si kamp\u00e1ny\u00e1t folytatta a YouTube-on, illetve offline is r\u00e9szt vettek a Magyar P\u00e9ter elleni kamp\u00e1nyban. Az Ellen\u00e1ll\u00e1s Mozgalom Nonprofit Kft. tulajdonosa tavaly okt\u00f3berig a megafonos Ap\u00e1ti Bence volt, majd \u00e1tvette t\u0151le a Megafon tulajdonosa, Kov\u00e1cs Istv\u00e1n.<\/p>\n<p>A HVG.hu sz\u00e1molt be arr\u00f3l is, hogy tavaly a Megafon is t\u00f6bb milli\u00e1rdos egy\u00e9b bev\u00e9telt <a href=\"https:\/\/hang.hu\/belfold\/kozel-felmilliardos-nyereseggel-zarta-2025-ot-a-megafon-189127\" target=\"_blank\" rel=\"noopener nofollow\">k\u00f6nyvelhetett el<\/a>. Nemr\u00e9g der\u00fclt ki tov\u00e1bb\u00e1 az is, hogy Hont Andr\u00e1s\u00a0\u00d6t-kontent Kft.-je is f\u00e9lmilli\u00e1rdos egy\u00e9b bev\u00e9telre tett szert, \u0151 viszont nem akarta el\u00e1rulni, kik voltak a rejt\u00e9lyes t\u00e1mogat\u00f3k. Mint <a href=\"https:\/\/444.hu\/2026\/05\/27\/hont-andras-azt-keri-ne-tole-kerdezzek-hogy-egy-fidesz-szimpatizans-milliardos-miert-ot-talalta-meg-felmilliard-forint-tamogatassal\" target=\"_blank\" rel=\"noopener nofollow\">fogalmazott<\/a>, ne \u0151t k\u00e9rdezz\u00e9k arr\u00f3l, hogy k\u00fcl\u00f6nb\u00f6z\u0151 milli\u00e1rdosok mi\u00e9rt \u00e9pp \u0151t tal\u00e1lt\u00e1k meg ekkora t\u00e1mogat\u00e1ssal.<\/p>\n","protected":false},"excerpt":{"rendered":"\u201eMint k\u00e9t toj\u00e1s\u201d plak\u00e1tok (Fot\u00f3: Magyar Hang\/V\u00e9gh L\u00e1szl\u00f3) M\u00edg \u00e9rt\u00e9kes\u00edt\u00e9sb\u0151l tavaly h\u00e1romezres bev\u00e9telt sz\u00e1molt el a Nemzeti Ellen\u00e1ll\u00e1s&hellip;\n","protected":false},"author":2,"featured_media":120676,"comment_status":"","ping_status":"","sticky":false,"template":"","format":"standard","meta":{"footnotes":"","_share_on_mastodon":"0"},"categories":[8],"tags":[38698,38700,42,38697,43,5264,38699,34,94,93,92],"class_list":["post-120675","post","type-post","status-publish","format-standard","has-post-thumbnail","category-vilag","tag-apti-bence","tag-ellenlls-mozgalom-nonprofit-kft","tag-hungarian","tag-kovcs-istvn","tag-magyar","tag-megafon","tag-nemzeti-ellenlls-mozgalom","tag-news","tag-vilag","tag-world","tag-world-news"],"share_on_mastodon":{"url":"https:\/\/pubeurope.com\/@hu\/116673219592719045","error":""},"_links":{"self":[{"href":"https:\/\/www.europesays.com\/hu\/wp-json\/wp\/v2\/posts\/120675","targetHints":{"allow":["GET"]}}],"collection":[{"href":"https:\/\/www.europesays.com\/hu\/wp-json\/wp\/v2\/posts"}],"about":[{"href":"https:\/\/www.europesays.com\/hu\/wp-json\/wp\/v2\/types\/post"}],"author":[{"embeddable":true,"href":"https:\/\/www.europesays.com\/hu\/wp-json\/wp\/v2\/users\/2"}],"replies":[{"embeddable":true,"href":"https:\/\/www.europesays.com\/hu\/wp-json\/wp\/v2\/comments?post=120675"}],"version-history":[{"count":0,"href":"https:\/\/www.europesays.com\/hu\/wp-json\/wp\/v2\/posts\/120675\/revisions"}],"wp:featuredmedia":[{"embeddable":true,"href":"https:\/\/www.europesays.com\/hu\/wp-json\/wp\/v2\/media\/120676"}],"wp:attachment":[{"href":"https:\/\/www.europesays.com\/hu\/wp-json\/wp\/v2\/media?parent=120675"}],"wp:term":[{"taxonomy":"category","embeddable":true,"href":"https:\/\/www.europesays.com\/hu\/wp-json\/wp\/v2\/categories?post=120675"},{"taxonomy":"post_tag","embeddable":true,"href":"https:\/\/www.europesays.com\/hu\/wp-json\/wp\/v2\/tags?post=120675"}],"curies":[{"name":"wp","href":"https:\/\/api.w.org\/{rel}","templated":true}]}}