{"id":121374,"date":"2026-06-01T17:07:10","date_gmt":"2026-06-01T17:07:10","guid":{"rendered":"https:\/\/www.europesays.com\/hu\/121374\/"},"modified":"2026-06-01T17:07:10","modified_gmt":"2026-06-01T17:07:10","slug":"telex-ujra-kihajozhatott-a-hantavirus-miatt-hirhedtte-valt-hondius-luxus-oceanjaro","status":"publish","type":"post","link":"https:\/\/www.europesays.com\/hu\/121374\/","title":{"rendered":"Telex: \u00dajra kihaj\u00f3zhatott a hantav\u00edrus miatt h\u00edrhedtt\u00e9 v\u00e1lt Hondius luxus-\u00f3ce\u00e1nj\u00e1r\u00f3"},"content":{"rendered":"<p><a href=\"https:\/\/telex.hu\/szerzo\/hanula-zsolt\" class=\"author__avatar\" rel=\"nofollow noopener\" target=\"_blank\"><img decoding=\"async\" src=\"https:\/\/www.europesays.com\/hu\/wp-content\/uploads\/2026\/06\/1780329128_676__JO_3264__avatar@4x.jpg\" alt=\"Hanula Zsolt\" class=\"avatar\" loading=\"lazy\"\/><\/a><\/p>\n<p>K\u00e9t h\u00e9ttel a kik\u00f6t\u00e9se ut\u00e1n ism\u00e9t kihaj\u00f3zhat a tengerre a hantav\u00edrus-j\u00e1rv\u00e1ny miatt h\u00edrhedtt\u00e9 v\u00e1lt, de az\u00f3ta alaposan fert\u0151tlen\u00edtett holland MV Hondius \u00f3ce\u00e1nj\u00e1r\u00f3l \u2013 \u00edrja az MTI.<\/p>\n<p>Az \u00f3ce\u00e1nj\u00e1r\u00f3t \u00fczemeltet\u0151 haj\u00f3z\u00e1si t\u00e1rsas\u00e1g, az Oceanwide Expeditions t\u00e1j\u00e9koztat\u00e1sa szerint a Hondius j\u00fanius 6-\u00e1n indul a Spitzberg\u00e1kra, onnan pedig a Jeges-tengerre. Hangs\u00falyozt\u00e1k, hogy a haj\u00f3t a holland eg\u00e9szs\u00e9g\u00fcgyi hat\u00f3s\u00e1gok megtiszt\u00edtott\u00e1k \u00e9s fert\u0151tlen\u00edtett\u00e9k, \u00edgy nem \u00e1ll fenn t\u00f6bb\u00e9 fert\u0151z\u00e9svesz\u00e9ly. A vizsg\u00e1latok meg\u00e1llap\u00edtott\u00e1k, hogy a hantav\u00edrus az utasokkal ker\u00fclt a fed\u00e9lzetre \u00e9s nem mag\u00e1r\u00f3l a haj\u00f3r\u00f3l sz\u00e1rmazott. A leg\u00e9nys\u00e9g tagjai a kor\u00e1bbi \u00fatr\u00f3l m\u00e9g karant\u00e9nban vannak.<\/p>\n<p>\u00c1prilisban t\u00f6rt ki hantav\u00edrus okozta j\u00e1rv\u00e1ny a Hondius luxus-\u00f3ce\u00e1nj\u00e1r\u00f3n, ami 150 emberrel a fed\u00e9lzet\u00e9n indult Argent\u00edn\u00e1b\u00f3l a Z\u00f6ld-foki-szigetek fel\u00e9. A v\u00edrus megjelen\u00e9se ut\u00e1n, m\u00e1jus k\u00f6zep\u00e9n az utasok \u00e9s a leg\u00e9nys\u00e9g nagy r\u00e9sz\u00e9t evaku\u00e1lt\u00e1k Tenerif\u00e9n, a haj\u00f3 m\u00e1jus 18-\u00e1n \u00e9rkezett meg a rotterdami kik\u00f6t\u0151be. Az eset a nemzetk\u00f6zi sajt\u00f3ban nagy visszhangot kapott, a k\u00f6z\u00f6ss\u00e9gi m\u00e9di\u00e1ban kisebb p\u00e1nikot is keltett, sokan a Covidhoz hasonl\u00edtott\u00e1k a helyzetet, b\u00e1r ennek <a href=\"https:\/\/telex.hu\/techtud\/2026\/05\/08\/andes-hantavirus-virologia-hondius-oceanjaro-betegseg-terjedes\" class=\"\" rel=\"nofollow noopener\" target=\"_blank\">igaz\u00e1b\u00f3l semmi alapja nincs<\/a>.<\/p>\n<p>A hantav\u00edrus \u00e1ltal\u00e1ban fert\u0151z\u00f6tt r\u00e1gcs\u00e1l\u00f3k vizelet\u00e9vel \u00e9s \u00fcr\u00fcl\u00e9k\u00e9vel val\u00f3 \u00e9rintkez\u00e9s \u00fatj\u00e1n terjed. A WHO becsl\u00e9se szerint \u00e9vente 10 ezer \u00e9s 100 ezer k\u00f6z\u00f6tt lehet a hantav\u00edrusos fert\u0151z\u00e9sek sz\u00e1ma, a betegs\u00e9g lefoly\u00e1s\u00e1nak s\u00falyoss\u00e1ga att\u00f3l f\u00fcgg, melyik v\u00edrusv\u00e1ltozat okozza a fert\u0151z\u00e9st.<\/p>\n<p>Partnereinkt\u0151l<\/p>\n<p>\u00c1ll\u00edtsd be a Telexet megb\u00edzhat\u00f3 forr\u00e1snak!<\/p>\n<p>K\u00f6vess minket Facebookon is!<\/p>\n","protected":false},"excerpt":{"rendered":"K\u00e9t h\u00e9ttel a kik\u00f6t\u00e9se ut\u00e1n ism\u00e9t kihaj\u00f3zhat a tengerre a hantav\u00edrus-j\u00e1rv\u00e1ny miatt h\u00edrhedtt\u00e9 v\u00e1lt, de az\u00f3ta alaposan fert\u0151tlen\u00edtett&hellip;\n","protected":false},"author":2,"featured_media":121375,"comment_status":"","ping_status":"","sticky":false,"template":"","format":"standard","meta":{"footnotes":"","_share_on_mastodon":"0"},"categories":[8],"tags":[30619,42,64,43,30476,34,94,93,92],"class_list":["post-121374","post","type-post","status-publish","format-standard","has-post-thumbnail","category-vilag","tag-hantavirus","tag-hungarian","tag-kulfold","tag-magyar","tag-mv-hondius","tag-news","tag-vilag","tag-world","tag-world-news"],"share_on_mastodon":{"url":"https:\/\/pubeurope.com\/@hu\/116675952425436712","error":""},"_links":{"self":[{"href":"https:\/\/www.europesays.com\/hu\/wp-json\/wp\/v2\/posts\/121374","targetHints":{"allow":["GET"]}}],"collection":[{"href":"https:\/\/www.europesays.com\/hu\/wp-json\/wp\/v2\/posts"}],"about":[{"href":"https:\/\/www.europesays.com\/hu\/wp-json\/wp\/v2\/types\/post"}],"author":[{"embeddable":true,"href":"https:\/\/www.europesays.com\/hu\/wp-json\/wp\/v2\/users\/2"}],"replies":[{"embeddable":true,"href":"https:\/\/www.europesays.com\/hu\/wp-json\/wp\/v2\/comments?post=121374"}],"version-history":[{"count":0,"href":"https:\/\/www.europesays.com\/hu\/wp-json\/wp\/v2\/posts\/121374\/revisions"}],"wp:featuredmedia":[{"embeddable":true,"href":"https:\/\/www.europesays.com\/hu\/wp-json\/wp\/v2\/media\/121375"}],"wp:attachment":[{"href":"https:\/\/www.europesays.com\/hu\/wp-json\/wp\/v2\/media?parent=121374"}],"wp:term":[{"taxonomy":"category","embeddable":true,"href":"https:\/\/www.europesays.com\/hu\/wp-json\/wp\/v2\/categories?post=121374"},{"taxonomy":"post_tag","embeddable":true,"href":"https:\/\/www.europesays.com\/hu\/wp-json\/wp\/v2\/tags?post=121374"}],"curies":[{"name":"wp","href":"https:\/\/api.w.org\/{rel}","templated":true}]}}