{"id":122227,"date":"2026-06-02T10:13:07","date_gmt":"2026-06-02T10:13:07","guid":{"rendered":"https:\/\/www.europesays.com\/hu\/122227\/"},"modified":"2026-06-02T10:13:07","modified_gmt":"2026-06-02T10:13:07","slug":"index-belfold-soha-nem-latott-mennyisegu-kokaint-foglaltak-le-magyarorszagon-kacifantos-ut-vezetett-a-lekapcsolashoz","status":"publish","type":"post","link":"https:\/\/www.europesays.com\/hu\/122227\/","title":{"rendered":"Index &#8211; Belf\u00f6ld &#8211; Soha nem l\u00e1tott mennyis\u00e9g\u0171 kokaint foglaltak le Magyarorsz\u00e1gon, kacif\u00e1ntos \u00fat vezetett a lekapcsol\u00e1shoz"},"content":{"rendered":"<p>A K\u00e9szenl\u00e9ti Rend\u0151rs\u00e9g Nemzeti Nyomoz\u00f3 Iroda (KR NNI), a Nemzeti Ad\u00f3- \u00e9s V\u00e1mhivatal (NAV), valamint a N\u00e9met B\u0171n\u00fcgyi V\u00e1mszolg\u00e1lat (Zollkriminalamt) k\u00f6z\u00f6s sajt\u00f3t\u00e1j\u00e9koztat\u00f3j\u00e1n r\u00e9szleteket k\u00f6z\u00f6ltek minden id\u0151k legnagyobb magyarorsz\u00e1gi kokainfog\u00e1s\u00e1r\u00f3l.<\/p>\n<p>Az Europol jelent\u00e9se alapj\u00e1n a nemzetk\u00f6zi kont\u00e9neres kokaincsemp\u00e9szet megdupl\u00e1z\u00f3dott az elm\u00falt \u00e9vekben. A k\u00e1b\u00edt\u00f3szer f\u0151k\u00e9nt Ecuadorb\u00f3l \u00e9s Kolumbi\u00e1b\u00f3l \u00e9rkezik, de m\u00e1r nemcsak a megszokott holland \u00e9s spanyol kik\u00f6t\u0151kbe, hanem d\u00e9l-eur\u00f3pai kik\u00f6t\u0151kbe is, p\u00e9ld\u00e1ul a kotori \u00f6b\u00f6lbe.\u00a0A Magyarorsz\u00e1got is mag\u00e1ba foglal\u00f3 k\u00f6z\u00e9p-eur\u00f3pai r\u00e9gi\u00f3ba N\u00e9metorsz\u00e1gon kereszt\u00fcl, a hamburgi \u00e9s a bremerhaveni kik\u00f6t\u0151kb\u0151l \u00e9rkezik az \u00e1ru egy h\u00f3napos \u00e1trakod\u00e1s ut\u00e1n. A kokain egyre n\u00f6vekv\u0151 mennyis\u00e9ge miatt a kokain nagykereskedelmi \u00e1ra megfelez\u0151d\u00f6tt.<\/p>\n<p>                        Kont\u00e9nerekkel \u00e9rkezik<\/p>\n<p>Csupor M\u00e1t\u00e9 rend\u0151r alezredes, a K\u00e1b\u00edt\u00f3szer B\u0171n\u00f6z\u00e9s Elleni Hivatal f\u0151oszt\u00e1lyvezet\u0151je k\u00f6z\u00f6lte, Magyarorsz\u00e1gra vas\u00faton hetente 20-40 kont\u00e9ner \u00e9rkezik, m\u00edg kamionnal hetente 100 darab. Ezekben 20 tonna ban\u00e1n van, t\u00f6bb ezer l\u00e1d\u00e1ban, \u00e9s ezek k\u00f6z\u00e9 szokt\u00e1k jellemz\u0151en rejteni a kokaint. Ezt a sz\u00e1ll\u00edtm\u00e1nyt egy lengyel ban\u00e1nimport\u0151r sz\u00e1ll\u00edtja Magyarorsz\u00e1gra, majd Rom\u00e1ni\u00e1ba. Nemcsak a gy\u00fcm\u00f6lcs k\u00f6z\u00e9 rejtik el a kokaint, hanem sokszor a kont\u00e9nert buher\u00e1lj\u00e1k meg, behegesztve \u00faj rekeszeket is, ahol el tudj\u00e1k rejteni az illeg\u00e1lis \u00e1rut.<\/p>\n<p>El is \u00e9rkezt\u00fcnk a v\u00e1rt adathoz: minden id\u0151k legnagyobb kokainfog\u00e1s\u00e1val 522 kilogramm kokaint tal\u00e1ltak, aminek a feketepiaci utcai \u00e1ra nagyj\u00e1b\u00f3l 15 milli\u00e1rd forint k\u00f6r\u00fcl van.<\/p>\n<p>A kor\u00e1bbi rekord egy 2023-as, 155 kilogramm s\u00faly\u00fa krist\u00e1lyfog\u00e1s volt, illetve 2022-ben egy 77 kilogrammos marihu\u00e1nasz\u00e1ll\u00edtm\u00e1ny, de ilyen mennyis\u00e9g\u0171 kokaint kor\u00e1bban megk\u00f6zel\u00edt\u0151leg sem tudtak lekapcsolni.<\/p>\n<p>                        Hogy jutottak el a hat\u00f3s\u00e1gok ehhez a nagy fog\u00e1shoz?<\/p>\n<p>A rend\u0151r alezredes kiemelte, hogy az el\u0151zm\u00e9nyek ismerete fontos volt a jelenlegi \u00fcgyben, hiszen j\u00f3l l\u00e1tszik, egy ilyen \u00fcgyet csak nemzetk\u00f6zi \u00f6sszefog\u00e1ssal lehet v\u00e9grehajtani. 2025 november\u00e9ben cs\u00f6rg\u00f6tt a telefon az NNI-ben, a francia v\u00e1mhat\u00f3s\u00e1g k\u00f6z\u00f6lte, hogy egy k\u00f6z\u00e9p-amerikai inform\u00e1ci\u00f3 szerint 20 darab kont\u00e9ner indult \u00fatnak Ecuadorb\u00f3l, ezek a gyan\u00fa szerint tartalmazhatnak kokaint. Egy h\u00f3napos \u00fat ut\u00e1n \u00e9rkezett meg \u00c9szak-N\u00e9metorsz\u00e1gba, Bremerhavenbe, egy h\u00e9ttel kor\u00e1bban, ahogyan azt v\u00e1rt\u00e1k. A kik\u00f6t\u0151ben pr\u00f3b\u00e1lt\u00e1k megtal\u00e1lni a jelzett kont\u00e9nereket, de mintha t\u0171t kerestek volna a sz\u00e9nakazalban, mivel \u00e9vente t\u00f6bb milli\u00f3 ilyen rakom\u00e1ny \u00e9rkezik.<\/p>\n<p>A n\u00e9met hat\u00f3s\u00e1gok ezut\u00e1n k\u00f6z\u00f6lt\u00e9k, hogy megtal\u00e1lt\u00e1k a gyan\u00fas kont\u00e9nereket, v\u00e9geztek rajtuk r\u00f6ntgenvizsg\u00e1latot, de semmilyen gyan\u00fasat nem mutattak a felv\u00e9telek. Mivel a kont\u00e9nerek az els\u0151dleges vizsg\u00e1latok alapj\u00e1n rendben voltak, tov\u00e1bbengedt\u00e9k azokat. \u00cdgy indult meg a 20 kont\u00e9ner k\u00f6z\u00fcl 6 darab vas\u00faton, m\u00edg 14 darab kamionnal Magyarorsz\u00e1gra.<\/p>\n<p>Amikor meg\u00e9rkezett a vonat Magyarorsz\u00e1gra, a c\u00e9l az volt, hogy lepakol\u00e1s el\u0151tt megtal\u00e1lj\u00e1k a k\u00e1b\u00edt\u00f3szert, m\u00e1r ha egy\u00e1ltal\u00e1n van, ebben pedig seg\u00edts\u00e9get k\u00e9rtek a NAV speci\u00e1lis szakembereit\u0151l. A kont\u00e9nerek vizsg\u00e1lata Magyarorsz\u00e1gon sem mutatott elt\u00e9r\u00e9st, mind\u00f6ssze kisebb rong\u00e1l\u00e1sokat tal\u00e1ltak, amelyek a sz\u00e1ll\u00edt\u00e1s sor\u00e1n is keletkezhettek. V\u00e9g\u00fcl 7000 darab, ban\u00e1nt tartalmaz\u00f3 dobozt kutattak \u00e1t a csepeli kik\u00f6t\u0151ben, \u00e9s az egyik raklapon r\u00e1bukkantak az 522 kilogramm kokainra, ami 438 kokaint\u00f6mbben volt.<\/p>\n<p>A b\u0171nszervezetek olyan profik, hogy bepakol\u00e1skor megszagoltatj\u00e1k kuty\u00e1kkal, ha pozit\u00edvan jeleznek, \u00fajracsomagolj\u00e1k, ez nagy neh\u00e9zs\u00e9g<\/p>\n<p>\u2013 mutatott r\u00e1 Csupor M\u00e1t\u00e9, majd k\u00f6z\u00f6lte, Magyarorsz\u00e1g logisztikai k\u00f6zpont, innen \u00e1ramlik sz\u00e9t a k\u00f6rnyez\u0151 orsz\u00e1gokba a k\u00e1b\u00edt\u00f3szer, ez\u00e9rt a hat\u00f3s\u00e1goknak meg kellett er\u0151s\u00edteni\u00fck az egys\u00e9geiket, illetve kiterjeszteni a nemzetk\u00f6zi kapcsolatokat. Kik\u00f6t\u0151kbe is ell\u00e1togattak D\u00e9l-Amerik\u00e1ban az ottani koll\u00e9g\u00e1kkal, hogy szem\u00e9lyesen is l\u00e1ss\u00e1k a k\u00e1b\u00edt\u00f3szer-csemp\u00e9szet logisztik\u00e1j\u00e1t. Ez\u00e1ltal tudnak hat\u00e9konyabban m\u0171k\u00f6dni a csemp\u00e9szet ellen.<\/p>\n<p>Reag\u00e1lva az eur\u00f3pai drogsz\u00e1ll\u00edtm\u00e1nyok \u00fatvonal\u00e1ra, \u00e9s megakad\u00e1lyozva a tov\u00e1bbi rakom\u00e1nyok \u00e9rt\u00e9kes\u00edt\u00e9s\u00e9t Magyarorsz\u00e1gon, az elm\u00falt f\u00e9l \u00e9vben k\u00f6z\u00f6s munkacsoportot hozott l\u00e9tre az ORFK, a KR NNI \u00e9s a NAV. A k\u00f6z\u00f6s munk\u00e1nak ism\u00e9t meglett az eredm\u00e9nye, miut\u00e1n Rom\u00e1ni\u00e1b\u00f3l Magyarorsz\u00e1gra tartva \u00e9szleltek egy nagyobb kont\u00e9nermozg\u00e1st, v\u00e9g\u00fcl \u00e1prilis 30-\u00e1n egy csepeli telephelyen ellen\u0151rizt\u00e9k egy Aradr\u00f3l \u00e9rkezett kont\u00e9ner tartalm\u00e1t. Ebben pedig 72 kilogramm kokaint tal\u00e1ltak, aminek feketepiaci \u00e9rt\u00e9ke nagyj\u00e1b\u00f3l 2 milli\u00e1rd forint.<\/p>\n<p>A probl\u00e9ma ez a letagl\u00f3z\u00f3 mennyis\u00e9g, ami hozz\u00e1nk ker\u00fcl. Nem a szaktud\u00e1s korl\u00e1tozza a lehet\u0151s\u00e9get, hanem a hihetetlen mennyis\u00e9g\u0171 \u00e1ru ellen\u0151rz\u00e9se. 100 sz\u00e1zal\u00e9kos ellen\u0151rz\u00e9st nem lehet megval\u00f3s\u00edtani. A strat\u00e9gia az, hogy kock\u00e1zati profilt k\u00e9sz\u00edts\u00fcnk, ez\u00e9rt ott l\u00e9p\u00fcnk fel, ahol feltehet\u0151leg illeg\u00e1lis \u00e1ru \u00e9rkezik<\/p>\n<p>\u2013 err\u0151l pedig m\u00e1r Thomas Rapp, a N\u00e9met B\u0171n\u00fcgyi V\u00e1mszolg\u00e1lat \u00f6sszek\u00f6t\u0151 tisztje besz\u00e9lt a sajt\u00f3t\u00e1j\u00e9koztat\u00f3n, r\u00e1mutatva a neh\u00e9zs\u00e9gekre, ami a hat\u00f3s\u00e1gok munk\u00e1j\u00e1t nehez\u00edti.<\/p>\n<p>A n\u00e9met \u00f6sszek\u00f6t\u0151 tiszt szint\u00e9n kiemelte a k\u00e1b\u00edt\u00f3szer-csemp\u00e9szet\u00e9rt felel\u0151s b\u0171nszervezetek profizmus\u00e1t: magas szakmai sz\u00ednvonalon dolgoznak, korl\u00e1tlan p\u00e9nzforr\u00e1ssal, p\u00e9ld\u00e1ul szabad szemmel sokszor fel sem lehet ismerni, ha \u00e1talak\u00edtanak egy kont\u00e9nert.<\/p>\n<p>\u00d6sszek\u00f6t\u0151k\u00e9nt az a feladata, hogy a t\u00e1rsorsz\u00e1gokkal a megfelel\u0151 egy\u00fcttm\u0171k\u00f6d\u00e9st k\u00f6nny\u00edtse, hogy k\u00f6zvetlen\u00fcl tudj\u00e1k tartani a kapcsolatokat. A t\u00f6bb mint 500 kilogramm kokain lefoglal\u00e1sa t\u00f6k\u00e9letes p\u00e9lda erre \u2013 mutatott r\u00e1 Thomas Rapp. A n\u00e9met v\u00e1mhivatal feladata az \u00e1ruforgalom fel\u00fcgyelete, ezekhez tartozik a k\u00e1b\u00edt\u00f3szer-csemp\u00e9szet, mivel az illeg\u00e1lis \u00e1ru is \u00e1ruforgalomnak sz\u00e1m\u00edt. T\u00f6bb \u00e9vtizede N\u00e9metorsz\u00e1gban a strat\u00e9gia keret\u00e9ben kitolt\u00e1k az els\u0151dleges feladatokat az indul\u00f3 orsz\u00e1gokba, f\u0151k\u00e9nt Latin-Amerik\u00e1ban, ahonnan a legt\u00f6bb k\u00e1b\u00edt\u00f3szer \u00e9rkezik.<\/p>\n<p>Sz\u00e1razf\u00f6ld\u00f6n, v\u00edzen, leveg\u0151ben, mindenhol mozgatj\u00e1k az illeg\u00e1lis \u00e1rukat. A legnagyobb mennyis\u00e9get tengeri \u00faton sz\u00e1ll\u00edtj\u00e1k, ez\u00e9rt kiemelt figyelem van a kik\u00f6t\u0151k\u00f6n, hiszen ezek Eur\u00f3pa kapui<\/p>\n<p>\u2013 fogalmazott a n\u00e9met tiszt, majd konkr\u00e9t sz\u00e1mokat is mutatott, hogy \u00e9rthet\u0151bb legyen az \u00e1tlagember sz\u00e1m\u00e1ra.<\/p>\n<p>Hamburgba 7,8 milli\u00f3 kont\u00e9ner \u00e9rkezik \u00e9ves szinten a 2024-es adatok szerint, m\u00edg Bremerhavenbe 4,45 milli\u00f3 darab. Ez \u00f6sszesen t\u00f6bb mint 12 milli\u00f3 kont\u00e9ner csak a n\u00e9met kik\u00f6t\u0151kben, ami napi sz\u00e1mra lebontva nagyj\u00e1b\u00f3l 36 ezer. Ebben az \u0151r\u00fclt nagy mennyis\u00e9gben siker\u00fclt most v\u00e9ghez vinni Magyarorsz\u00e1g t\u00f6rt\u00e9net\u00e9nek legnagyobb kokainfog\u00e1s\u00e1t.<\/p>\n<p>A sajt\u00f3t\u00e1j\u00e9koztat\u00f3 ut\u00e1n a police.hu oldalra felker\u00fclt egy t\u00f6bbperces vide\u00f3, ahol a kont\u00e9ner kirakod\u00e1s\u00e1t\u00f3l kezdve a kokain megtal\u00e1l\u00e1s\u00e1n \u00e1t annak m\u00e9rlegel\u00e9s\u00e9ig megn\u00e9zhetj\u00fck a t\u00f6rt\u00e9nelmi drogfog\u00e1st.<\/p>\n<p>\n                          (Bor\u00edt\u00f3k\u00e9p:\u00a0A K\u00e9szenl\u00e9ti Rend\u0151rs\u00e9g Nemzeti Nyomoz\u00f3 Iroda [KR NNI], a Nemzeti Ad\u00f3- \u00e9s V\u00e1mhivatal [NAV], valamint a N\u00e9met B\u0171n\u00fcgyi V\u00e1mszolg\u00e1lat [Zollkriminalamt] k\u00f6z\u00f6s sajt\u00f3t\u00e1j\u00e9koztat\u00f3j\u00e1n Thomas Rapp, Csupor M\u00e1t\u00e9 \u00e9s Kalecz J\u00f3zsef, 2026. j\u00fanius 2-\u00e1n. Fot\u00f3: Papajcsik P\u00e9ter \/ Index)\u00a0\n                        <\/p>\n<p><a href=\"https:\/\/dex.hu\/x.php?id=googlepref_desktop&amp;url=https:\/\/google.com\/preferences\/source?q=https:\/\/index.hu\" class=\"google-pref-banner \" id=\"googlePrefBanner\" rel=\"nofollow noopener\" target=\"_blank\"><\/p>\n<p>    Itt \u00e1ll\u00edtsa be, hogy az Index az els\u0151k k\u00f6z\u00f6tt legyen a Google-tal\u00e1latokban!<\/p>\n<p><\/a><\/p>\n<p>    <img decoding=\"async\" src=\"https:\/\/index.hu\/assets\/images\/social-follow\/logo-big.svg\" alt=\"Index.hu logo\"\/><\/p>\n<p>K\u00f6vesse az Indexet Facebookon is!<\/p>\n<p>    <a href=\"https:\/\/facebook.com\/Indexhu\" target=\"_blank\" rel=\"nofollow noopener\"><\/p>\n<p>        K\u00f6vetem!<br \/>\n    <\/a><\/p>\n","protected":false},"excerpt":{"rendered":"A K\u00e9szenl\u00e9ti Rend\u0151rs\u00e9g Nemzeti Nyomoz\u00f3 Iroda (KR NNI), a Nemzeti Ad\u00f3- \u00e9s V\u00e1mhivatal (NAV), valamint a N\u00e9met B\u0171n\u00fcgyi&hellip;\n","protected":false},"author":2,"featured_media":122228,"comment_status":"","ping_status":"","sticky":false,"template":"","format":"standard","meta":{"footnotes":"","_share_on_mastodon":"0"},"categories":[6],"tags":[80,152,44,42,40,71,23103,26858,1979,39087,43,41,18132,269,39088],"class_list":["post-122227","post","type-post","status-publish","format-standard","has-post-thumbnail","category-magyarorszag","tag-belfold","tag-ce-napi","tag-hu","tag-hungarian","tag-hungary","tag-kabitoszer-kereskedelem","tag-keszenleti-rendorseg","tag-kikotok","tag-kokain","tag-kokainszallitmany","tag-magyar","tag-magyarorszag","tag-nni","tag-rendorseg","tag-vamhivatal"],"share_on_mastodon":{"url":"https:\/\/pubeurope.com\/@hu\/116679986811951824","error":""},"_links":{"self":[{"href":"https:\/\/www.europesays.com\/hu\/wp-json\/wp\/v2\/posts\/122227","targetHints":{"allow":["GET"]}}],"collection":[{"href":"https:\/\/www.europesays.com\/hu\/wp-json\/wp\/v2\/posts"}],"about":[{"href":"https:\/\/www.europesays.com\/hu\/wp-json\/wp\/v2\/types\/post"}],"author":[{"embeddable":true,"href":"https:\/\/www.europesays.com\/hu\/wp-json\/wp\/v2\/users\/2"}],"replies":[{"embeddable":true,"href":"https:\/\/www.europesays.com\/hu\/wp-json\/wp\/v2\/comments?post=122227"}],"version-history":[{"count":0,"href":"https:\/\/www.europesays.com\/hu\/wp-json\/wp\/v2\/posts\/122227\/revisions"}],"wp:featuredmedia":[{"embeddable":true,"href":"https:\/\/www.europesays.com\/hu\/wp-json\/wp\/v2\/media\/122228"}],"wp:attachment":[{"href":"https:\/\/www.europesays.com\/hu\/wp-json\/wp\/v2\/media?parent=122227"}],"wp:term":[{"taxonomy":"category","embeddable":true,"href":"https:\/\/www.europesays.com\/hu\/wp-json\/wp\/v2\/categories?post=122227"},{"taxonomy":"post_tag","embeddable":true,"href":"https:\/\/www.europesays.com\/hu\/wp-json\/wp\/v2\/tags?post=122227"}],"curies":[{"name":"wp","href":"https:\/\/api.w.org\/{rel}","templated":true}]}}