{"id":125187,"date":"2026-06-04T17:55:07","date_gmt":"2026-06-04T17:55:07","guid":{"rendered":"https:\/\/www.europesays.com\/hu\/125187\/"},"modified":"2026-06-04T17:55:07","modified_gmt":"2026-06-04T17:55:07","slug":"telex-illegalis-ado-kivezetesevel-kerul-el-unios-penzbol-levonhato-buntetest-a-magyar-allam","status":"publish","type":"post","link":"https:\/\/www.europesays.com\/hu\/125187\/","title":{"rendered":"Telex: Illeg\u00e1lis ad\u00f3 kivezet\u00e9s\u00e9vel ker\u00fcl el uni\u00f3s p\u00e9nzb\u0151l levonhat\u00f3 b\u00fcntet\u00e9st a magyar \u00e1llam"},"content":{"rendered":"<p><a href=\"https:\/\/telex.hu\/szerzo\/marton-balazs\" class=\"author__avatar\" rel=\"nofollow noopener\" target=\"_blank\"><img decoding=\"async\" src=\"https:\/\/www.europesays.com\/hu\/wp-content\/uploads\/2026\/06\/1780402874_725_1652102421-temp-lGOBMl_avatar@4x.jpg\" alt=\"M\u00e1rton Bal\u00e1zs\" class=\"avatar\" loading=\"lazy\"\/><\/a><\/p>\n<p>Az \u00e9rintett c\u00e9geknek nem kell bevallaniuk \u00e9s befizetni\u00fck a kieg\u00e9sz\u00edt\u0151 b\u00e1nyaj\u00e1rad\u00e9kot \u2013 er\u0151s\u00edtette meg a Szab\u00e1lyozott Tev\u00e9kenys\u00e9gek Fel\u00fcgyeleti Hat\u00f3s\u00e1ga (SZTFH) a <a href=\"https:\/\/24.hu\/fn\/gazdasag\/2026\/06\/04\/epitoanyag-kiegeszito-banyajaradek-europai-birosag-itelet-24extra\/\" target=\"_blank\" rel=\"nofollow noopener\">24.hu-nak<\/a>. Az oldal \u00fagy \u00e9rtes\u00fclt, j\u00fanius 1-t\u0151l nem kell befizetni a k\u00fcl\u00f6nad\u00f3t, err\u0151l k\u00e9rdezte meg a hat\u00f3s\u00e1got.<\/p>\n<p>Az SZTFH a 24.hu-nak meger\u0151s\u00edtette azt is, hogy az\u00e9rt nem szedik be a j\u00e1rad\u00e9kot, mert ellent\u00e9tes az uni\u00f3s joggal. Az EU b\u00edr\u00f3s\u00e1ga <a href=\"https:\/\/curia.europa.eu\/site\/upload\/docs\/application\/pdf\/2026-01\/cp260006hu.pdf\" target=\"_blank\" rel=\"nofollow noopener\">2026 janu\u00e1rj\u00e1ban<\/a>, egy k\u00f6telezetts\u00e9gszeg\u00e9si elj\u00e1r\u00e1sban mondta ki, hogy a jogszab\u00e1ly a k\u00f6z\u00f6s piac egyik alappill\u00e9r\u00e9vel megy szembe. Innent\u0151l a magyar \u00e1llam vagy megfelel az \u00edt\u00e9letnek, vagy \u00fajabb per indul \u2013 m\u00e1r arr\u00f3l, mekkora legyen az ak\u00e1r naponta n\u00f6vekv\u0151 b\u00fcntet\u00e9s. Ezt vagy befizeti, vagy b\u00fcntet\u0151kamattal levonj\u00e1k az uni\u00f3s t\u00e1mogat\u00e1sokb\u00f3l.<\/p>\n<p>Nem biztos, hogy teljesen meg\u00fasszuk p\u00e9nzveszt\u00e9s n\u00e9lk\u00fcl: a 24.hu inform\u00e1ci\u00f3i alapj\u00e1n az \u00e9rintett v\u00e1llalatok sz\u00e1mos k\u00e1rt\u00e9r\u00edt\u00e9si pert ind\u00edtottak a magyar \u00e1llammal szemben, adott esetben t\u00edzmilli\u00e1rdos nagys\u00e1grendben (a p\u00e9nzt \u00edgy az ad\u00f3fizet\u0151k \u00e1llhatj\u00e1k).<\/p>\n<p>A b\u00edr\u00f3s\u00e1gi \u00edt\u00e9let szerint a j\u00e1rad\u00e9k l\u00e1tsz\u00f3lag objekt\u00edv szemponton alapul, de els\u0151sorban \u00e9s szisztematikusan m\u00e1s tag\u00e1llami t\u00e1rsas\u00e1gokra alkalmazand\u00f3. Ahogy azt a <a href=\"https:\/\/telex.hu\/g7\/kozelet\/2022\/06\/01\/az-orban-banyaknal-boven-van-extraprofit-de-azt-nem-veszi-el-a-kormany\" class=\"\" rel=\"nofollow noopener\" target=\"_blank\">G7\u202f2022-ben meg\u00edrta<\/a>, t\u00f6rt\u00e9netesen Orb\u00e1n Viktor \u00e9desapj\u00e1nak b\u00e1nyaipari c\u00e9ge hi\u00e1ba \u00e9rt el extraprofitot, nem kellett \u00e9rdemi k\u00fcl\u00f6nad\u00f3t fizetnie.<\/p>\n<p>L\u00e1z\u00e1r J\u00e1nos volt \u00e9p\u00edt\u00e9si \u00e9s k\u00f6zleked\u00e9si miniszter <a href=\"https:\/\/telex.hu\/g7\/kozelet\/2023\/08\/06\/mar-meg-is-van-a-kormany-oszi-ellensege-a-cegvilagban\" class=\"\" rel=\"nofollow noopener\" target=\"_blank\">nem titkolta<\/a>, hogy kifejezetten ki akarja szor\u00edtani a k\u00fclf\u00f6ldi \u00e9p\u00edt\u0151anyag-gy\u00e1rt\u00f3 c\u00e9geket, amihez p\u00e9ld\u00e1ul egyes jelent\u0151s k\u00fclf\u00f6ldi szerepl\u0151k felv\u00e1s\u00e1rl\u00e1s\u00e1nak t\u00e1mogat\u00e1s\u00e1ban gondolkodnak.<\/p>\n<p>2023-ban a <a href=\"https:\/\/www.spiegel.de\/international\/business\/mafia-methods-viktor-orban-ups-the-pressure-on-german-companies-to-leave-hungary-a-cf38f4d2-1576-4f55-896a-b65f19542f43\" target=\"_blank\" rel=\"nofollow noopener\">Der Spiegel cikk\u00e9ben<\/a> Gunther Krichbaum n\u00e9met kereszt\u00e9nydemokrata politikus \u201emaffiam\u00f3dszerekr\u0151l\u201d besz\u00e9lt: az Orb\u00e1n-korm\u00e1ny el\u0151sz\u00f6r megnehez\u00edt \u00e9s vesztes\u00e9gess\u00e9 teszi a megc\u00e9lzott c\u00e9gek m\u0171k\u00f6d\u00e9s\u00e9t, majd megjelennek a korm\u00e1nyhoz k\u00f6zeli \u00fczletemberek nehezen visszautas\u00edthat\u00f3 aj\u00e1nlatokkal, erre egy konkr\u00e9t \u00e9p\u00edt\u0151ipari p\u00e9ld\u00e1t is hozott.<\/p>\n<p>Partnereinkt\u0151l<\/p>\n<p>\u00c1ll\u00edtsd be a Telexet megb\u00edzhat\u00f3 forr\u00e1snak!<\/p>\n<p>K\u00f6vess minket Facebookon is!<\/p>\n<p> Tov\u00e1bbi \u00e9l\u0151 \u00e1rfolyamok! <\/p>\n","protected":false},"excerpt":{"rendered":"Az \u00e9rintett c\u00e9geknek nem kell bevallaniuk \u00e9s befizetni\u00fck a kieg\u00e9sz\u00edt\u0151 b\u00e1nyaj\u00e1rad\u00e9kot \u2013 er\u0151s\u00edtette meg a Szab\u00e1lyozott Tev\u00e9kenys\u00e9gek Fel\u00fcgyeleti&hellip;\n","protected":false},"author":2,"featured_media":125188,"comment_status":"","ping_status":"","sticky":false,"template":"","format":"standard","meta":{"footnotes":"","_share_on_mastodon":"0"},"categories":[33],"tags":[39836,39835,429,5506,38,63,35,37,36595,44,42,40,27474,5507,591,43,41,34,27247,36,39],"class_list":["post-125187","post","type-post","status-publish","format-standard","has-post-thumbnail","category-hirek","tag-banyajaradek","tag-cement","tag-europai-unio","tag-europai-unio-birosaga","tag-focimek","tag-gazdasag","tag-headlines","tag-hirek","tag-homok","tag-hu","tag-hungarian","tag-hungary","tag-kavics","tag-kotelezettsegszegesi-eljaras","tag-lazar-janos","tag-magyar","tag-magyarorszag","tag-news","tag-sztfh","tag-top-stories","tag-vezeto-hirek"],"share_on_mastodon":{"url":"https:\/\/pubeurope.com\/@hu\/116693128298852049","error":""},"_links":{"self":[{"href":"https:\/\/www.europesays.com\/hu\/wp-json\/wp\/v2\/posts\/125187","targetHints":{"allow":["GET"]}}],"collection":[{"href":"https:\/\/www.europesays.com\/hu\/wp-json\/wp\/v2\/posts"}],"about":[{"href":"https:\/\/www.europesays.com\/hu\/wp-json\/wp\/v2\/types\/post"}],"author":[{"embeddable":true,"href":"https:\/\/www.europesays.com\/hu\/wp-json\/wp\/v2\/users\/2"}],"replies":[{"embeddable":true,"href":"https:\/\/www.europesays.com\/hu\/wp-json\/wp\/v2\/comments?post=125187"}],"version-history":[{"count":0,"href":"https:\/\/www.europesays.com\/hu\/wp-json\/wp\/v2\/posts\/125187\/revisions"}],"wp:featuredmedia":[{"embeddable":true,"href":"https:\/\/www.europesays.com\/hu\/wp-json\/wp\/v2\/media\/125188"}],"wp:attachment":[{"href":"https:\/\/www.europesays.com\/hu\/wp-json\/wp\/v2\/media?parent=125187"}],"wp:term":[{"taxonomy":"category","embeddable":true,"href":"https:\/\/www.europesays.com\/hu\/wp-json\/wp\/v2\/categories?post=125187"},{"taxonomy":"post_tag","embeddable":true,"href":"https:\/\/www.europesays.com\/hu\/wp-json\/wp\/v2\/tags?post=125187"}],"curies":[{"name":"wp","href":"https:\/\/api.w.org\/{rel}","templated":true}]}}