{"id":125416,"date":"2026-06-04T21:12:10","date_gmt":"2026-06-04T21:12:10","guid":{"rendered":"https:\/\/www.europesays.com\/hu\/125416\/"},"modified":"2026-06-04T21:12:10","modified_gmt":"2026-06-04T21:12:10","slug":"ujra-felfuggesztettek-a-flydubai-budapesti-jaratait","status":"publish","type":"post","link":"https:\/\/www.europesays.com\/hu\/125416\/","title":{"rendered":"\u00dajra felf\u00fcggesztett\u00e9k a Flydubai budapesti j\u00e1ratait"},"content":{"rendered":"<p>A l\u00e9git\u00e1rsas\u00e1g \u00e1tmeneti menetrendi \u00e9s operat\u00edv okokra hivatkozva j\u00falius v\u00e9g\u00e9ig t\u00f6r\u00f6lte Dubaj \u00e9s Budapest k\u00f6z\u00f6tti j\u00e1ratait az AIRportal.hu-nak k\u00fcld\u00f6tt t\u00e1j\u00e9koztat\u00e1sa szerint.<\/p>\n<p>A foglal\u00e1si rendszer adatai alapj\u00e1n a budapesti j\u00e1ratok legkor\u00e1bban augusztus elej\u00e9t\u0151l v\u00e1lhatnak \u00fajra el\u00e9rhet\u0151v\u00e9. A Flydubai az \u201e\u00e1tmeneti menetrendi \u00e9s operat\u00edv okok\u201d mellett tov\u00e1bbi r\u00e9szleteket nem k\u00f6z\u00f6lt.<\/p>\n<p><a href=\"https:\/\/www.europesays.com\/hu\/wp-content\/uploads\/2026\/06\/flydubai-boeing-737-8-max-a6-fmk.jpg\"><img fetchpriority=\"high\" decoding=\"async\" class=\"size-full wp-image-205968\" src=\"https:\/\/www.europesays.com\/hu\/wp-content\/uploads\/2026\/06\/flydubai-boeing-737-8-max-a6-fmk.jpg\" alt=\"\" width=\"1920\" height=\"1280\"  \/><\/a>Fot\u00f3: AIRportal.hu<\/p>\n<p>A Flydubai budapesti j\u00e1ratai febru\u00e1r v\u00e9g\u00e9n, <a href=\"https:\/\/airportal.hu\/csak-a-jaratok-toredeket-tudjak-kezelni-az-emirsegek-repuloterei\/\" rel=\"nofollow noopener\" target=\"_blank\">az Ir\u00e1n k\u00f6r\u00fcli konfliktus miatt \u00e1lltak le<\/a>, a <a href=\"https:\/\/airportal.hu\/feloldottak-a-korlatozasokat-az-egyesult-arab-emirsegek-legtereben\/\" rel=\"nofollow noopener\" target=\"_blank\">legut\u00f3bbi t\u00e1j\u00e9koztat\u00e1s szerint<\/a> a j\u00e1ratok m\u00e1jus 22-t\u0151l v\u00e1ltak \u00fajra \u00e9rhet\u0151v\u00e9, kezdetben csak hetente h\u00e1romszor, a megszokott napi j\u00e1rat vissza\u00e1ll\u00edt\u00e1s\u00e1t j\u00fanius v\u00e9g\u00e9re tervezt\u00e9k.<\/p>\n<p>Nem ismert, hogy a mostani, j\u00falius v\u00e9g\u00e9ig tart\u00f3 j\u00e1ratt\u00f6rl\u00e9sek \u00f6sszef\u00fcgg\u00e9sben \u00e1llnak-e a kuvaiti nemzetk\u00f6zi rep\u00fcl\u0151teret \u00e9rt keddi, ir\u00e1ni dr\u00f3nt\u00e1mad\u00e1ssal, amely \u00e1tmeneti m\u0171k\u00f6d\u00e9si zavarokat okozott a t\u00e9rs\u00e9g l\u00e9gi k\u00f6zleked\u00e9s\u00e9ben.<\/p>\n<p>A cikk a hirdet\u00e9s alatt folytat\u00f3dik.<\/p>\n","protected":false},"excerpt":{"rendered":"A l\u00e9git\u00e1rsas\u00e1g \u00e1tmeneti menetrendi \u00e9s operat\u00edv okokra hivatkozva j\u00falius v\u00e9g\u00e9ig t\u00f6r\u00f6lte Dubaj \u00e9s Budapest k\u00f6z\u00f6tti j\u00e1ratait az AIRportal.hu-nak&hellip;\n","protected":false},"author":2,"featured_media":125417,"comment_status":"","ping_status":"","sticky":false,"template":"","format":"standard","meta":{"footnotes":"","_share_on_mastodon":"0"},"categories":[22],"tags":[73,1802,17491,44,42,40,7025,3166,43,41,14812],"class_list":["post-125416","post","type-post","status-publish","format-standard","has-post-thumbnail","category-budapest","tag-budapest","tag-budapest-airport-bud","tag-flydubai","tag-hu","tag-hungarian","tag-hungary","tag-jaratfelfuggesztes","tag-jarattorles","tag-magyar","tag-magyarorszag","tag-s26-bud"],"share_on_mastodon":{"url":"https:\/\/pubeurope.com\/@hu\/116693902681995332","error":""},"_links":{"self":[{"href":"https:\/\/www.europesays.com\/hu\/wp-json\/wp\/v2\/posts\/125416","targetHints":{"allow":["GET"]}}],"collection":[{"href":"https:\/\/www.europesays.com\/hu\/wp-json\/wp\/v2\/posts"}],"about":[{"href":"https:\/\/www.europesays.com\/hu\/wp-json\/wp\/v2\/types\/post"}],"author":[{"embeddable":true,"href":"https:\/\/www.europesays.com\/hu\/wp-json\/wp\/v2\/users\/2"}],"replies":[{"embeddable":true,"href":"https:\/\/www.europesays.com\/hu\/wp-json\/wp\/v2\/comments?post=125416"}],"version-history":[{"count":0,"href":"https:\/\/www.europesays.com\/hu\/wp-json\/wp\/v2\/posts\/125416\/revisions"}],"wp:featuredmedia":[{"embeddable":true,"href":"https:\/\/www.europesays.com\/hu\/wp-json\/wp\/v2\/media\/125417"}],"wp:attachment":[{"href":"https:\/\/www.europesays.com\/hu\/wp-json\/wp\/v2\/media?parent=125416"}],"wp:term":[{"taxonomy":"category","embeddable":true,"href":"https:\/\/www.europesays.com\/hu\/wp-json\/wp\/v2\/categories?post=125416"},{"taxonomy":"post_tag","embeddable":true,"href":"https:\/\/www.europesays.com\/hu\/wp-json\/wp\/v2\/tags?post=125416"}],"curies":[{"name":"wp","href":"https:\/\/api.w.org\/{rel}","templated":true}]}}