{"id":125780,"date":"2026-06-05T06:49:16","date_gmt":"2026-06-05T06:49:16","guid":{"rendered":"https:\/\/www.europesays.com\/hu\/125780\/"},"modified":"2026-06-05T06:49:16","modified_gmt":"2026-06-05T06:49:16","slug":"kritikus-feladatokat-ellato-vallalkozasok-informatikai-sebezhetosegeire-lathatnak-ra-ner-kozeli-cegek","status":"publish","type":"post","link":"https:\/\/www.europesays.com\/hu\/125780\/","title":{"rendered":"Kritikus feladatokat ell\u00e1t\u00f3 v\u00e1llalkoz\u00e1sok informatikai sebezhet\u0151s\u00e9geire l\u00e1thatnak r\u00e1 NER-k\u00f6zeli c\u00e9gek"},"content":{"rendered":"<p>Az el\u0151z\u0151 korm\u00e1ny az utols\u00f3 h\u00f3napjaiban alak\u00edtotta ki az \u00fagynevezett NIS 2 auditori rendszert, amely alapj\u00e1n a kritikus feladatokat ell\u00e1t\u00f3 c\u00e9geknek k\u00f6telez\u0151 \u00e1tvil\u00e1g\u00edtaniuk informatikai rendszereiket, elvileg a sebezhet\u0151s\u00e9gek kik\u00fcsz\u00f6b\u00f6l\u00e9se \u00e9rdek\u00e9ben. Az \u00e1tvil\u00e1g\u00edt\u00e1st v\u00e9gz\u0151 \u00fagynevezett auditorok list\u00e1j\u00e1ra nagyr\u00e9szt az el\u0151z\u0151 vezet\u00e9snek kedves c\u00e9gek ker\u00fcltek fel:\u00a0 Rog\u00e1n Antal, Tiborcz Istv\u00e1n \u00e9s Bal\u00e1sy Gyula k\u00f6reihez k\u00f6thet\u0151 v\u00e1llalatok. M\u00e1s, a rendszerbe bevett c\u00e9gek vezet\u0151ik\u00f6n kereszt\u00fcl az \u00e1llambiztons\u00e1gi szervekhez, az elm\u00falt n\u00e9gy \u00e9vben Rog\u00e1n ir\u00e1ny\u00edt\u00e1sa alatt \u00e1ll\u00f3 polg\u00e1ri titkosszolg\u00e1latokhoz kapcsol\u00f3dnak.<\/p>\n<p>Az EU 2022-ben fogadta el az <a target=\"_blank\" href=\"https:\/\/digital-strategy.ec.europa.eu\/hu\/policies\/nis2-directive\" rel=\"nofollow noopener\">NIS 2 ir\u00e1nyelvet.<\/a> Ennek l\u00e9nyege, hogy a tag\u00e1llamnak szigor\u00fabb kiberbiztons\u00e1gi el\u0151\u00edr\u00e1sokat kell bevezetnie a kritikus digit\u00e1lis infrastrukt\u00fara v\u00e9delm\u00e9ben. A gyakorlatban, illetve a magyarorsz\u00e1gi szab\u00e1lyoz\u00e1sban ez azt jelenti, hogy sz\u00e1mos, kritikusnak vagy kock\u00e1zatosnak \u00edt\u00e9lt \u00e1gazatban m\u0171k\u00f6d\u0151 (p\u00e9ld\u00e1ul energia, k\u00f6zleked\u00e9s, eg\u00e9szs\u00e9g\u00fcgy, digit\u00e1lis infrastrukt\u00fara, iv\u00f3v\u00edz- \u00e9s \u00e9lelmiszer, \u00e9s sz\u00e1mos digit\u00e1lis szolg\u00e1ltat\u00e1s) c\u00e9gnek k\u00f6telez\u0151 igazolni, hogy az informatikai rendszereik biztons\u00e1gosak, vagyis nem t\u00f6rhet\u0151k fel, vagy b\u00e9n\u00edthat\u00f3k meg k\u00f6nnyen.<\/p>\n<p>\t\t\t<a href=\"https:\/\/atlatszo.hu\/kozpenz\/2026\/06\/04\/kritikus-feladatokat-ellato-vallalkozasok-informatikai-sebezhetosegeire-lathatnak-ra-ner-kozeli-cegek\/?action=redirect&amp;url=https%3A%2F%2Fatlatszo.hu%2Fpolo&amp;id=114717\" class=\"banner image_banner img100 bl mb20 image\" rel=\"nofollow noopener\" target=\"_blank\"><br \/>\n\t\t\t\t\t\t\t\t<img decoding=\"async\" loading=\"lazy\" class=\"bl\" src=\"https:\/\/www.europesays.com\/hu\/wp-content\/uploads\/2026\/05\/polo_1920x1080_2025.jpg\" alt=\"\"\/><br \/>\n\t\t\t<\/a><\/p>\n<p>A szab\u00e1lyoz\u00e1s Magyarorsz\u00e1gon mintegy 4-5000 c\u00e9get \u00e9rint, nekik \u00fagynevezett kiberbiztons\u00e1gi auditot (\u00e1tvil\u00e1g\u00edt\u00e1st) kell v\u00e9grehajtaniuk. Az \u00e1tvil\u00e1g\u00edt\u00e1st szint\u00e9n mag\u00e1nc\u00e9gek v\u00e9gzik, de az auditori min\u0151s\u00edt\u00e9st csup\u00e1n t\u00edz c\u00e9g kapta meg a Szab\u00e1lyozott Tev\u00e9kenys\u00e9gek Fel\u00fcgyeleti Hat\u00f3s\u00e1g\u00e1t\u00f3l (SZTFH). Ez ugyanaz a szerv, ami az \u00e1llami monop\u00f3liumokat, p\u00e9ld\u00e1ul a szerencsej\u00e1t\u00e9kot \u00e9s a doh\u00e1ny\u00e1rus\u00edt\u00e1st is fel\u00fcgyeli.<\/p>\n<p>Az SZTFH eln\u00f6k\u00e9t eredetileg k\u00f6zvetlen\u00fcl a minisztereln\u00f6k jel\u00f6lhette ki, majd k\u00e9s\u0151bb a k\u00f6zt\u00e1rsas\u00e1gi eln\u00f6k nevezte ki minisztereln\u00f6ki javaslatra: <a target=\"_blank\" href=\"https:\/\/magyarkozlony.hu\/dokumentumok\/cbabdf87ca33cdf4740dbf1456dca12f298b95f3\/megtekintes\" rel=\"nofollow noopener\">el\u0151sz\u00f6r B\u00edr\u00f3 Marcell<\/a> vezette, aki kor\u00e1bban a Minisztereln\u00f6ki Korm\u00e1nyirod\u00e1t ir\u00e1ny\u00edtotta. B\u00edr\u00f3t 2024-ben addigi helyettese, <a target=\"_blank\" href=\"https:\/\/hvg.hu\/itthon\/20240503_eddigi-helyettese-lett-biro-marcell-utoda-a-szabalyozott-tevekenysegek-felugyelo-hatosaga-elen\" rel=\"nofollow noopener\">Nagy L\u00e1szl\u00f3 k\u00f6vette<\/a> az SZTFH \u00e9l\u00e9n, \u00e9s a legfrissebb inform\u00e1ci\u00f3k szerint <a target=\"_blank\" href=\"https:\/\/sztfh.hu\/hatosag\/vezetok\/\" rel=\"nofollow noopener\">jelenleg is \u0151 vezeti<\/a> a hat\u00f3s\u00e1got.<\/p>\n<p>Ellen\u0151rz\u00e9s kontroll n\u00e9lk\u00fcl<\/p>\n<p>B\u00e1r a NIS 2-szab\u00e1lyoz\u00e1s szigor\u00fa el\u0151\u00edr\u00e1sokat \u00edr el\u0151 az \u00e9rintett v\u00e1llalatok fel\u00e9, mag\u00e1t az auditori c\u00e9gek m\u0171k\u00f6d\u00e9s\u00e9t az SZTFH \u00e9rdemben nem ellen\u0151rzi. Ipar\u00e1gi tapasztalat szerint t\u00f6bb auditorc\u00e9gn\u00e9l el\u0151fordul, hogy a hivatalosan bejelentett kapacit\u00e1s \u2013 sok helyen mind\u00f6ssze heti 2 \u00f3r\u00e1s munkaviszonyban r\u00f6gz\u00edtett kulcsemberek \u2013 l\u00e1tv\u00e1nyosan elmarad a t\u00e9nylegesen v\u00e1llalt \u00fcgyf\u00e9lk\u00f6rt\u0151l; olyan esetek is ismertek, ahol egyetlen \u00fczlet\u00e1gvezet\u0151 t\u00f6bb sz\u00e1z \u00fcgyf\u00e9ln\u00e9l szerepel.<\/p>\n<p>A hivatalos l\u00e9tsz\u00e1mmal p\u00e1rhuzamosan jellemz\u0151 gyakorlat az alv\u00e1llalkoz\u00f3i foglalkoztat\u00e1s. Ez azt jelenti, hogy az SZTFH nem l\u00e1t r\u00e1 arra, hogy kik f\u00e9rnek hozz\u00e1 az \u00e1tvil\u00e1g\u00edtott c\u00e9gek bizalmas informatikai adataihoz.<\/p>\n<p>A fel\u00fcgyeleti h\u00e9zag nem csak hat\u00f3s\u00e1gi szint\u0171: a t\u00e9nyleges audit-munk\u00e1t t\u00f6bb c\u00e9gn\u00e9l k\u00fcls\u0151s\u00f6k v\u00e9gzik, akiknek a hozz\u00e1f\u00e9r\u00e9se a megb\u00edz\u00f3i \u00e9s a hat\u00f3s\u00e1gi oldal fel\u00e9 sem dokument\u00e1lt megfelel\u0151en. Az ipar\u00e1gban ismert kock\u00e1zat tov\u00e1bb\u00e1, hogy a k\u00f6telez\u0151 auditok sor\u00e1n keletkez\u0151 \u00e9rz\u00e9keny adatok \u2013 sebezhet\u0151s\u00e9gi t\u00e9rk\u00e9pek, kontroll-hi\u00e1nyoss\u00e1gok, hozz\u00e1f\u00e9r\u00e9si strukt\u00far\u00e1k \u2013 egyes munkat\u00e1rsak \u00e1ltal k\u00fclf\u00f6ldi AI-szolg\u00e1ltat\u00f3khoz ker\u00fclhetnek, GDPR-megfelel\u0151s\u00e9gi \u00e9s nemzetbiztons\u00e1gi kontroll n\u00e9lk\u00fcl.<\/p>\n<p>A szigor\u00fa el\u0151\u00edr\u00e1sok \u00edgy csak az audit\u00e1lt oldalt s\u00fajtj\u00e1k, az auditori oldal hasonl\u00f3 m\u00e9rt\u00e9k\u0171 ellen\u0151rz\u00e9s n\u00e9lk\u00fcl m\u0171k\u00f6dik.<\/p>\n<p>A nev\u00fck elhallgat\u00e1s\u00e1t k\u00e9r\u0151, az SZTFH munk\u00e1j\u00e1ra r\u00e1l\u00e1t\u00f3 forr\u00e1saink szerint koncepci\u00f3 volt, hogy az auditori szakm\u00e1ba min\u00e9l nagyobb sz\u00e1mban beker\u00fcljenek a Rog\u00e1n Antal \u00e1ltal fel\u00fcgyelt polg\u00e1ri titkosszolg\u00e1latokhoz bek\u00f6t\u00f6tt szak\u00e9rt\u0151k. Mint mondt\u00e1k, az \u00e1llambiztons\u00e1gi szolg\u00e1latok \u00e9s az etikus hackerek, kiberbiztons\u00e1gi szakemberek vil\u00e1ga (els\u0151sorban azoknak a c\u00e9geknek a h\u00e1l\u00f3zata, amelyek a Magyar Kiberbiztons\u00e1gi Klaszterbe t\u00f6m\u00f6r\u00fclnek) k\u00f6z\u00f6tt jelent\u0151s az \u00e1tfed\u00e9s.<\/p>\n<p>Az NIS 2 ir\u00e1nyelv bevezet\u00e9se Magyarorsz\u00e1gon, illetve az azt k\u00f6vet\u0151, kriptoeszk\u00f6z\u00f6kre vonatkoz\u00f3 \u00e9rv\u00e9nyes\u00edt\u00e9si rendszer (MiCA \u2013 Markets in Crypto-Assets Regulation) kialak\u00edt\u00e1sa azt szolg\u00e1lta, hogy az ilyen szolg\u00e1ltat\u00e1st k\u00f6telez\u0151en ig\u00e9nybe vev\u0151 nagyv\u00e1llalatok rendszereir\u0151l teljes k\u00e9pet kapjanak a titkosszolg\u00e1latok. Forr\u00e1saink szerint a kiberbiztons\u00e1gi \u00e1tvil\u00e1g\u00edt\u00e1st v\u00e9gz\u0151 c\u00e9geken kereszt\u00fcl a titkosszolg\u00e1latoknak r\u00e1l\u00e1t\u00e1suk lehet t\u00f6bb ezer magyar c\u00e9g informatikai biztons\u00e1gi rendszereire, megismerhetik azok esetleges sebezhet\u0151s\u00e9geit is.<\/p>\n<p>Azt, hogy az auditorc\u00e9geken kereszt\u00fcl val\u00f3ban a h\u00edrszerz\u00e9shez \u00e9rkezn\u00e9nek mag\u00e1nc\u00e9gek \u00e9rz\u00e9keny adatai, konkr\u00e9t p\u00e9ld\u00e1val nem tudjuk igazolni. A c\u00e9gek list\u00e1j\u00e1t \u00e9s azok kapcsolatait v\u00e9gig n\u00e9zve azonban l\u00e1that\u00f3, hogy a kritikus munk\u00e1val megb\u00edzott c\u00e9gek jelent\u0151s r\u00e9sze k\u00f6thet\u0151 a NER szerepl\u0151ihez, k\u00f6zt\u00fck Rog\u00e1n Antalhoz is. A NIS 2 auditorc\u00e9gek kapcsolatait az al\u00e1bbi \u00e1br\u00e1n mutatjuk be (a k\u00e9p kattint\u00e1ssal nagy\u00edthat\u00f3):<\/p>\n<p><a target=\"_blank\" href=\"https:\/\/www.europesays.com\/hu\/wp-content\/uploads\/2026\/06\/nis2.png\"><img fetchpriority=\"high\" decoding=\"async\" class=\"alignnone size-full wp-image-129898\" src=\"https:\/\/www.europesays.com\/hu\/wp-content\/uploads\/2026\/06\/nis2.png\" alt=\"Nis2\" width=\"1884\" height=\"1829\"  \/><\/a><\/p>\n<p>A c\u00e9gh\u00e1l\u00f3 elk\u00e9sz\u00edt\u00e9se ut\u00e1n emailben kerest\u00fck Tan\u00e1cs Zolt\u00e1nt, az \u00faj korm\u00e1ny tudom\u00e1nyos \u00e9s technol\u00f3giai miniszter\u00e9t, akit\u0151l azt k\u00e9rdezt\u00fck, tervezik-e a NIS 2-auditori rendszer f\u00f6l\u00fclvizsg\u00e1lat\u00e1t, de cikk\u00fcnk megjelen\u00e9s\u00e9ig nem kaptunk v\u00e1laszt. Megkerest\u00fck a Tisza P\u00e1rt parlamenti frakci\u00f3j\u00e1t is. A frakci\u00f3 sz\u00f3viv\u0151je azt \u00edrta, jelenleg nem tudnak az \u00fcgyben \u00e9rdemi v\u00e1lasszal szolg\u00e1lni, mivel els\u0151 beny\u00fajtand\u00f3 t\u00f6rv\u00e9nyek k\u00f6z\u00f6tt nem szerepel az NIS 2 auditori rendszer k\u00e9rd\u00e9se.<\/p>\n<p>Megkerest\u00fck az SZTFH-t is, akikt\u0151l azt k\u00e9rdezt\u00fck, milyen rendszeress\u00e9ggel \u00e9s milyen m\u00f3don ellen\u0151rzik az auditorc\u00e9gek m\u0171k\u00f6d\u00e9s\u00e9t, \u00e9s hogy szab\u00e1lyos-e, ha a k\u00f6telez\u0151 auditok sor\u00e1n a c\u00e9gek k\u00fcls\u0151s alv\u00e1llalkoz\u00f3kat alkalmaznak, vagy k\u00fclf\u00f6ldi szerverekr\u0151l m\u0171k\u00f6d\u0151 mesters\u00e9ges intelligenci\u00e1t haszn\u00e1lnak. R\u00e1k\u00e9rdezt\u00fcnk arra is, hogy az el\u0151z\u0151 korm\u00e1nyhoz vezet\u0151 sz\u00e1lak miatt felmer\u00fclt-e az auditori min\u0151s\u00edt\u00e9sek fel\u00fclvizsg\u00e1lata. V\u00e1laszt azonban egyel\u0151re egyik k\u00e9rd\u00e9s\u00fcnkre sem kaptunk.<\/p>\n<p>Rog\u00e1n feltal\u00e1l\u00f3t\u00e1rsa is ellen\u0151rizhet<\/p>\n<p>A t\u00edz kiv\u00e1lts\u00e1gos auditorc\u00e9g k\u00f6z\u00e9 beker\u00fclt p\u00e9ld\u00e1ul Csik Bal\u00e1zs c\u00e9ge, a HUNGUARD Kft. Csik legink\u00e1bb Rog\u00e1n Antal \u00fczlett\u00e1rsak\u00e9nt ismert, a volt propagandaminiszter ugyanis vele k\u00f6z\u00f6sen szabadalmaztatta a MobileSign bolti al\u00e1\u00edr\u00f3rendszert. A szabadalmat el\u0151sz\u00f6r a MobilSign Kft. vette meg, majd \u00e1tker\u00fclt Csik Bal\u00e1zs m\u00e1sik c\u00e9g\u00e9hez, a ProfiTrade 90 Kft.-hez, t\u0151l\u00fck pedig k\u00e9s\u0151bb a Telekom v\u00e1s\u00e1rolta meg a fejleszt\u00e9st.<\/p>\n<p>A ProfiTrade 90 Kft. a MobileSign r\u00e9v\u00e9n mintegy 257 milli\u00f3 forintos uni\u00f3s t\u00e1mogat\u00e1st vett fel, \u00e9s k\u00e9s\u0151bb m\u00e9g tov\u00e1bbi, sz\u00e1zmilli\u00f3s nagys\u00e1grend\u0171 <a target=\"_blank\" href=\"https:\/\/24.hu\/belfold\/2018\/03\/19\/rogan-antal-feltalalotarsai-utan-nyomoz-az-olaf-es-mar-a-nav-is\/\" rel=\"nofollow noopener\">p\u00e1ly\u00e1zatokon<\/a> nyert k\u00f6zp\u00e9nzt. Emiatt az Eur\u00f3pai Csal\u00e1s Elleni Hivatal, az OLAF vizsg\u00e1latot ind\u00edtott, aminek v\u00e9g\u00e9n a magyar \u00e1llamnak <a target=\"_blank\" href=\"https:\/\/24.hu\/belfold\/2025\/05\/13\/europai-bizottsag-unios-tamogatas-levonas-olaf-rogan-antal-feltalalotarsai-gop\/\" rel=\"nofollow noopener\">vissza kellett fizetni<\/a> k\u00e9t p\u00e1ly\u00e1zatban elnyert t\u00e1mogat\u00e1s \u00f6sszeg\u00e9t.<\/p>\n<p>A VALILAB IT Biztons\u00e1gi Vizsg\u00e1l\u00f3laborat\u00f3rium Kft. a tulajdonoson, Dr. Bal\u00e1zs Istv\u00e1non kereszt\u00fcl szint\u00e9n a HUNGUARD-hoz k\u00f6thet\u0151, ugyanis Bal\u00e1zs Istv\u00e1n kor\u00e1bban a Hunguard t\u00e1rsas\u00e1gi tagja volt. Bal\u00e1zs Istv\u00e1n szint\u00e9n tagja volt kor\u00e1bban a VERITAN H\u00edrk\u00f6zl\u00e9si \u00e9s Informatikai Tan\u00fas\u00edt\u00f3 Kft.-nek, ami szint\u00e9n az auditorc\u00e9gek egyike.<\/p>\n<p>Bal\u00e1sy Gyula oszt\u00e1ly- \u00e9s \u00fczlett\u00e1rsa<\/p>\n<p>Szint\u00e9n k\u00f6zvetlen\u00fcl NER-es k\u00f6t\u0151d\u00e9s\u0171 a Vantasec Kft., Szabad Tam\u00e1s c\u00e9ge. Szabad Tam\u00e1s Bal\u00e1sy Gyul\u00e1hoz k\u00f6thet\u0151, sajt\u00f3h\u00edrek szerint <a target=\"_blank\" href=\"https:\/\/hvg.hu\/kkv\/20260129_balasy-gyula-osztalytarsa-volt-szabad-tamas-akinek-cegei-egeszen-hasonlo-modon-nyerik-el-ugyanannak-a-rogan-ala-tartozo-hivatalnak-a-keretszerzodeseit\" rel=\"nofollow noopener\">Bal\u00e1sy oszt\u00e1lyt\u00e1rsa volt,<\/a>\u00a0majd a Lounge Consulting Bt-ben volt beltag.<\/p>\n<p>Szabad Tam\u00e1s informatikai c\u00e9gei k\u00e9s\u0151bb taroltak a Rog\u00e1n Antal-f\u00e9le Nemzeti Kommunik\u00e1ci\u00f3s Hivatal (NKOH) p\u00e1ly\u00e1zatain. <\/p>\n<p>2022-ben az \u00c1tl\u00e1tsz\u00f3 meg\u00edrta, hogy az NKOH, ami f\u0151leg az \u00e1llami propagandakamp\u00e1nyok finansz\u00edroz\u00e1s\u00e1r\u00f3l ismert, nett\u00f3 30 milli\u00e1rd forint \u00e9rt\u00e9k\u0171 keretszerz\u0151d\u00e9st k\u00f6t\u00f6tt szervezetfejleszt\u00e9si feladatokra Szabad Tam\u00e1s k\u00e9t informatikai c\u00e9g\u00e9vel, a p2m Consulting Kft.-vel \u00e9s a p2m Informatika Kft.-vel.<\/p>\n<p>A c\u00e9gek kor\u00e1bban kis forgalmat bonyol\u00edtottak, a milli\u00e1rdos k\u00f6zbeszerz\u00e9ssel a bev\u00e9tel\u00fck egy \u00e9v alatt megsokszoroz\u00f3dott. A c\u00e9gek bev\u00e9teleit tov\u00e1bb n\u00f6velhett\u00e9k az Antenna Hung\u00e1ri\u00e1t\u00f3l, a BKK-t\u00f3l, a NAV-t\u00f3l, a Nemzeti Csal\u00e1di \u00e9s Szoci\u00e1lpolitikai Int\u00e9zett\u0151l \u00e9s a Nemzeti K\u00f6zm\u0171vekt\u0151l \u00e9rkez\u0151 megrendel\u00e9sek is, legal\u00e1bbis a p2m.hu-n ezek a szervezetek szerepeltek referenciak\u00e9nt, b\u00e1r a k\u00f6zbeszerz\u00e9si \u00e9rtes\u00edt\u0151ben ezeknek a megb\u00edz\u00e1soknak nem volt nyoma.<\/p>\n<p>A K\u00dcRT Inform\u00e1ci\u00f3biztons\u00e1gi \u00e9s Adatment\u0151 Zrt. f\u0151leg arr\u00f3l ismert, hogy 2023-ban az adatment\u0151 m\u00f3dszer\u00e9t a Zsolnay porcel\u00e1n \u00e9s Neumann J\u00e1nos \u00e9letm\u0171ve mell\u00e9 felvett\u00e9k a hungarikumok list\u00e1j\u00e1ra, de enn\u00e9l is fontosabb, hogy a k\u00f6vetkez\u0151 \u00e9vben a Prime Peak Mag\u00e1nt\u0151kealap t\u00f6bbs\u00e9gi tulajdon\u00e1ba ker\u00fclt. A Prime Peaket 9 m\u00e1sik mag\u00e1nt\u0151kealappal k\u00f6z\u00f6sen a Primefund Befektet\u00e9si Alapkezel\u0151 Zrt. kezeli. Ennek a c\u00e9gnek t\u00f6bbs\u00e9gi tulajdonosa M\u00e9sz\u00e1ros L\u0151rinc \u00fcgyv\u00e9dje, Kert\u00e9sz J\u00f3zsef Tam\u00e1s, aki a KESMA alap\u00edt\u00f3i jogait is gyakorolja.<\/p>\n<p>V\u00e9g\u00fcl hivatalos auditor a NETI Informatikai Tan\u00e1csad\u00f3 Kft. is, az egyetlen olyan c\u00e9g a csoportban, ami a magyar \u00e1llam 100%-os tulajdona: a t\u00e1rsas\u00e1g a Bel\u00fcgyminiszt\u00e9rium rend\u00e9szeti \u00e1llamtitk\u00e1r\u00e1nak szakmai fel\u00fcgyelete alatt \u00e1ll. A c\u00e9g egyik k\u00e9pvisel\u0151je, Teller G\u00e1bor kor\u00e1bban a NISZ projektmenedzsment igazgat\u00f3ja volt.<\/p>\n<p>Multic\u00e9g, volt nemzetbiztons\u00e1gi igazgat\u00f3<\/p>\n<p>Beker\u00fclt a hivatalos auditorok k\u00f6z\u00e9 k\u00e9t k\u00fclf\u00f6ldi multic\u00e9g le\u00e1nyv\u00e1llalata is, \u00e1m ezek informatikai \u00e1gazatukon kereszt\u00fcl szint\u00e9n k\u00f6thet\u0151k a nemzetbiztons\u00e1gi szolg\u00e1latokhoz. Az Ernst &amp; Young Kft. a brit multic\u00e9g le\u00e1nyv\u00e1llalata, \u00e1m enn\u00e9l fontosabb, hogy a kiberbiztons\u00e1gi \u00fczlet\u00e1g vezet\u0151je, Zala Mih\u00e1ly az <a target=\"_blank\" href=\"https:\/\/itbusiness.hu\/technology\/human_n\/karrier\/zala-mihaly\/\" rel=\"nofollow noopener\">ITbusiness.hu-n tal\u00e1lhat\u00f3 \u00e9letrajza<\/a> szerint<\/p>\n<p>\u201e1998\u20132005 k\u00f6z\u00f6tt az Inform\u00e1ci\u00f3s Hivatal k\u00f6lts\u00e9gvet\u00e9s\u00e9\u00e9rt, p\u00e9nz\u00fcgyei\u00e9rt, illetve szem\u00e9lyzeti-oktat\u00e1s\u00e1\u00e9rt felel\u0151s igazgat\u00f3ja volt. Karrierje kezdet\u00e9n dolgozott a Bel\u00fcgyminiszt\u00e9riumban, volt B\u00e9csben attas\u00e9, illetve Bonnban a magyar nagyk\u00f6vets\u00e9gen tan\u00e1csos.\u201d <\/p>\n<p>Az <a target=\"_blank\" href=\"https:\/\/www.ey.com\/hu_hu\/people\/mihaly-zala\" rel=\"nofollow noopener\">E&amp;Y portr\u00e9j\u00e1ban<\/a> szint\u00e9n az szerepel, hogy Zala Mih\u00e1ly kor\u00e1bban korm\u00e1nyzati rendszerek technol\u00f3giai fejleszt\u00e9s\u00e9ben szerzett tapasztalatokat, \u00e9s csaknem t\u00edz \u00e9ven \u00e1t felelt a Magyar \u00c1llamkincst\u00e1r informatikai szakrendszereinek \u00e1ttekint\u00e9s\u00e9\u00e9rt miniszteri biztosk\u00e9nt.<\/p>\n<p>Kiberbiztons\u00e1gi Klaszter<\/p>\n<p>Az Alverad Technology a Sv\u00e1jci SGS le\u00e1nyv\u00e1llalata; a magyarorsz\u00e1gi c\u00e9g \u00fcgyvezet\u0151je Hinkel Attila a c\u00e9gadatb\u00e1zis szerint t\u00e1rsas\u00e1gi tag egy m\u00e1sik c\u00e9gben, az ACPM Cert Kft-ben, amely Erdei Csaba c\u00e9ge.\u00a0Erdei kor\u00e1bban az Infot\u00e9r Egyes\u00fclet (k\u00e9s\u0151bb Informatika a T\u00e1rsadalom\u00e9rt Egyes\u00fclet) <a target=\"_blank\" href=\"https:\/\/infoter.eu\/infoter-egyesulet\/munkacsoportok\" rel=\"nofollow noopener\">kiberbiztons\u00e1gi munkacsoportj\u00e1t<\/a> vezette.<\/p>\n<p>Az egyes\u00fclet, amely a Nemzeti Egy\u00fcttm\u0171k\u00f6d\u00e9si Alapt\u00f3l is kapott t\u00e1mogat\u00e1st, t\u00f6bb rendezv\u00e9nyt is szervezett, ahol az \u00e1llambiztons\u00e1gi szolg\u00e1latok vezet\u0151i is felsz\u00f3laltak. A 2024-es <a target=\"_blank\" href=\"https:\/\/szakmainapok.infoter.eu\/\" rel=\"nofollow noopener\">szakmai napokon<\/a> p\u00e9ld\u00e1ul a Katonai Nemzetbiztons\u00e1gi Szolg\u00e1lat \u00e9s az SZTFH vezet\u0151i adtak el\u0151. Erdei Csaba neve szerepel szerz\u0151k\u00e9nt k\u00e9t az elektronikus k\u00f6zigazgat\u00e1ssal kapcsolatos <a target=\"_blank\" href=\"https:\/\/bmkszf.hu\/dokumentum\/2944\/EKozigazgatas.pdf\" rel=\"nofollow noopener\">oktat\u00f3anyagban<\/a>\u00a0a Bel\u00fcgyminiszt\u00e9rium Vezet\u0151k\u00e9pz\u00e9si \u00e9s Tov\u00e1bbk\u00e9pz\u00e9si F\u0151oszt\u00e1ly\u00e1nak honlapj\u00e1n.<\/p>\n<p>Az Alverad \u00e9s az ACPM Cert tulajdonosi k\u00f6r\u00e9hez \u00e1tt\u00e9telesen k\u00f6t\u0151dik az Andrews IT \u2013 szint\u00e9n hivatalos auditor \u2013 is. Az Andrews IT (k\u00f6z\u00f6sen az Alverad Technologyval \u00e9s az ACPM Certtel) emellett tagja a Magyar Kiberbiztons\u00e1gi Klaszternek is. A szervezetet k\u00f6z\u00f6sen alap\u00edtotta az \u00d3budai Egyetem (amelynek alap\u00edtv\u00e1ny\u00e1ban a J\u00e1szai Gell\u00e9rt tulajdon\u00e1ban lev\u0151 Ikon Befektet\u00e9si Alapkezel\u0151 Zrt. l\u00e1tja el a tulajdonosi jogk\u00f6r\u00f6ket) \u00e9s t\u00f6bb kiberbiztons\u00e1gi c\u00e9g, \u00e9s <a target=\"_blank\" href=\"https:\/\/honvedelem.hu\/hirek\/erositik-a-civil-egyuttmukodest-a-kiberterben.html\" rel=\"nofollow noopener\">hamarosan csatlakozott hozz\u00e1<\/a> a Honv\u00e9ds\u00e9g V\u00e9delmi Innov\u00e1ci\u00f3s Kutat\u00f3int\u00e9zete is (VIKI). A Honv\u00e9ds\u00e9g akkori k\u00f6zlem\u00e9nye szerint<\/p>\n<p>\u201eVIKI r\u00e9sz\u00e9r\u0151l Balogh P\u00e9ter reziliencia k\u00f6zpont vezet\u0151 elmondta, hogy a kiberbiztons\u00e1gi klaszterhez most t\u00e1rsult, \u00e1ltala k\u00e9pviselt szervezet egy kutat\u00f3int\u00e9zeteken alapul\u00f3 gyors\u00edt\u00f3 programot \u00e9s tesztk\u00f6zpont-h\u00e1l\u00f3zatot \u00e9p\u00edt abb\u00f3l a c\u00e9lb\u00f3l, hogy a hader\u0151ben megl\u00e9v\u0151 v\u00e9gfelhaszn\u00e1l\u00f3kat \u00f6sszehozza a legjobb \u00e9s leghat\u00e9konyabb innov\u00e1torokkal.\u201d<\/p>\n<p>Tiborcz-c\u00e9ghez is vezetnek sz\u00e1lak<\/p>\n<p>Kiemelt figyelmet kapott a d\u00f6nt\u00e9shoz\u00f3kt\u00f3l a Mikroh\u00e1l\u00f3 Kft., ugyanis az NIS 2-auditori megb\u00edz\u00e1s mellett egyike lehetett annak a k\u00e9t c\u00e9gnek is, ami kriptovaluta-tranzakci\u00f3kat \u00e9rv\u00e9nyes\u00edthet. A c\u00e9g jelenlegi (tavaly kinevezett) c\u00e9gvezet\u0151je Hatvani Istv\u00e1n, aki 15 \u00e9vig a <a target=\"_blank\" href=\"https:\/\/www.linkedin.com\/in\/ihatvani\/?\" rel=\"nofollow noopener\">Nemzeti K\u00f6zleked\u00e9si Hat\u00f3s\u00e1gn\u00e1l<\/a> volt IT oszt\u00e1lyvezet\u0151 \u2013 egy id\u0151ben az egyik Mikroh\u00e1l\u00f3 Kft tulajdonost\u00e1rs\u00e1val, Farkas L\u00e1szl\u00f3val k\u00f6z\u00f6sen, aki akkor az <a target=\"_blank\" href=\"https:\/\/24.hu\/elet-stilus\/2009\/08\/09\/titkosan_dragabb\/\" rel=\"nofollow noopener\">NKH IT-vezet\u0151je<\/a> volt \u2013\u00a0majd 2017-t\u0151l n\u00e9h\u00e1ny \u00e9vig a Minisztereln\u00f6ks\u00e9g informatikai oszt\u00e1ly\u00e1t vezette.<\/p>\n<p>Az Opten adatb\u00e1zis\u00e1b\u00f3l kider\u00fcl az is, hogy a Mikroh\u00e1l\u00f3 eredeti anyav\u00e1llalata a Datron T\u00e1vk\u00f6zl\u00e9si Zrt. volt (2015-ig, majd 2015-2019-ig a t\u00e1rsas\u00e1g tagja). A Datron Zrt. egy m\u00e1sik le\u00e1nyv\u00e1llalata a Datron ITS, k\u00e9s\u0151bb Falcon GT Consulting nev\u0171 c\u00e9g, ami szint\u00e9n tagja a Magyar Kiberbiztons\u00e1gi Klaszternek. A Falcon GT az interneten fellelhet\u0151 adatok alapj\u00e1n \u00e1tfed\u00e9seket mutat a Tiborcz-csal\u00e1dhoz k\u00f6thet\u0151 Symmetria-csoporttal.<\/p>\n<p>A Falcon GT egyik 50%-os tulajdonosa, Teasdale Harold R\u00f3bert NAV-os iratok alapj\u00e1n a Symmetria Magyarorsz\u00e1g Zrt. igazgat\u00f3s\u00e1gi tagja volt. <\/p>\n<p>A fenti tulajdonosi \u00e9s c\u00e9gt\u00f6rt\u00e9neti sz\u00e1lak mell\u00e9 egy hat\u00e1rozott, az Alkotm\u00e1nyv\u00e9delmi Hivatal fel\u00e9 mutat\u00f3 szakmai vonal is t\u00e1rsul. A Mikroh\u00e1l\u00f3 igazgat\u00f3s\u00e1g\u00e1nak eln\u00f6ke a c\u00e9gregiszter szerint Farkas L\u00e1szl\u00f3; ipar\u00e1gi \u00e9s bels\u0151 inform\u00e1ci\u00f3k szerint kor\u00e1bban az Alkotm\u00e1nyv\u00e9delmi Hivatal informatikai f\u0151oszt\u00e1ly\u00e1t vezette ezredesi rendfokozatban.<\/p>\n<p>Ehez a c\u00e9ghez k\u00f6thet\u0151 tov\u00e1bb\u00e1 dr. Peszleg Tibor is (a Mikroh\u00e1l\u00f3 \u00e1ltal adatkezel\u0151k\u00e9nt \u00fczemeltetett, berepules.hu c\u00edm\u0171 k\u00e9pz\u00e9si \u00e9s rendezv\u00e9nyes honlapon <a target=\"_blank\" href=\"https:\/\/berepules.hu\/index.php\/adatkezelesi-taj\" rel=\"nofollow noopener\">adatv\u00e9delmi felel\u0151sk\u00e9nt<\/a> szerepel), aki kor\u00e1bban a Nemzeti Nyomoz\u00f3 Irod\u00e1n\u00e1l rend\u0151r \u0151rnagyk\u00e9nt az informatikai (hi-tech) b\u0171ncselekm\u00e9nyek \u00e9s az informatikai biztons\u00e1g ter\u00fclet\u00e9vel <a target=\"_blank\" href=\"https:\/\/www.naih.hu\/files\/Kulcs_anv_v2.pdf\" rel=\"nofollow noopener\">foglalkozott<\/a>.<\/p>\n<p>Az \u00edgy kirajzol\u00f3d\u00f3 k\u00e9p szerint a Datron\u2013Symmetria\u2013Tiborcz-vonalb\u00f3l ered\u0151 tulajdonosi h\u00e1tt\u00e9r egy mark\u00e1ns \u00e1llambiztons\u00e1gi ir\u00e1nyults\u00e1ggal eg\u00e9sz\u00fcl ki a c\u00e9gn\u00e9l, amely egyszerre NIS 2 auditor \u00e9s kripto-valid\u00e1tor is.<\/p>\n<p>Zubor Zal\u00e1n<\/p>\n<p>C\u00edmlapk\u00e9p: \u00c1tl\u00e1tsz\u00f3 mont\u00e1zs<\/p>\n","protected":false},"excerpt":{"rendered":"Az el\u0151z\u0151 korm\u00e1ny az utols\u00f3 h\u00f3napjaiban alak\u00edtotta ki az \u00fagynevezett NIS 2 auditori rendszert, amely alapj\u00e1n a kritikus&hellip;\n","protected":false},"author":2,"featured_media":125781,"comment_status":"","ping_status":"","sticky":false,"template":"","format":"standard","meta":{"footnotes":"","_share_on_mastodon":"0"},"categories":[22],"tags":[20095,73,44,42,40,39972,43,41,18132,3447,3326],"class_list":["post-125780","post","type-post","status-publish","format-standard","has-post-thumbnail","category-budapest","tag-balasy-gyula","tag-budapest","tag-hu","tag-hungarian","tag-hungary","tag-informaciobiztonsag","tag-magyar","tag-magyarorszag","tag-nni","tag-rogan-antal","tag-tiborcz-istvan"],"share_on_mastodon":{"url":"https:\/\/pubeurope.com\/@hu\/116696171542854502","error":""},"_links":{"self":[{"href":"https:\/\/www.europesays.com\/hu\/wp-json\/wp\/v2\/posts\/125780","targetHints":{"allow":["GET"]}}],"collection":[{"href":"https:\/\/www.europesays.com\/hu\/wp-json\/wp\/v2\/posts"}],"about":[{"href":"https:\/\/www.europesays.com\/hu\/wp-json\/wp\/v2\/types\/post"}],"author":[{"embeddable":true,"href":"https:\/\/www.europesays.com\/hu\/wp-json\/wp\/v2\/users\/2"}],"replies":[{"embeddable":true,"href":"https:\/\/www.europesays.com\/hu\/wp-json\/wp\/v2\/comments?post=125780"}],"version-history":[{"count":0,"href":"https:\/\/www.europesays.com\/hu\/wp-json\/wp\/v2\/posts\/125780\/revisions"}],"wp:featuredmedia":[{"embeddable":true,"href":"https:\/\/www.europesays.com\/hu\/wp-json\/wp\/v2\/media\/125781"}],"wp:attachment":[{"href":"https:\/\/www.europesays.com\/hu\/wp-json\/wp\/v2\/media?parent=125780"}],"wp:term":[{"taxonomy":"category","embeddable":true,"href":"https:\/\/www.europesays.com\/hu\/wp-json\/wp\/v2\/categories?post=125780"},{"taxonomy":"post_tag","embeddable":true,"href":"https:\/\/www.europesays.com\/hu\/wp-json\/wp\/v2\/tags?post=125780"}],"curies":[{"name":"wp","href":"https:\/\/api.w.org\/{rel}","templated":true}]}}