{"id":125852,"date":"2026-06-05T08:01:14","date_gmt":"2026-06-05T08:01:14","guid":{"rendered":"https:\/\/www.europesays.com\/hu\/125852\/"},"modified":"2026-06-05T08:01:14","modified_gmt":"2026-06-05T08:01:14","slug":"az-f1-a-film-sztarja-megtorte-a-csendet-a-keszulo-folytatasrol","status":"publish","type":"post","link":"https:\/\/www.europesays.com\/hu\/125852\/","title":{"rendered":"Az F1 &#8211; A film szt\u00e1rja megt\u00f6rte a csendet a k\u00e9sz\u00fcl\u0151 folytat\u00e1sr\u00f3l"},"content":{"rendered":"<p>\n                        Kezd kirajzol\u00f3dni, hogy mire v\u00e1rhatunk a n\u00e9pszer\u0171 aut\u00f3versenyz\u0151s film m\u00e1sodik r\u00e9sz\u00e9ben?                    <\/p>\n<p>Javier Bardem \u00e9pp a <a href=\"https:\/\/port.hu\/cikk\/stream\/megjott-a-retteges-foka-sorozat-elozetese-es-rettenetes\/article-124950\" rel=\"nofollow noopener\" target=\"_blank\">Cape Fear <\/a>sorozatos feldolgoz\u00e1s\u00e1t n\u00e9pszer\u0171s\u00edti a sajt\u00f3ban, de reag\u00e1lt egy nagyon fontos k\u00e9rd\u00e9sre is az<a href=\"https:\/\/port.hu\/adatlap\/film\/mozi\/f1-a-film-f1\/movie-257593\" rel=\"nofollow noopener\" target=\"_blank\"> F1 &#8211; A film<\/a> folytat\u00e1s\u00e1r\u00f3l, amelyr\u0151l m\u00e1r kor\u00e1bban hallani lehetett, hogy k\u00e9sz\u00fcl. A sz\u00edn\u00e9szt\u0151l azt k\u00e9rdezt\u00e9k meg, hogy sz\u00e1m\u00edthatunk-e r\u00e1, hogy visszat\u00e9r a m\u00e1sodik r\u00e9szben, amire azt v\u00e1laszolta:<\/p>\n<p>&#13;<br \/>\n\u00d3, igen. \u00c9s nemcsak az, de ez\u00fattal aut\u00f3t is vezetek. De azel\u0151tt meg kell szereznem a jogsimat, sz\u00f3val m\u00e9g p\u00e1r \u00e9v biztos kell a folytat\u00e1shoz.&#13;<\/p>\n<p>Ezzel term\u00e9szetesen viccelt, de azt\u00e1n egy picit komolyabban hozz\u00e1tette: \u201eNem, persze, de hallottam valamit r\u00f3la, viszont nincs semmi olyan, amire hivatalosan igent mondhatn\u00e9k. Az egyetlen dolog, amit el\u00e1rulhatok, hogy egy percen bel\u00fcl ott leszek. Nagyon sz\u00edvesen szerepeln\u00e9k benne. Igen, nagyszer\u0171 a st\u00e1b is&#8221;.<\/p>\n<p>&#13;<\/p>\n<p>Az els\u0151 film 633 milli\u00f3 doll\u00e1rt termelt a mozikassz\u00e1kn\u00e1l, \u00e9s n\u00e9gy Oscarra is jel\u00f6lt\u00e9k,\u00a0\u00fagyhogy abszol\u00fat nem lep\u0151dt\u00fcnk meg, <a href=\"https:\/\/port.hu\/cikk\/mozi\/folytatast-kap-az-f1-a-film-itt-van-minden-amit-tudunk\/article-122906\" rel=\"nofollow noopener\" target=\"_blank\">amikor bejelentett\u00e9k a folytat\u00e1st<\/a>.\u00a0A m\u00e1sodik r\u00e9szt Jerry Bruckheimer producer jelentette be. Azt mondta: \u201emeglept\u00e9k \u00e9s meg\u00f6rvendeztett\u00e9k\u201d a film Oscar-jel\u00f6l\u00e9sei, a folytat\u00e1son pedig m\u00e1r el is kezdtek dolgozni, viszont egyel\u0151re minden r\u00e9szletet titokban tartanak. Hozz\u00e1tette: \u201eHossz\u00fa utaz\u00e1s volt elk\u00e9sz\u00edteni a filmet, mert t\u00f6bb sztr\u00e1jk is nehez\u00edtette a munk\u00e1t. De v\u00e9g\u00fcl az eg\u00e9sz vil\u00e1gon sz\u00f3rakoztattuk a k\u00f6z\u00f6ns\u00e9get. Kor\u00e1bban m\u00e9g nem dolgoztam Brad Pitt-tel, de fantasztikus volt vele a k\u00f6z\u00f6s munka.&#8221;<\/p>\n<p>&#13;<\/p>\n<p>A filmr\u0151l kritik\u00e1nkban azt \u00edrtuk: ha valamivel, akkor azzal biztos nem lehet megv\u00e1dolni az \u00faj Formula\u20131-es film alkot\u00f3it, hogy a v\u00e1s\u00e1rl\u00f3k megt\u00e9veszt\u00e9s\u00e9re alkalmas magatart\u00e1st tan\u00fas\u00edtan\u00e1nak. Mindenf\u00e9le mell\u00e9besz\u00e9l\u00e9s n\u00e9lk\u00fcl jelezt\u00e9k m\u00e1r a c\u00edmben is (F1), hogy mire sz\u00e1m\u00edthatunk: Forma\u20131-re. \u00d3ri\u00e1si dramaturgiai hull\u00e1mvasutaz\u00e1st sem \u00edg\u00e9rtek egy\u00e9bk\u00e9nt azoknak, akik l\u00e1ttak m\u00e1r egyn\u00e9l t\u00f6bb klasszikus sportfilmet, a t\u00f6rt\u00e9net ugyanis nem a m\u0171faji panelek \u00e1t\u00e9rtelmez\u00e9s\u00e9re vagy kiford\u00edt\u00e1s\u00e1ra, hanem a min\u00e9l prec\u00edzebb \u00f6sszeszerel\u00e9s\u00e9re v\u00e1llalkozott ink\u00e1bb, ez pedig j\u00f3 es\u00e9llyel egy lehets\u00e9ges folytat\u00e1sban is hasonl\u00f3an lesz majd.\u00a0\u00a0<\/p>\n<p>&#13;<\/p>\n<p><a href=\"https:\/\/port.hu\/cikk\/mozi\/f1-brad-pitt-karizmaja-a-kliseket-is-legyozi\/article-113489\" rel=\"nofollow noopener\" target=\"_blank\"><img decoding=\"async\" src=\"https:\/\/www.europesays.com\/hu\/wp-content\/uploads\/2026\/03\/985.webp.webp\" width=\"300\"\/><\/a><a href=\"https:\/\/port.hu\/cikk\/mozi\/f1-brad-pitt-karizmaja-a-kliseket-is-legyozi\/article-113489\" rel=\"nofollow noopener\" target=\"_blank\">F1 \u2013 Brad Pitt karizm\u00e1ja a klis\u00e9ket is legy\u0151zi<\/a><\/p>\n<p>Nem lett az \u00faj Top Gun: Maverick a Hungaroringen is j\u00e1tsz\u00f3d\u00f3 sportfilm, de a 80-as, 90-es \u00e9vek ir\u00e1nti nosztalgi\u00e1t \u00edgy is \u00fczembiztosan sz\u00e1ll\u00edtja.<\/p>\n<p><a class=\"article-btn\" href=\"https:\/\/port.hu\/cikk\/mozi\/f1-brad-pitt-karizmaja-a-kliseket-is-legyozi\/article-113489\" rel=\"nofollow noopener\" target=\"_blank\">Tov\u00e1bb<\/a><\/p>\n<p>&#13;<\/p>\n<p>(via <a href=\"https:\/\/movieweb.com\/f1-sequel-javier-bardem-reaction\/\" rel=\"nofollow noopener\" target=\"_blank\">MovieWeb<\/a>)<\/p>\n<p>                <a href=\"https:\/\/google.com\/preferences\/source?q=https:\/\/port.hu\" target=\"_blank\" class=\"google-pref-banner\" id=\"googlePrefBanner\" rel=\"nofollow noopener\"><br \/>\n                    <img loading=\"lazy\" decoding=\"async\" src=\"https:\/\/port.hu\/img\/svg\/google-logo.svg\" width=\"52\" height=\"52\"\/><br \/>\n                    Itt \u00e1ll\u00edtsa be, hogy a Port az els\u0151k k\u00f6z\u00f6tt legyen a Google-tal\u00e1latokban!<\/p>\n<p>                <\/a><\/p>\n","protected":false},"excerpt":{"rendered":"Kezd kirajzol\u00f3dni, hogy mire v\u00e1rhatunk a n\u00e9pszer\u0171 aut\u00f3versenyz\u0151s film m\u00e1sodik r\u00e9sz\u00e9ben? Javier Bardem \u00e9pp a Cape Fear sorozatos&hellip;\n","protected":false},"author":2,"featured_media":125853,"comment_status":"","ping_status":"","sticky":false,"template":"","format":"standard","meta":{"footnotes":"","_share_on_mastodon":"0"},"categories":[21],"tags":[1019,1850,198,137,12893,4520,199,44,42,40,337,25195,25292,43,41,166,4456,1993,5904,138],"class_list":["post-125852","post","type-post","status-publish","format-standard","has-post-thumbnail","category-hiressegek","tag-apple","tag-brad-pitt","tag-celebrities","tag-entertainment","tag-f1-a-film","tag-folytatas","tag-hiressegek","tag-hu","tag-hungarian","tag-hungary","tag-javier-bardem","tag-jerry-bruckheimer","tag-joseph-kosinski","tag-magyar","tag-magyarorszag","tag-mozi","tag-oscar-dij","tag-producer","tag-siker","tag-szorakozas"],"share_on_mastodon":{"url":"https:\/\/pubeurope.com\/@hu\/116696454869723191","error":""},"_links":{"self":[{"href":"https:\/\/www.europesays.com\/hu\/wp-json\/wp\/v2\/posts\/125852","targetHints":{"allow":["GET"]}}],"collection":[{"href":"https:\/\/www.europesays.com\/hu\/wp-json\/wp\/v2\/posts"}],"about":[{"href":"https:\/\/www.europesays.com\/hu\/wp-json\/wp\/v2\/types\/post"}],"author":[{"embeddable":true,"href":"https:\/\/www.europesays.com\/hu\/wp-json\/wp\/v2\/users\/2"}],"replies":[{"embeddable":true,"href":"https:\/\/www.europesays.com\/hu\/wp-json\/wp\/v2\/comments?post=125852"}],"version-history":[{"count":0,"href":"https:\/\/www.europesays.com\/hu\/wp-json\/wp\/v2\/posts\/125852\/revisions"}],"wp:featuredmedia":[{"embeddable":true,"href":"https:\/\/www.europesays.com\/hu\/wp-json\/wp\/v2\/media\/125853"}],"wp:attachment":[{"href":"https:\/\/www.europesays.com\/hu\/wp-json\/wp\/v2\/media?parent=125852"}],"wp:term":[{"taxonomy":"category","embeddable":true,"href":"https:\/\/www.europesays.com\/hu\/wp-json\/wp\/v2\/categories?post=125852"},{"taxonomy":"post_tag","embeddable":true,"href":"https:\/\/www.europesays.com\/hu\/wp-json\/wp\/v2\/tags?post=125852"}],"curies":[{"name":"wp","href":"https:\/\/api.w.org\/{rel}","templated":true}]}}