{"id":125922,"date":"2026-06-05T09:05:08","date_gmt":"2026-06-05T09:05:08","guid":{"rendered":"https:\/\/www.europesays.com\/hu\/125922\/"},"modified":"2026-06-05T09:05:08","modified_gmt":"2026-06-05T09:05:08","slug":"megerkezett-a-hetszemelyes-kia-pv5-a-brit-piacra","status":"publish","type":"post","link":"https:\/\/www.europesays.com\/hu\/125922\/","title":{"rendered":"Meg\u00e9rkezett a h\u00e9tszem\u00e9lyes KIA PV5 a brit piacra"},"content":{"rendered":"\n<p>PGEgaHJlZj0iaHR0cHM6Ly92aWxsYW55YXV0b3Nvay5odS9yb3ZpZGVuLzIyMDg0M182M2IzOWE5YmE5IiBvbmNsaWNrPSJqYXZhc2NyaXB0OndpbmRvdy5vcGVuKCdodHRwczovL3ZpbGxhbnlhdXRvc29rLmh1L3JvdmlkZW4vMjIwODQzXzYzYjM5YTliYTknLCAnX2JsYW5rJywgJ25vb3BlbmVyJyk7IHJldHVybiBmYWxzZTsiPjxwaWN0dXJlPjxzb3VyY2Ugc3Jjc2V0PSJodHRwczovL3ZpbGxhbnlhdXRvc29rLmh1L3dwLWNvbnRlbnQvdXBsb2Fkcy8yMDI2LzA1L2N1cHJhLXJhdmFsLWJhbm5lci1tb2JpbGUtNjAweDUwMC0xMC0xLmpwZyIgbWVkaWE9IihtYXgtd2lkdGg6IDcwMHB4KSI+PHNvdXJjZSBzcmNzZXQ9Imh0dHBzOi8vdmlsbGFueWF1dG9zb2suaHUvd3AtY29udGVudC91cGxvYWRzLzIwMjYvMDUvY3VwcmEtcmF2YWwtYmFubmVyLTEzMDB4NjAwLTMwLmpwZyIgbWVkaWE9IihtaW4td2lkdGg6IDcwMHB4KSI+PGltZyBzcmM9Imh0dHBzOi8vdmlsbGFueWF1dG9zb2suaHUvd3AtY29udGVudC91cGxvYWRzLzIwMjYvMDUvY3VwcmEtcmF2YWwtYmFubmVyLTEzMDB4NjAwLTMwLmpwZyIgYWx0PSIiPjwvcGljdHVyZT48L2E+<\/p>\n<p>Meg\u00e9rkezett a Kia PV5 h\u00e9t\u00fcl\u00e9ses v\u00e1ltozata, amely a bels\u0151 elrendez\u00e9s alapj\u00e1n ink\u00e1bb taxisoknak, mint nagycsal\u00e1dosoknak lesz ide\u00e1lis. Az \u00fajdons\u00e1g <a href=\"https:\/\/electrek.co\/2026\/06\/03\/kias-electric-van-now-available-7-seater-for-under-50000\/\" target=\"_blank\" rel=\"noopener nofollow\">els\u0151k\u00e9nt az Egyes\u00fclt Kir\u00e1lys\u00e1gban ker\u00fcl piacra<\/a>.<\/p>\n<p>A h\u00e9tszem\u00e9lyes modell 2-2-3 \u00fcl\u00e9selrendez\u00e9st kapott, \u00edgy a harmadik \u00fcl\u00e9ssor a tol\u00f3ajt\u00f3t\u00f3l egyszer\u0171en, a m\u00e1sodik sor \u00fcl\u00e9s\u00e9nek led\u00f6nt\u00e9se n\u00e9lk\u00fcl megk\u00f6zel\u00edthet\u0151,\u00a0 felgyors\u00edtva az utascser\u00e9t, cser\u00e9be viszont nem haszn\u00e1lhat\u00f3 a teljes m\u00e1sodik sor m\u00f6g\u00f6tti csomagt\u00e9r, amikor 5 szem\u00e9ly utazik az aut\u00f3ban.<\/p>\n<p>PGEgaHJlZj0iaHR0cHM6Ly92aWxsYW55YXV0b3Nvay5odS9yb3ZpZGVuLzIyMDY5Nl81YjUxYTRlNDA0IiBvbmNsaWNrPSJqYXZhc2NyaXB0OndpbmRvdy5vcGVuKCdodHRwczovL3ZpbGxhbnlhdXRvc29rLmh1L3JvdmlkZW4vMjIwNjk2XzViNTFhNGU0MDQnLCAnX2JsYW5rJywgJ25vb3BlbmVyJyk7IHJldHVybiBmYWxzZTsiPjxwaWN0dXJlPjxzb3VyY2Ugc3Jjc2V0PSJodHRwczovL3ZpbGxhbnlhdXRvc29rLmh1L3dwLWNvbnRlbnQvdXBsb2Fkcy8yMDI2LzA1L2N1dG91dC1qYXZpdG90dC12ZWdzby0yMDI2LTA2LTAxLmpwZyIgbWVkaWE9IihtaW4td2lkdGg6IDcwMHB4KSI+PGltZyBzcmM9Imh0dHBzOi8vdmlsbGFueWF1dG9zb2suaHUvd3AtY29udGVudC91cGxvYWRzLzIwMjYvMDUvY3V0b3V0LWphdml0b3R0LXZlZ3NvLTIwMjYtMDYtMDEuanBnIiBhbHQ9IiI+PC9waWN0dXJlPjwvYT48SUZSQU1FIFNSQz0iaHR0cHM6Ly9hZC5kb3VibGVjbGljay5uZXQvZGRtL3RyYWNraW1waS9OMTAwMzA1NS40MTgyNTgwT1RILVZJTExBVS1ST1MtTS9CMzU3ODk1MTguNDQ3NzQ5NzM5O2RjX3Rya19haWQ9NjQxMTM3MjAxO2RjX3Rya19jaWQ9MjU1ODAwODEzO29yZD1bdGltZXN0YW1wXTtkY19sYXQ9O2RjX3JkaWQ9O3RhZ19mb3JfY2hpbGRfZGlyZWN0ZWRfdHJlYXRtZW50PTt0ZnVhPTtnZHByPSR7R0RQUn07Z2Rwcl9jb25zZW50PSR7R0RQUl9DT05TRU5UXzc1NX07bHRkPTtkY190ZHY9MT8iIFdJRFRIPTEgSEVJR0hUPTEgTUFSR0lOV0lEVEg9MCBNQVJHSU5IRUlHSFQ9MCBIU1BBQ0U9MCBWU1BBQ0U9MCBGUkFNRUJPUkRFUj0wIFNDUk9MTElORz1ubyBCT1JERVJDT0xPUj0nIzAwMDAwMCc+PC9JRlJBTUU+<\/p>\n<p><a href=\"https:\/\/villanyautosok.hu\/wp-content\/uploads\/2026\/06\/2026-06-04-kia-pv5-7uleses-01.webp\" data-lbwps-width=\"1400\" data-lbwps-height=\"700\" data-lbwps-srcsmall=\"https:\/\/villanyautosok.hu\/wp-content\/uploads\/2026\/06\/2026-06-04-kia-pv5-7uleses-01-300x150.webp\" rel=\"nofollow noopener\" target=\"_blank\"><img fetchpriority=\"high\" decoding=\"async\" aria-describedby=\"caption-attachment-221558\" class=\"size-large wp-image-221558\" src=\"https:\/\/www.europesays.com\/hu\/wp-content\/uploads\/2026\/06\/2026-06-04-kia-pv5-7uleses-01-1024x512.webp\" alt=\"\" width=\"1024\" height=\"512\"  \/><\/a><\/p>\n<p id=\"caption-attachment-221558\" class=\"wp-caption-text\">Fot\u00f3: KIA UK<\/p>\n<p>Az utasok besz\u00e1ll\u00e1s\u00e1t az alacsony, mind\u00f6ssze 399 mm-es fell\u00e9p\u00e9si magass\u00e1g is seg\u00edti, \u00e9s a bels\u0151 helyk\u00edn\u00e1latra sem lehet panasz. A gy\u00e1ri adatok szerint a l\u00e1bt\u00e9r 1041 mm, a fejt\u00e9r ak\u00e1r 1076 mm, a v\u00e1llt\u00e9r pedig 1732 mm is lehet.<\/p>\n<p>A csomagt\u00e9r m\u00e9rete h\u00e9t utas mellett 318 liter, ami a harmadik \u00fcl\u00e9ssor lehajt\u00e1s\u00e1val 785 literre n\u00f6velhet\u0151.<\/p>\n<p>A h\u00e9tszem\u00e9lyes v\u00e1ltozat kiz\u00e1r\u00f3lag a nagyobb, 71,2 kWh-s kapacit\u00e1ssal v\u00e1s\u00e1rolhat\u00f3 meg a brit piacon \u00e9s sz\u00e9riafelszerelts\u00e9g a h\u0151szivatty\u00fas f\u0171t\u00e9s. Az \u00f6tszem\u00e9lyes v\u00e1ltozathoz k\u00e9pest a h\u00e9t\u00fcl\u00e9ses konfigur\u00e1ci\u00f3 fel\u00e1ra 2300 font (kb. 940.000 Ft).<\/p>\n<p>A h\u00e9tszem\u00e9lyes verzi\u00f3val egy\u00fctt egy \u00faj \u201eElite\u201d felszerelts\u00e9gi szint is meg\u00e9rkezett a brit piacra, amely olyan extr\u00e1kat tartalmaz, mint elektromos tol\u00f3ajt\u00f3k \u00e9s szell\u0151ztethet\u0151 els\u0151 \u00fcl\u00e9sek, valamint 360 fokos kamerarendszer \u00e9s pr\u00e9mium f\u00e9nyez\u00e9s.<\/p>\n<p>Apr\u00f3, de fontos \u00e9rdekess\u00e9g, hogy a PV5 sorozat a 2027-es modell\u00e9vre egy \u00faj, lapos antenn\u00e1val friss\u00fcl, melynek k\u00f6sz\u00f6nhet\u0151en az aut\u00f3 magass\u00e1ga 1,9 m\u00e9ter alatt marad, \u00edgy egyes m\u00e9lygar\u00e1zsokba egyszer\u0171bb lesz a behajt\u00e1s.<\/p>\n<p>A h\u00e9tszem\u00e9lyes PV5 az Egyes\u00fclt Kir\u00e1lys\u00e1gban 2026. j\u00fanius 8-t\u00f3l lesz megrendelhet\u0151, a gy\u00e1rt\u00e1s j\u00faliusban indul, az els\u0151 szerencs\u00e9s tulajdonosok pedig okt\u00f3berben vehetik \u00e1t aut\u00f3ikat.<\/p>\n<p>A magyarorsz\u00e1gi \u00e1rakra k\u00f6r\u00fclbel\u00fcl egy h\u00f3napot m\u00e9g v\u00e1rnunk kell, v\u00e1rhat\u00f3an novemberben a hazai \u00e1tad\u00e1sok is megkezd\u0151dhetnek.<\/p>\n<p>A PV5 \u00f6tszem\u00e9lyes v\u00e1ltozat\u00e1t id\u00e9n tavasszal <a href=\"https:\/\/villanyautosok.hu\/2026\/03\/13\/villanyauto-teszt-kia-pv5-passenger-miert-csak-5-szemelyes\/\" target=\"_blank\" rel=\"noopener nofollow\">mi is kipr\u00f3b\u00e1ltuk<\/a>.<\/p>\n<p><a href=\"https:\/\/villanyautosok.hu\/2026\/03\/13\/villanyauto-teszt-kia-pv5-passenger-miert-csak-5-szemelyes\/\" rel=\"nofollow noopener\" target=\"_blank\">Villanyaut\u00f3 teszt: KIA PV5 Passenger \u2013 mi\u00e9rt csak 5 szem\u00e9lyes?<\/a><\/p>\n<p>PGEgaHJlZj0iaHR0cHM6Ly93d3cudm9sdGllLmV1Lz91dG1fc291cmNlPXZpbGxhbnlhdXRvc29rJnV0bV9tZWRpdW09ZWxla3Ryb21vc2F1dG8mdXRtX2NhbXBhaWduPXJvdmF0IiBvbmNsaWNrPSJqYXZhc2NyaXB0OndpbmRvdy5vcGVuKCdodHRwczovL3d3dy52b2x0aWUuZXUvP3V0bV9zb3VyY2U9dmlsbGFueWF1dG9zb2smdXRtX21lZGl1bT1lbGVrdHJvbW9zYXV0byZ1dG1fY2FtcGFpZ249cm92YXQnLCAnX2JsYW5rJywgJ25vb3BlbmVyJyk7IHJldHVybiBmYWxzZTsiPjxwaWN0dXJlPjxzb3VyY2Ugc3Jjc2V0PSJodHRwczovL3ZpbGxhbnlhdXRvc29rLmh1L3dwLWNvbnRlbnQvdXBsb2Fkcy8yMDI1LzAyL3ZvbHRpZS1zemFiYWRzYWctMTMwMHg2MC1iYW5uZXItMjAyNi0wNS0xNC0xLnBuZyIgbWVkaWE9IihtaW4td2lkdGg6IDcwMHB4KSI+PGltZyBzcmM9Imh0dHBzOi8vdmlsbGFueWF1dG9zb2suaHUvd3AtY29udGVudC91cGxvYWRzLzIwMjUvMDIvdm9sdGllLXN6YWJhZHNhZy0xMzAweDYwLWJhbm5lci0yMDI2LTA1LTE0LTEucG5nIiBhbHQ9IiI+PC9waWN0dXJlPjwvYT4=<\/p>\n<p>          <a id=\"authorcard\" title=\"Sz\u0171cs G\u00e1bor cikkei\" href=\"https:\/\/villanyautosok.hu\/author\/szucs_gabor\/\" rel=\"nofollow noopener\" target=\"_blank\">&#13;<br \/>\n              <img alt=\"\" src=\"https:\/\/www.europesays.com\/hu\/wp-content\/uploads\/2026\/06\/1780650308_637_77f96fa1060ca37fbb7d645a2f0e19fa6cd3437726a67e53262e604a3e83b731.jpeg\"  class=\"avatar avatar-96 photo\" height=\"96\" width=\"96\" loading=\"lazy\" decoding=\"async\"\/>Sz\u0171cs G\u00e1bor<\/p>\n<p>2017 \u00f3ta akt\u00edv villanyaut\u00f3s, a Villanyaut\u00f3sok K\u00f6z\u00f6ss\u00e9g\u00e9nek oszlopos tagja, a miskolci tal\u00e1lkoz\u00f3k szervez\u0151je. K\u00f6rnyezettudatos csal\u00e1dapak\u00e9nt nem csak az aut\u00f3 \u00fczemanyag\u00e1t, de a h\u00e1ztart\u00e1s fogyaszt\u00e1s\u00e1t is igyekszik otthon, a h\u00e1ztet\u0151n (\u00e1ram) \u00e9s a kertben (z\u00f6lds\u00e9g, gy\u00fcm\u00f6lcs) megtermelni.&#13;<br \/>\nMert nem mindegy, hogy mit esz\u00fcnk meg \u00e9s milyen leveg\u0151t sz\u00edvunk be.<\/p>\n<p>          <\/a><\/p>\n","protected":false},"excerpt":{"rendered":"PGEgaHJlZj0iaHR0cHM6Ly92aWxsYW55YXV0b3Nvay5odS9yb3ZpZGVuLzIyMDg0M182M2IzOWE5YmE5IiBvbmNsaWNrPSJqYXZhc2NyaXB0OndpbmRvdy5vcGVuKCdodHRwczovL3ZpbGxhbnlhdXRvc29rLmh1L3JvdmlkZW4vMjIwODQzXzYzYjM5YTliYTknLCAnX2JsYW5rJywgJ25vb3BlbmVyJyk7IHJldHVybiBmYWxzZTsiPjxwaWN0dXJlPjxzb3VyY2Ugc3Jjc2V0PSJodHRwczovL3ZpbGxhbnlhdXRvc29rLmh1L3dwLWNvbnRlbnQvdXBsb2Fkcy8yMDI2LzA1L2N1cHJhLXJhdmFsLWJhbm5lci1tb2JpbGUtNjAweDUwMC0xMC0xLmpwZyIgbWVkaWE9IihtYXgtd2lkdGg6IDcwMHB4KSI+PHNvdXJjZSBzcmNzZXQ9Imh0dHBzOi8vdmlsbGFueWF1dG9zb2suaHUvd3AtY29udGVudC91cGxvYWRzLzIwMjYvMDUvY3VwcmEtcmF2YWwtYmFubmVyLTEzMDB4NjAwLTMwLmpwZyIgbWVkaWE9IihtaW4td2lkdGg6IDcwMHB4KSI+PGltZyBzcmM9Imh0dHBzOi8vdmlsbGFueWF1dG9zb2suaHUvd3AtY29udGVudC91cGxvYWRzLzIwMjYvMDUvY3VwcmEtcmF2YWwtYmFubmVyLTEzMDB4NjAwLTMwLmpwZyIgYWx0PSIiPjwvcGljdHVyZT48L2E+ Meg\u00e9rkezett a Kia PV5 h\u00e9t\u00fcl\u00e9ses v\u00e1ltozata, amely a bels\u0151 elrendez\u00e9s alapj\u00e1n ink\u00e1bb taxisoknak, mint nagycsal\u00e1dosoknak lesz ide\u00e1lis.&hellip;\n","protected":false},"author":2,"featured_media":125923,"comment_status":"","ping_status":"","sticky":false,"template":"","format":"standard","meta":{"footnotes":"","_share_on_mastodon":"0"},"categories":[10],"tags":[110,466,40003,6240,44,42,40,127,5196,43,41,111],"class_list":["post-125922","post","type-post","status-publish","format-standard","has-post-thumbnail","category-vallalkozas","tag-business","tag-elektromos-auto","tag-elektromos-kisbusz","tag-hetszemelyes","tag-hu","tag-hungarian","tag-hungary","tag-kia","tag-kia-pv5","tag-magyar","tag-magyarorszag","tag-vallalkozas"],"share_on_mastodon":{"url":"https:\/\/pubeurope.com\/@hu\/116696706097388225","error":""},"_links":{"self":[{"href":"https:\/\/www.europesays.com\/hu\/wp-json\/wp\/v2\/posts\/125922","targetHints":{"allow":["GET"]}}],"collection":[{"href":"https:\/\/www.europesays.com\/hu\/wp-json\/wp\/v2\/posts"}],"about":[{"href":"https:\/\/www.europesays.com\/hu\/wp-json\/wp\/v2\/types\/post"}],"author":[{"embeddable":true,"href":"https:\/\/www.europesays.com\/hu\/wp-json\/wp\/v2\/users\/2"}],"replies":[{"embeddable":true,"href":"https:\/\/www.europesays.com\/hu\/wp-json\/wp\/v2\/comments?post=125922"}],"version-history":[{"count":0,"href":"https:\/\/www.europesays.com\/hu\/wp-json\/wp\/v2\/posts\/125922\/revisions"}],"wp:featuredmedia":[{"embeddable":true,"href":"https:\/\/www.europesays.com\/hu\/wp-json\/wp\/v2\/media\/125923"}],"wp:attachment":[{"href":"https:\/\/www.europesays.com\/hu\/wp-json\/wp\/v2\/media?parent=125922"}],"wp:term":[{"taxonomy":"category","embeddable":true,"href":"https:\/\/www.europesays.com\/hu\/wp-json\/wp\/v2\/categories?post=125922"},{"taxonomy":"post_tag","embeddable":true,"href":"https:\/\/www.europesays.com\/hu\/wp-json\/wp\/v2\/tags?post=125922"}],"curies":[{"name":"wp","href":"https:\/\/api.w.org\/{rel}","templated":true}]}}