{"id":126198,"date":"2026-06-05T13:30:11","date_gmt":"2026-06-05T13:30:11","guid":{"rendered":"https:\/\/www.europesays.com\/hu\/126198\/"},"modified":"2026-06-05T13:30:11","modified_gmt":"2026-06-05T13:30:11","slug":"karakter-szabo-istvan-szerint-az-ugynokmultja-meghatarozta-hogyan-gondolkodik-a-hatalomrol","status":"publish","type":"post","link":"https:\/\/www.europesays.com\/hu\/126198\/","title":{"rendered":"Karakter: Szab\u00f3 Istv\u00e1n szerint az \u00fcgyn\u00f6km\u00faltja meghat\u00e1rozta, hogyan gondolkodik a hatalomr\u00f3l"},"content":{"rendered":"<p><a href=\"https:\/\/telex.hu\/szerzo\/patakfalvi-dora\" class=\"author__avatar\" rel=\"nofollow noopener\" target=\"_blank\"><img decoding=\"async\" src=\"https:\/\/www.europesays.com\/hu\/wp-content\/uploads\/2026\/06\/1698223042-temp-NofeMF_avatar@4x.jpg\" alt=\"Patakfalvi D\u00f3ra\" class=\"avatar\" loading=\"lazy\"\/><\/a><\/p>\n<p>A gyerty\u00e1k csonkig \u00e9gnek c\u00edm\u0171 M\u00e1rai S\u00e1ndor-reg\u00e9nyb\u0151l k\u00e9sz\u00edt filmadapt\u00e1ci\u00f3t Szab\u00f3 Istv\u00e1n Ralph Fiennesszal \u00e9s Viggo Mortensennel a f\u0151szerepben, de szerepel majd a filmben Charlotte Rampling is. A film a v\u00e1g\u00e1si f\u00e1zisn\u00e1l tart, a 88 \u00e9ves rendez\u0151vel pedig a munka alatt a <a href=\"https:\/\/hvg.hu\/360\/20260605_szabo-istvan-interju-a-gyertyak-csonkig-egnek-ugynokmult-ralph-fiennes-viggo-mortensen-ebx\" target=\"_blank\" rel=\"nofollow noopener\">HVG<\/a> k\u00e9sz\u00edtett interj\u00fat. Szab\u00f3 a szerepl\u0151kr\u0151l azt mondta, ritk\u00e1n tal\u00e1lkozik ilyen felk\u00e9sz\u00fclts\u00e9g\u0171 sz\u00edn\u00e9szekkel, Mortensennel szerinte bar\u00e1ts\u00e1g is kialakult k\u00f6zt\u00fck, mert minden h\u00e9ten kap t\u0151le egy k\u00e9peslapot, amiben a sz\u00edn\u00e9sz a vil\u00e1g k\u00fcl\u00f6nf\u00e9le t\u00e1jair\u00f3l k\u00fcldi \u00fcdv\u00f6zlet\u00e9t.<\/p>\n<p>A Mephisto Oscar-d\u00edjas rendez\u0151j\u00e9t az interj\u00faban az \u00fcgyn\u00f6km\u00faltj\u00e1r\u00f3l is k\u00e9rdezt\u00e9k, amir\u0151l Szab\u00f3 Istv\u00e1n viszonylag ritk\u00e1n besz\u00e9l. Szab\u00f3r\u00f3l h\u00fasz \u00e9ve der\u00fclt ki, hogy f\u0151iskol\u00e1s kor\u00e1ban jelentett a bels\u0151 elh\u00e1r\u00edt\u00e1snak, t\u00f6bbek k\u00f6z\u00f6tt Jancs\u00f3 Mikl\u00f3sr\u00f3l, T\u00f6r\u0151csik Marir\u00f3l \u00e9s V\u00e1rkonyi Zolt\u00e1nr\u00f3l. Szab\u00f3 akkor nem tagadta az \u00e9rtes\u00fcl\u00e9st, \u00e9s azt mondta, mag\u00e1t mentette ezzel, de szerinte nem \u00e1rtott senkinek. A k\u00e9rd\u00e9sre, hogy a saj\u00e1t \u00fcgyn\u00f6km\u00faltj\u00e1val n\u00e9z-e szembe, amikor a hatalom \u00e9s a kisember kapcsolat\u00e1r\u00f3l k\u00e9sz\u00edt filmet, Szab\u00f3 azt v\u00e1laszolta, tizennyolc \u00e9ves korukt\u00f3l val\u00f3ban t\u00f6bben jelentettek a filmes oszt\u00e1lyukb\u00f3l, huszonk\u00e9t \u00e9ves korukig pedig \u201erend\u0151ri nyom\u00e1s\u201d alatt \u00e9ltek.<\/p>\n<p>\u201eHogy mi\u00e9rt engem emeltek ki, az r\u00e9szletk\u00e9rd\u00e9s. Ez val\u00f3 igaz. Ez a tapasztalat biztosan er\u0151sen hozz\u00e1j\u00e1rult ahhoz a szeml\u00e9lethez, amit a hatalomr\u00f3l gondolok, \u00e9s amit megpr\u00f3b\u00e1ltam a filmjeimben is mutatni\u201d \u2013 mondta a rendez\u0151, aki szerint egy\u00e9bk\u00e9nt sem szerencs\u00e9s a hatalom k\u00f6zel\u00e9be ker\u00fclni. \u201eJ\u00f3 messze kell ker\u00fclni a hatalomt\u00f3l. Err\u0151l is sz\u00f3lnak a filmjeim. De ez a korszak a f\u0151iskol\u00e1val lez\u00e1rult, nemcsak nekem, hanem m\u00e1soknak is. Att\u00f3l kezdve, hogy a Filmgy\u00e1rba ker\u00fcltem, semmi ilyen jelleg\u0171 probl\u00e9m\u00e1m nem volt. A filmrendez\u0151t ez a dolog nem \u00e9rinti.\u201d<\/p>\n<p>Szab\u00f3 szerint b\u00e1r A gyerty\u00e1k csonkig \u00e9gnek utols\u00f3 forgat\u00e1si napj\u00e1n nem mondta azt a st\u00e1bnak, hogy ez volt az utols\u00f3 forgat\u00e1si napja, m\u00e9gis azt hiszi, hogy az volt az utols\u00f3 forgat\u00e1si napja.<\/p>\n<p>\u00c1ll\u00edtsd be a Telexet megb\u00edzhat\u00f3 forr\u00e1snak!<\/p>\n<p><img decoding=\"async\" src=\"https:\/\/telex.hu\/assets\/images\/logos\/karakter-dark.svg\" alt=\"Karakter logo\"\/><\/p>\n<p>K\u00f6vess minket Facebookon is!<\/p>\n","protected":false},"excerpt":{"rendered":"A gyerty\u00e1k csonkig \u00e9gnek c\u00edm\u0171 M\u00e1rai S\u00e1ndor-reg\u00e9nyb\u0151l k\u00e9sz\u00edt filmadapt\u00e1ci\u00f3t Szab\u00f3 Istv\u00e1n Ralph Fiennesszal \u00e9s Viggo Mortensennel a f\u0151szerepben,&hellip;\n","protected":false},"author":2,"featured_media":126199,"comment_status":"","ping_status":"","sticky":false,"template":"","format":"standard","meta":{"footnotes":"","_share_on_mastodon":"0"},"categories":[16],"tags":[26775,137,581,44,42,40,573,43,41,19429,138,5073,513],"class_list":["post-126198","post","type-post","status-publish","format-standard","has-post-thumbnail","category-szorakozas","tag-a-gyertyak-csonkig-egnek","tag-entertainment","tag-filmrendezo","tag-hu","tag-hungarian","tag-hungary","tag-kultura","tag-magyar","tag-magyarorszag","tag-szabo-istvan","tag-szorakozas","tag-ugynok","tag-viggo-mortensen"],"share_on_mastodon":{"url":"https:\/\/pubeurope.com\/@hu\/116697748604147382","error":""},"_links":{"self":[{"href":"https:\/\/www.europesays.com\/hu\/wp-json\/wp\/v2\/posts\/126198","targetHints":{"allow":["GET"]}}],"collection":[{"href":"https:\/\/www.europesays.com\/hu\/wp-json\/wp\/v2\/posts"}],"about":[{"href":"https:\/\/www.europesays.com\/hu\/wp-json\/wp\/v2\/types\/post"}],"author":[{"embeddable":true,"href":"https:\/\/www.europesays.com\/hu\/wp-json\/wp\/v2\/users\/2"}],"replies":[{"embeddable":true,"href":"https:\/\/www.europesays.com\/hu\/wp-json\/wp\/v2\/comments?post=126198"}],"version-history":[{"count":0,"href":"https:\/\/www.europesays.com\/hu\/wp-json\/wp\/v2\/posts\/126198\/revisions"}],"wp:featuredmedia":[{"embeddable":true,"href":"https:\/\/www.europesays.com\/hu\/wp-json\/wp\/v2\/media\/126199"}],"wp:attachment":[{"href":"https:\/\/www.europesays.com\/hu\/wp-json\/wp\/v2\/media?parent=126198"}],"wp:term":[{"taxonomy":"category","embeddable":true,"href":"https:\/\/www.europesays.com\/hu\/wp-json\/wp\/v2\/categories?post=126198"},{"taxonomy":"post_tag","embeddable":true,"href":"https:\/\/www.europesays.com\/hu\/wp-json\/wp\/v2\/tags?post=126198"}],"curies":[{"name":"wp","href":"https:\/\/api.w.org\/{rel}","templated":true}]}}