{"id":126407,"date":"2026-06-05T17:04:12","date_gmt":"2026-06-05T17:04:12","guid":{"rendered":"https:\/\/www.europesays.com\/hu\/126407\/"},"modified":"2026-06-05T17:04:12","modified_gmt":"2026-06-05T17:04:12","slug":"index-gazdasag-a-kinaiak-mar-nem-kopogtatnak-az-ajton-bent-ulnek-a-nappalinkban","status":"publish","type":"post","link":"https:\/\/www.europesays.com\/hu\/126407\/","title":{"rendered":"Index &#8211; Gazdas\u00e1g &#8211; A k\u00ednaiak m\u00e1r nem kopogtatnak az ajt\u00f3n, bent \u00fclnek a nappalinkban"},"content":{"rendered":"<p id=\"docs-internal-guid-7ed5e97f-7fff-a899-200f-2f47a549851f\">Kiegyens\u00falyozott n\u00f6veked\u00e9st hozott \u00f6sszess\u00e9g\u00e9ben a 2025-\u00f6s \u00e9v a h\u00e1ztart\u00e1si g\u00e9pek \u00e9s m\u0171szaki cikkek hazai piac\u00e1n. A Gorenje Magyarorsz\u00e1g Kft. \u00fcgyvezet\u0151je, F\u00fcle Norbert szerint szinte minden szegmens egy sz\u00e1mjegy\u0171 b\u0151v\u00fcl\u00e9st tudott felmutatni, mik\u00f6zben az \u00e1tlag\u00e1rak l\u00e1tv\u00e1nyosan emelkedtek. Elmond\u00e1sa alapj\u00e1n Magyarorsz\u00e1gon tavaly mintegy 4,5 milli\u00f3 kisg\u00e9pet, 2 milli\u00f3 mobiltelefont, f\u00e9lmilli\u00f3 telev\u00edzi\u00f3t \u00e9s 1,3 milli\u00f3 nagy h\u00e1ztart\u00e1si g\u00e9pet \u00e9rt\u00e9kes\u00edtettek. A piac volumene teh\u00e1t tov\u00e1bbra is jelent\u0151s, ugyanakkor a fogyaszt\u00f3i d\u00f6nt\u00e9sek l\u00e1tv\u00e1nyosan megv\u00e1ltoztak.<\/p>\n<p>                        M\u00e1r nem az olcs\u00f3 term\u00e9ket keresi a v\u00e1s\u00e1rl\u00f3<\/p>\n<p>A c\u00e9gcsoport a teljes piacot meghalad\u00f3 n\u00f6veked\u00e9st tudott felmutatni: m\u00edg a nagy h\u00e1ztart\u00e1si g\u00e9pek piaca k\u00f6r\u00fclbel\u00fcl 5 sz\u00e1zal\u00e9kkal b\u0151v\u00fclt, addig a v\u00e1llalat 11 sz\u00e1zal\u00e9kos n\u00f6veked\u00e9st \u00e9rt el. Az \u00fcgyvezet\u0151 szerint ez ugyan valamelyest elmaradt a bels\u0151 terveikt\u0151l, de m\u00e9g \u00edgy is kiemelked\u0151 teljes\u00edtm\u00e9nynek sz\u00e1m\u00edt egy olyan piacon, ahol t\u00f6bb szegmensben m\u00e1r 40 sz\u00e1zal\u00e9k k\u00f6r\u00fcli r\u00e9szesed\u00e9ssel rendelkeznek. Hangs\u00falyozta: egy bizonyos m\u00e9ret felett m\u00e1r nem egyszer\u0171 \u00fajabb n\u00f6veked\u00e9st el\u00e9rni, k\u00fcl\u00f6n\u00f6sen akkor, amikor a kereskedelmi partnerek is elkezdenek tartani a t\u00falzott m\u00e1rkaf\u00fcgg\u0151s\u00e9gt\u0151l.<\/p>\n<p>\u201eAzut\u00e1n, hogy a Hisense felv\u00e1s\u00e1rolta a Gorenj\u00e9t, az elm\u00falt hat \u00e9vben megh\u00e1romszoroztuk a forgalmunkat, voltak olyan \u00e9vek, amikor 20\u201330, s\u0151t 40 sz\u00e1zal\u00e9kos n\u00f6veked\u00e9st \u00e9rt\u00fcnk el. Ehhez k\u00e9pest a 11 sz\u00e1zal\u00e9k m\u00e1r szinte kev\u00e9snek t\u0171nik, pedig tov\u00e1bbra is piaci \u00e1tlag feletti teljes\u00edtm\u00e9nyr\u0151l besz\u00e9l\u00fcnk. Ahogy m\u00e9sz felfel\u00e9 a hegyre, fogy a leveg\u0151, egyre nagyobb teher nehezedik r\u00e1d, mert m\u00e1r mindenki t\u00e9ged \u00fcld\u00f6z\u201d \u2013 fogalmazott F\u00fcle Norbert.<\/p>\n<p>A piac egyik leg\u00e9rdekesebb v\u00e1ltoz\u00e1sa, hogy mik\u00f6zben darabsz\u00e1mban m\u00e9g mindig nem \u00e9rte el a kereslet a 2022-es cs\u00facsot, \u00e9rt\u00e9kben m\u00e1r meghaladta azt. Az \u00fcgyvezet\u0151 szerint ez vil\u00e1gosan mutatja, hogy a v\u00e1s\u00e1rl\u00f3k ma m\u00e1r hajland\u00f3k t\u00f6bbet fizetni egy jobb k\u00e9sz\u00fcl\u00e9k\u00e9rt.<\/p>\n<p>M\u00edg 2020-ban \u00e1tlagosan 110 ezer forint\u00e9rt v\u00e1s\u00e1roltak nagy h\u00e1ztart\u00e1si g\u00e9pet a magyarok, addig 2025-ben ez az \u00f6sszeg m\u00e1r 150 ezer forint k\u00f6r\u00fcl alakult.<\/p>\n<p>F\u00fcle Norbert \u00fagy l\u00e1tja, a tart\u00f3ss\u00e1g \u00e9s a jav\u00edthat\u00f3s\u00e1g napjainkban sokkal fontosabb szempont, mint n\u00e9h\u00e1ny \u00e9vvel ezel\u0151tt. \u201eA v\u00e1s\u00e1rl\u00f3k m\u00e1ra l\u00e1tj\u00e1k, hogy a jav\u00edt\u00e1s elk\u00e9peszt\u0151en dr\u00e1ga lett, sokszor szakembert sem tal\u00e1lnak hozz\u00e1. Ez\u00e9rt ink\u00e1bb jobb min\u0151s\u00e9g\u0171 term\u00e9ket keresnek, nem felt\u00e9tlen\u00fcl a legolcs\u00f3bbat. A tart\u00f3ss\u00e1g sokkal fontosabb lett a d\u00f6nt\u00e9seikben, mert azt \u00e9rzik, hogy egy rossz v\u00e1s\u00e1rl\u00e1ssal k\u00e9s\u0151bb sokkal t\u00f6bbet vesz\u00edthetnek\u201d \u2013 mondta.<\/p>\n<p>                        A rezsisz\u00e1mla \u00e1t\u00edrta a fogyaszt\u00f3i gondolkod\u00e1st<\/p>\n<p>A rezsik\u00f6lts\u00e9gek \u00e9s a fenntarthat\u00f3s\u00e1gi szempontok \u00e1tform\u00e1lt\u00e1k a v\u00e1s\u00e1rl\u00f3i gondolkod\u00e1st. Kor\u00e1bban szinte senkit nem \u00e9rdekelt, mennyibe ker\u00fcl az \u00e1ram vagy a g\u00e1z, ma viszont ez m\u00e1r komoly t\u00e9nyez\u0151 lett. De vajon mennyire l\u00e1tszik ez a fogyaszt\u00f3i d\u00f6nt\u00e9sekben?<\/p>\n<p>\u201eA magyar lakoss\u00e1g hossz\u00fa id\u0151n kereszt\u00fcl egyfajta komfortz\u00f3n\u00e1ban \u00e9lt az \u00e1rsapk\u00e1k \u00e9s a mesters\u00e9gesen alacsonyan tartott rezsik\u00f6lts\u00e9gek miatt, emiatt pedig nem alakult ki val\u00f3di energiatudatoss\u00e1g. Ma m\u00e1r azonban egyre t\u00f6bben \u00e9rtik meg, hogy az energia nem korl\u00e1tlanul rendelkez\u00e9sre \u00e1ll\u00f3 \u00e9s k\u00f6vetkezm\u00e9nyek n\u00e9lk\u00fcli er\u0151forr\u00e1s. Szoktam viccesen azt mondani:<\/p>\n<p>Egy f\u00e9rfi tal\u00e1n akkor v\u00e1lik igaz\u00e1n feln\u0151tt\u00e9, amikor ugyanannyi s\u00f6rt iszik meg akkor is, ha fizetni kell \u00e9rte, mint amikor ingyen van. Valahol ugyanez a szeml\u00e9letv\u00e1lt\u00e1s zajlik az energiafogyaszt\u00e1sban is. Nem csup\u00e1n az\u00e9rt kell lekapcsolni a l\u00e1mp\u00e1t, mert dr\u00e1g\u00e1bb lett az \u00e1ram, hanem az\u00e9rt is, mert kialakul egy m\u00e9lyebb tudatoss\u00e1g arr\u00f3l, hogyan b\u00e1nunk az er\u0151forr\u00e1sainkkal<\/p>\n<p>\u2013 fogalmazott F\u00fcle Norbert.<\/p>\n<p>Az \u00fcgyvezet\u0151 szerint ma m\u00e1r nemcsak az sz\u00e1m\u00edt, mennyibe ker\u00fcl egy k\u00e9sz\u00fcl\u00e9k, hanem az is, hogy mennyit fogyaszt hossz\u00fa t\u00e1von. \u00dagy v\u00e9li, a fogyaszt\u00f3k egyre tudatosabbak, \u00e9s egyre ink\u00e1bb felismerik, hogy az energiafelhaszn\u00e1l\u00e1s nemcsak p\u00e9nz\u00fcgyi k\u00e9rd\u00e9s, hanem fenntarthat\u00f3s\u00e1gi probl\u00e9ma is.<\/p>\n<p>\u201eSzerintem az energia sosem volt ekkora f\u00f3kuszban, mint most. Az emberek ma m\u00e1r nemcsak azt n\u00e9zik, milyen karbonl\u00e1bnyomot hagynak maguk ut\u00e1n. Sok\u00e1ig k\u00e9nyelmes helyzetben voltunk a mesters\u00e9gesen alacsonyan tartott \u00e1rakkal, emiatt nem alakult ki val\u00f3di energiatudatoss\u00e1g. Most viszont fordulat zajlik, \u00e9s ez hossz\u00fa t\u00e1von j\u00f3 ir\u00e1nyba viheti a fogyaszt\u00f3i gondolkod\u00e1st\u201d \u2013 fogalmazott.<\/p>\n<p>A kl\u00edmapiacon k\u00fcl\u00f6n\u00f6sen er\u0151sen l\u00e1tszik ez a v\u00e1ltoz\u00e1s. Az \u00fcgyvezet\u0151 szerint a lakoss\u00e1gi keresletet tov\u00e1bbra is er\u0151sen befoly\u00e1solja az id\u0151j\u00e1r\u00e1s: egy tart\u00f3s h\u0151hull\u00e1m ak\u00e1r drasztikusan megdobhatja az elad\u00e1sokat. \u00dagy l\u00e1tja, a legt\u00f6bb v\u00e1s\u00e1rl\u00f3 m\u00e9g mindig els\u0151 kl\u00edm\u00e1j\u00e1t szerzi be, nem pedig lecser\u00e9li a kor\u00e1bbit.<\/p>\n<p>Elmond\u00e1sa szerint Magyarorsz\u00e1gon \u00e9vente k\u00f6r\u00fclbel\u00fcl 300 ezer lakoss\u00e1gi kl\u00edma tal\u00e1l gazd\u00e1ra, ugyanakkor a piac rendk\u00edv\u00fcl hektikus. Egy h\u0171v\u00f6sebb ny\u00e1r eset\u00e9n a k\u00e9szletek jelent\u0151s r\u00e9sze a rakt\u00e1rakban maradhat, m\u00edg egy tart\u00f3s k\u00e1nikula ak\u00e1r 20\u201340 sz\u00e1zal\u00e9kos n\u00f6veked\u00e9st is hozhat az el\u0151z\u0151 \u00e9vhez k\u00e9pest. A v\u00e1llalat ez\u00e9rt egyre nagyobb hangs\u00falyt helyez az ipari megold\u00e1sokra, a h\u0151szivatty\u00fas rendszerekre \u00e9s az energiat\u00e1rol\u00e1sra is. F\u00fcle Norbert szerint ezek kisz\u00e1m\u00edthat\u00f3bb piacot jelentenek, mint a rendk\u00edv\u00fcl id\u0151j\u00e1r\u00e1sf\u00fcgg\u0151 lakoss\u00e1gi kl\u00edmaszegmens.<\/p>\n<p>                        A telev\u00edzi\u00f3 m\u00e1r nem b\u00fator, hanem streamingplatform<\/p>\n<p>A telev\u00edzi\u00f3s piac az elm\u00falt \u00e9vekben szint\u00e9n radik\u00e1lis \u00e1talakul\u00e1son ment kereszt\u00fcl. Mik\u00f6zben 2018-ban m\u00e9g k\u00f6r\u00fclbel\u00fcl 670 ezer telev\u00edzi\u00f3 fogyott Magyarorsz\u00e1gon, addig az elm\u00falt \u00e9vekben ez a sz\u00e1m 500 ezer al\u00e1 cs\u00f6kkent.<\/p>\n<p>A piac volumene teh\u00e1t zsugorodott, mik\u00f6zben a k\u00e9sz\u00fcl\u00e9kek m\u00e9rete folyamatosan n\u0151 \u00e9s \u00e1tlag\u00e1ra emelkedik.<\/p>\n<p>A v\u00e1llalat sz\u00e1m\u00e1ra ugyanakkor \u00e9ppen ebben a cs\u00f6kken\u0151 piaci k\u00f6rnyezetben siker\u00fclt komoly n\u00f6veked\u00e9st el\u00e9rni. A Gorenje m\u00f6g\u00f6tt \u00e1ll\u00f3 Hisense m\u00e1rka tavaly t\u00f6bb mint 50 ezer telev\u00edzi\u00f3t adott el Magyarorsz\u00e1gon, \u00e9s a piac harmadik legnagyobb szerepl\u0151j\u00e9v\u00e9 v\u00e1lt.<\/p>\n<p>Az \u00fcgyvezet\u0151 szerint ma m\u00e1r teljesen m\u00e1s szempontok alapj\u00e1n v\u00e1lasztanak telev\u00edzi\u00f3t a fogyaszt\u00f3k, mint ak\u00e1r n\u00e9h\u00e1ny \u00e9vvel ezel\u0151tt. A line\u00e1ris telev\u00edzi\u00f3z\u00e1s visszaszorul\u00e1s\u00e1val a streamingplatformok v\u00e1ltak meghat\u00e1roz\u00f3v\u00e1, emiatt pedig a k\u00e9sz\u00fcl\u00e9kek hardveres \u00e9s szoftveres k\u00e9pess\u00e9gei sokkal fontosabbak lettek.<\/p>\n<p>\u201eA telev\u00edzi\u00f3 m\u00e1ra nem puszt\u00e1n egyszer\u0171en k\u00e9perny\u0151. Olyan adatmennyis\u00e9get kell kezelnie, f\u0151leg a 4K-s tartalmak miatt, amit a r\u00e9gi k\u00e9sz\u00fcl\u00e9kek egyszer\u0171en nem tudnak lek\u00f6vetni. Az emberek m\u00e1r az\u00e9rt is cser\u00e9lnek t\u00e9v\u00e9t, mert szeretn\u00e9nek egy gyorsabb, modernebb k\u00e9sz\u00fcl\u00e9ket, ami j\u00f3l kezeli a streamingplatformokat\u201d \u2013 mondta.<\/p>\n<p>A 2026-os FIFA labdar\u00fag\u00f3-vil\u00e1gbajnoks\u00e1g, amelynek hivatalos szponzora a Hisense, v\u00e1rhat\u00f3an ism\u00e9t jelent\u0151s keresletn\u00f6veked\u00e9st hoz majd a telev\u00edzi\u00f3s piacon. Egy-egy futball-vil\u00e1gesem\u00e9ny tov\u00e1bbra is k\u00e9pes 20\u201330 sz\u00e1zal\u00e9kkal megdobni az elad\u00e1sokat, m\u00e9g akkor is, ha a v\u00e1s\u00e1rl\u00f3i szok\u00e1sok k\u00f6zben jelent\u0151sen megv\u00e1ltoztak.<\/p>\n<p>A vev\u0151k ma m\u00e1r j\u00f3val k\u00e9s\u0151bb hozz\u00e1k meg d\u00f6nt\u00e9s\u00fcket, mint kor\u00e1bban. M\u00edg \u00e9vekkel ezel\u0151tt sokan hetekkel vagy h\u00f3napokkal a torna el\u0151tt v\u00e1s\u00e1roltak \u00faj telev\u00edzi\u00f3t, addig ma gyakran az els\u0151 m\u00e9rk\u0151z\u00e9sek el\u0151tti napokban ugranak meg az elad\u00e1sok. Az \u00fcgyvezet\u0151 szerint ebben az is szerepet j\u00e1tszik, hogy a fogyaszt\u00f3k hozz\u00e1szoktak a folyamatos akci\u00f3khoz \u00e9s az azonnali online rendel\u00e9s lehet\u0151s\u00e9g\u00e9hez.<\/p>\n<p>\u201eMost m\u00e1r szinte b\u00e1rhol b\u00e1rmit meg tudunk kapni, ez\u00e9rt a vev\u0151 nincs r\u00e1k\u00e9nyszer\u00edtve arra, hogy el\u0151re tervezzen. Lehet, hogy vas\u00e1rnap este, vacsora ut\u00e1n rendeli meg a telev\u00edzi\u00f3j\u00e1t, mert tudja, hogy m\u00e1snapra meg\u00e9rkezik. Ez teljesen \u00e1talak\u00edtotta a kereslet id\u0151z\u00edt\u00e9s\u00e9t\u201d \u2013 fogalmazott F\u00fcle Norbert, aki szerint a fogyaszt\u00f3k ma m\u00e1r nem az\u00e9rt vesznek \u00faj telev\u00edzi\u00f3t, mert nincs k\u00e9sz\u00fcl\u00e9k\u00fck, hanem az\u00e9rt, mert jobb min\u0151s\u00e9gben, nagyobb k\u00e9perny\u0151n szeretn\u00e9k \u00e1t\u00e9lni az \u00e9lm\u00e9nyt.<\/p>\n<p>\u201eMost m\u00e1r t\u00f6bb mint k\u00e9t telev\u00edzi\u00f3 jut egy h\u00e1ztart\u00e1sra, ez\u00e9rt nem arr\u00f3l van sz\u00f3, hogy nincs min n\u00e9zni a vb-t, hanem arr\u00f3l, hogy az emberek nagyobb, modernebb, streamingre optimaliz\u00e1lt k\u00e9sz\u00fcl\u00e9keken akarj\u00e1k k\u00f6vetni a m\u00e9rk\u0151z\u00e9seket\u201d \u2013 fogalmazott. F\u00fcle Norbert szerint ugyanakkor a vil\u00e1gbajnoks\u00e1g m\u00e9diapiaci k\u00f6rnyezete is teljesen \u00e1talakul\u00f3ban van: mik\u00f6zben az \u00e9l\u0151 sportk\u00f6zvet\u00edt\u00e9sek tov\u00e1bbra is t\u00f6megeket \u00fcltetnek k\u00e9perny\u0151 el\u00e9, egyre t\u00f6bben n\u00e9zik majd a meccseket streamingplatformokon, mobiltelefonon vagy ak\u00e1r munkahelyi monitorokon.<\/p>\n<p>Ha m\u00e1r a futball-vb, arra k\u00e9rt\u00fck F\u00fcle Norbertet, ossza meg szurkol\u00f3i v\u00e1rakoz\u00e1sait a torn\u00e1val kapcsolatban. \u201eVan egy racion\u00e1lis \u00e9s van egy emocion\u00e1lis megk\u00f6zel\u00edt\u00e9s: a francia keret er\u0151ss\u00e9ge alapj\u00e1n nagy es\u00e9lyes, ugyanakkor nagy \u00f6r\u00f6m lenne sokunknak, ha a brazilok \u00fajra a r\u00e9gi f\u00e9ny\u00fckben t\u00fcnd\u00f6k\u00f6ln\u00e9nek. Ne feledj\u00fck, szuperszt\u00e1rok sora k\u00f6sz\u00f6nhet el a nagysz\u00ednpadt\u00f3l ezzel a vb-vel: Cristiano Ronaldo, Lionel Messi vagy \u00e9ppen Luka Modric. Drukkolunk nekik, hogy legyen m\u00e9g egy utols\u00f3 nagy dob\u00e1suk. Modricnak dupl\u00e1n is szor\u00edtunk, hiszen egyr\u00e9szt egy szomsz\u00e9dos kis orsz\u00e1got rep\u00edthet sokadszor a magasba, m\u00e1sr\u00e9szt a m\u00e1rkanagyk\u00f6vet\u00fcnk, \u00edgy m\u00e1r testk\u00f6zelb\u0151l is ismerj\u00fck \u0151t\u201d \u2013 \u00e1rulta el a Gorenje \u00fcgyvezet\u0151je.<\/p>\n<p>                        K\u00edna ellopta a show-t \u00e9s a know-how-t<\/p>\n<p>A piaci viszonyokhoz visszat\u00e9rve, a k\u00ednai gy\u00e1rt\u00f3k ma m\u00e1r nem egyszer\u0171en olcs\u00f3bbak, hanem sok esetben gyorsabbak, hat\u00e9konyabbak \u00e9s technol\u00f3giailag is fejlettebbek eur\u00f3pai riv\u00e1lisaikn\u00e1l \u2013 mondta t\u00f6bb mint 20 \u00e9v vezet\u0151i tapasztalattal a h\u00e1ta m\u00f6g\u00f6tt F\u00fcle Norbert, amikor az eur\u00f3pai ipar versenyk\u00e9pess\u00e9g\u00e9r\u0151l k\u00e9rdezt\u00fck. \u00dagy l\u00e1tja, az elm\u00falt \u00e9vekben a t\u00e1vol-keleti v\u00e1llalatok nemcsak gy\u00e1rt\u00e1si kapacit\u00e1st, hanem know-how-t is felhalmoztak.<\/p>\n<p>Az \u00fcgyvezet\u0151 szerint a Hisense\u2013Gorenje-\u201eh\u00e1zass\u00e1g\u201d \u00e9ppen az\u00e9rt tudott sikeres lenni, mert egyes\u00edtette az eur\u00f3pai m\u00e1rkaismeretet \u00e9s disztrib\u00faci\u00f3t a k\u00ednai gy\u00e1rt\u00e1si hat\u00e9konys\u00e1ggal. Ugyanakkor \u00fagy v\u00e9li, Eur\u00f3pa sz\u00e1m\u00e1ra komoly figyelmeztet\u00e9s, hogy sok esetben m\u00e1r maga az eur\u00f3pai ipar pr\u00f3b\u00e1lja m\u00e1solni a k\u00ednai modelleket.<\/p>\n<p>Nagyon rossz ir\u00e1ny, amikor Eur\u00f3pa pr\u00f3b\u00e1lja m\u00e1solni K\u00edn\u00e1t. Meg kellene tartani azokat az egyedi \u00e9rt\u00e9keket, amelyek miatt az emberek eur\u00f3pai term\u00e9ket akarnak v\u00e1s\u00e1rolni. Ha ugyanazt pr\u00f3b\u00e1ljuk csin\u00e1lni, mint a k\u00ednai gy\u00e1rt\u00f3k, akkor ebben a versenyben el fogunk v\u00e9rezni, mert hat\u00e9konys\u00e1gban \u00e9s gyorsas\u00e1gban ma m\u00e1r nagyon neh\u00e9z vel\u00fck felvenni a versenyt<\/p>\n<p>\u2013 mondta.<\/p>\n<p>F\u00fcle Norbert szerint az egyik legnagyobb probl\u00e9ma az eur\u00f3pai gy\u00e1rt\u00e1s t\u00falzott komplexit\u00e1sa. P\u00e9ldak\u00e9nt az aut\u00f3ipart eml\u00edtette, ahol szerinte a t\u00fal sok konfigur\u00e1ci\u00f3 \u00e9s modell jelent\u0151sen rontja a gy\u00e1rt\u00e1si hat\u00e9konys\u00e1got. Ezzel szemben a k\u00ednai \u00e9s r\u00e9szben az amerikai szerepl\u0151k j\u00f3val egyszer\u0171bb, sk\u00e1l\u00e1zhat\u00f3bb rendszerekben gondolkodnak, gondoljunk csak a BYD vagy a Tesla p\u00e9ld\u00e1j\u00e1ra.<\/p>\n<p>\u00dagy l\u00e1tja, a h\u00e1ztart\u00e1si g\u00e9pek piac\u00e1n ez a folyamat m\u00e1r j\u00f3val el\u0151r\u00e9bb j\u00e1r, mint az aut\u00f3iparban. \u201eA nagy h\u00e1ztart\u00e1si g\u00e9pekn\u00e9l az emberek nem tesznek annyi em\u00f3ci\u00f3t a v\u00e1s\u00e1rl\u00e1sba. Ott sokkal ink\u00e1bb a legjobb \u00e1r-\u00e9rt\u00e9k ar\u00e1ny d\u00f6nt, emiatt ez a transzform\u00e1ci\u00f3 sokkal gyorsabban v\u00e9gigment a piacon. Az aut\u00f3iparban m\u00e9g van \u00e9let\u00e9rz\u00e9s, van m\u00e1rkah\u0171s\u00e9g, de a h\u00e1ztart\u00e1si g\u00e9pekn\u00e9l sokkal k\u00f6ny\u00f6rtelenebb a verseny\u201d \u2013 fogalmazott a Gorenje Magyarorsz\u00e1g els\u0151 embere.<\/p>\n<p>A k\u00f6vetkez\u0151 \u00e9vek egyik legfontosabb k\u00e9rd\u00e9s\u00e9nek azt tartja, hogy az eur\u00f3pai ipar k\u00e9pes lesz-e \u00fajra megtal\u00e1lni saj\u00e1t identit\u00e1s\u00e1t \u00e9s versenyel\u0151nyeit. Szerinte az energia\u00e1rak, a gy\u00e1rt\u00e1si hat\u00e9konys\u00e1g \u00e9s a technol\u00f3giai alkalmazkod\u00e1s egyszerre d\u00f6nthetik el, mely szerepl\u0151k maradnak talpon a k\u00f6vetkez\u0151 \u00e9vtizedben.<\/p>\n<p>\n                          (Bor\u00edt\u00f3k\u00e9p: K\u00e9p\u00fcnk illusztr\u00e1ci\u00f3! Fot\u00f3:\u00a0Alex Pantling \/ Getty Images)\n                        <\/p>\n<p><a href=\"https:\/\/dex.hu\/x.php?id=googlepref_desktop&amp;url=https:\/\/google.com\/preferences\/source?q=https:\/\/index.hu\" class=\"google-pref-banner \" id=\"googlePrefBanner\" rel=\"nofollow noopener\" target=\"_blank\"><\/p>\n<p>    Itt \u00e1ll\u00edtsa be, hogy az Index az els\u0151k k\u00f6z\u00f6tt legyen a Google-tal\u00e1latokban!<\/p>\n<p><\/a><\/p>\n<p>                <a href=\"https:\/\/konyvek.index.hu\/\" target=\"_blank\" rel=\"nofollow noopener\"><br \/>\n                <img decoding=\"async\" src=\"https:\/\/index.hu\/assets\/images\/konyvajanlo\/book_indapress\/book_indapress_logo.svg\" loading=\"lazy\" alt=\"Inda Press Kiad\u00f3\"\/><br \/>\n                <\/a><\/p>\n<p>                <img decoding=\"async\" src=\"https:\/\/www.europesays.com\/hu\/wp-content\/uploads\/2026\/05\/1779636671_684_ahetmesterlovesze.png\" loading=\"lazy\" alt=\"A h\u00e9t mesterl\u0151v\u00e9sze!\"\/><\/p>\n<p>Puzs\u00e9r R\u00f3bert \u00e9s bar\u00e1tai szellemes, indulatos, m\u00e9gis m\u00e9ly \u00e9s k\u00edm\u00e9letlen besz\u00e9lget\u00e9sei a sorozatok vil\u00e1g\u00e1r\u00f3l.<\/p>\n<p>                <a class=\"book_index_btn\" href=\"https:\/\/indexadhu.hit.gemius.pl\/hitredir?id=nSCbubuYpDWJZLZs0TssLrbt33Lk5kbipuiZrkg89G3.g7&amp;stparam=xnkskrlqhb&amp;fastid=nvritdcjcwfznudgwqgixztzrwoh&amp;nc=0&amp;url=https:\/\/www.indapresskiado.hu\/products\/a-h-t-mesterl-v-sze-a-25-legjobb-sorozat\" target=\"_blank\" rel=\"nofollow noopener\">MEGVESZEM<\/a><\/p>\n<p>    <img decoding=\"async\" src=\"https:\/\/www.europesays.com\/hu\/wp-content\/uploads\/2026\/06\/1780679052_718_redot.gif\"\/><\/p>\n<p>    <img decoding=\"async\" src=\"https:\/\/index.hu\/assets\/images\/social-follow\/logo-big.svg\" alt=\"Index.hu logo\"\/><\/p>\n<p>K\u00f6vesse az Indexet Facebookon is!<\/p>\n<p>    <a href=\"https:\/\/facebook.com\/Indexhu\" target=\"_blank\" rel=\"nofollow noopener\"><\/p>\n<p>        K\u00f6vetem!<br \/>\n    <\/a><\/p>\n","protected":false},"excerpt":{"rendered":"Kiegyens\u00falyozott n\u00f6veked\u00e9st hozott \u00f6sszess\u00e9g\u00e9ben a 2025-\u00f6s \u00e9v a h\u00e1ztart\u00e1si g\u00e9pek \u00e9s m\u0171szaki cikkek hazai piac\u00e1n. A Gorenje Magyarorsz\u00e1g&hellip;\n","protected":false},"author":2,"featured_media":126408,"comment_status":"","ping_status":"","sticky":false,"template":"","format":"standard","meta":{"footnotes":"","_share_on_mastodon":"0"},"categories":[10],"tags":[110,3282,106,40132,24069,18361,63,28152,28026,37979,44,42,40,104,43,41,1237,1504,111],"class_list":["post-126407","post","type-post","status-publish","format-standard","has-post-thumbnail","category-vallalkozas","tag-business","tag-energiavalsag","tag-europa","tag-fule-norbert","tag-futball-vb","tag-futball-vb-2026","tag-gazdasag","tag-gorenje","tag-haztartasi-gep","tag-hisense","tag-hu","tag-hungarian","tag-hungary","tag-kina","tag-magyar","tag-magyarorszag","tag-streaming","tag-televizio","tag-vallalkozas"],"share_on_mastodon":{"url":"https:\/\/pubeurope.com\/@hu\/116698589763095310","error":""},"_links":{"self":[{"href":"https:\/\/www.europesays.com\/hu\/wp-json\/wp\/v2\/posts\/126407","targetHints":{"allow":["GET"]}}],"collection":[{"href":"https:\/\/www.europesays.com\/hu\/wp-json\/wp\/v2\/posts"}],"about":[{"href":"https:\/\/www.europesays.com\/hu\/wp-json\/wp\/v2\/types\/post"}],"author":[{"embeddable":true,"href":"https:\/\/www.europesays.com\/hu\/wp-json\/wp\/v2\/users\/2"}],"replies":[{"embeddable":true,"href":"https:\/\/www.europesays.com\/hu\/wp-json\/wp\/v2\/comments?post=126407"}],"version-history":[{"count":0,"href":"https:\/\/www.europesays.com\/hu\/wp-json\/wp\/v2\/posts\/126407\/revisions"}],"wp:featuredmedia":[{"embeddable":true,"href":"https:\/\/www.europesays.com\/hu\/wp-json\/wp\/v2\/media\/126408"}],"wp:attachment":[{"href":"https:\/\/www.europesays.com\/hu\/wp-json\/wp\/v2\/media?parent=126407"}],"wp:term":[{"taxonomy":"category","embeddable":true,"href":"https:\/\/www.europesays.com\/hu\/wp-json\/wp\/v2\/categories?post=126407"},{"taxonomy":"post_tag","embeddable":true,"href":"https:\/\/www.europesays.com\/hu\/wp-json\/wp\/v2\/tags?post=126407"}],"curies":[{"name":"wp","href":"https:\/\/api.w.org\/{rel}","templated":true}]}}