{"id":126852,"date":"2026-06-06T04:38:14","date_gmt":"2026-06-06T04:38:14","guid":{"rendered":"https:\/\/www.europesays.com\/hu\/126852\/"},"modified":"2026-06-06T04:38:14","modified_gmt":"2026-06-06T04:38:14","slug":"egy-22-eves-hazassag-ert-veget-es-nem-ez-a-sztarpar-az-egyetlen-akik-szakitottak","status":"publish","type":"post","link":"https:\/\/www.europesays.com\/hu\/126852\/","title":{"rendered":"Egy 22 \u00e9ves h\u00e1zass\u00e1g \u00e9rt v\u00e9get, \u00e9s nem ez a szt\u00e1rp\u00e1r az egyetlen, akik szak\u00edtottak"},"content":{"rendered":"<p>2026-ban sem maradunk f\u00e1jdalmas szak\u00edt\u00e1sok \u00e9s v\u00e1l\u00e1sok n\u00e9lk\u00fcl a szt\u00e1rvil\u00e1gban. Ezen n\u00e9vsor most K\u0151halmi Zolt\u00e1nnal b\u0151v\u00fclt, aki k\u00f6z\u00f6ss\u00e9gi oldal\u00e1n osztotta meg k\u00f6vet\u0151ivel, hogy <a href=\"https:\/\/rtl.hu\/reggeli\/2018\/11\/14\/kohalmi-felesege-beleszolhat-az-eloadasaiba\" rel=\"nofollow noopener\" target=\"_blank\">feles\u00e9g\u00e9vel <\/a>22 \u00e9v h\u00e1zass\u00e1g ut\u00e1n k\u00fcl\u00f6n utakon folytatj\u00e1k.\u00a0<\/p>\n<p>Kedves Mindenki! Szeretn\u00e9k egy kimondottan szem\u00e9lyes inform\u00e1ci\u00f3t cseppenteni digit\u00e1lis k\u00f6z\u00e9let\u00fcnk politik\u00e1t\u00f3l korb\u00e1csolt, \u00e1lh\u00edrek szennyezte tenger\u00e9be. \u00c1prilisban, huszonk\u00e9t \u00e9v h\u00e1zass\u00e1g ut\u00e1n &#8211; \u00e9s szinte napra pontosan harminc \u00e9vre r\u00e1, hogy annak idej\u00e9n \u00f6sszej\u00f6tt\u00fcnk &#8211; feles\u00e9gemmel elv\u00e1ltunk. A dolog b\u00e9kess\u00e9gben, \u00e9s nem egyik pillanatr\u00f3l a m\u00e1sikra t\u00f6rt\u00e9nt. Feln\u0151tt \u00e9s kamasz gyerekeink \u00e9let\u00e9t tov\u00e1bbra is k\u00f6z\u00f6sen, \u00f6sszehangoltan egyengetj\u00fck. Nincs sz\u00f3 szerelmi soksz\u00f6gekr\u0151l vagy egy\u00e9b, bulv\u00e1r\u00e9rdekl\u0151d\u00e9sre sz\u00e1mot tart\u00f3, dr\u00e1mai fordulatokr\u00f3l. A r\u00e9szletek nem is fognak pletykalapok has\u00e1bjain megjelenni. A mag\u00e1n\u00e9letem sohasem tartozott m\u00e1sra, csak a sz\u0171k csal\u00e1dra, a bar\u00e1tokra \u00e9s azokra az ezrekre, akik jegyet vesznek az el\u0151ad\u00e1saimra<\/p>\n<p>&#8211; \u00e1ll a posztj\u00e1ban.\u00a0<\/p>\n<p>A humorist\u00e1n k\u00edv\u00fcl ugyancsak hasonl\u00f3an hossz\u00fa h\u00e1zass\u00e1g, 20 \u00e9v ut\u00e1n intett b\u00facs\u00fat egym\u00e1snak Simon Attila \u00e9s Simon Erika, akik a 2024-s Nyer\u0151 P\u00e1rosban (<a target=\"_blank\" rel=\"noopener noreferrer nofollow\" href=\"https:\/\/www.rtlplusz.hu\/nyero-paros-p_7690\">melynek epiz\u00f3djai el\u00e9rhet\u0151ek az RTL + Premium fel\u00fclet\u00e9n<\/a>) m\u00e9g egy\u00fctt versengtek a f\u0151d\u00edj\u00e9rt, \u00e9s akkor a m\u00e1sodik helyig jutottak. A labdar\u00fag\u00f3 \u00e9s feles\u00e9ge a m\u0171sor sor\u00e1n beismert\u00e9k, kor\u00e1bban <a href=\"https:\/\/rtl.hu\/kabatfc\/2024\/09\/05\/simon-attila-hazassag-valsag\" rel=\"nofollow noopener\" target=\"_blank\">egyszer m\u00e1r majdnem elv\u00e1ltak<\/a>, \u00e1m akkor siker\u00fclt megmenteni\u00fck a h\u00e1zass\u00e1gukat. Ez\u00fattal azonban sem a k\u00f6z\u00f6s \u00e9vek, sem k\u00e9t gyermek\u00fck nem tudt\u00e1k \u0151ket \u00f6sszetartani.\u00a0<\/p>\n<p><img decoding=\"async\" src=\"https:\/\/www.europesays.com\/hu\/wp-content\/uploads\/2026\/06\/image_d9b33cc5728772766e29888607bb.webp\" alt=\"k\u0151halmi\"  \/>Erika \u00e9s Attila h\u00e1zass\u00e1ga 20 \u00e9v ut\u00e1n futott z\u00e1tonyra.<\/p>\n<p>Nagy Bogi szint\u00e9n id\u00e9n jelentette be, hogy k\u00e9t \u00e9v ut\u00e1n v\u00e9get \u00e9rt a h\u00e1zass\u00e1ga f\u00e9rj\u00e9vel, Marcival. Az \u00e9nekesn\u0151 \u00edgy eg\u00e9szen fiatalon, 23 esztend\u0151sen m\u00e1r elv\u00e1lt n\u0151 lett, \u00e1m ezt \u0151 ut\u00f3lag nem b\u00e1nja. Az\u00f3ta hatalmas \u00e1talakul\u00e1son ment \u00e1t, \u00e9s zenei karrierje is elkezdett felfel\u00e9 sz\u00e1rnyalni.\u00a0<\/p>\n<p><img decoding=\"async\" src=\"https:\/\/www.europesays.com\/hu\/wp-content\/uploads\/2026\/06\/image_608bced3606ea1fae5e7b0543e1b.webp\" alt=\"k\u0151halmi\"  \/>Bogi 23 \u00e9vesen lett elv\u00e1lt n\u0151.\u00a0<\/p>\n<p>Zsigmond Angi \u00e9s M\u00e9sz\u00e1ros Bende azonban m\u00e9g nincs t\u00fal egym\u00e1son. Az egykori szt\u00e1rp\u00e1r 3 \u00e9v ut\u00e1n intett b\u00facs\u00fat egym\u00e1snak, a szak\u00edt\u00e1suk pedig \u00fagy der\u00fclt ki, hogy id\u00e9n \u0151k is r\u00e9szt vesznek a hamarosan l\u00e1that\u00f3 Exek csat\u00e1ja <a target=\"_blank\" rel=\"noopener noreferrer nofollow\" href=\"https:\/\/www.rtlplusz.hu\/exek-csataja-p_27060?gad_source=1&amp;gad_campaignid=23862857743&amp;gclid=Cj0KCQjw54nRBhDCARIsAMcY_SDAWzAb01YdQ6r0thpv-81qp-zrdBhg_tXqoPFbiv4wgjto-kiv2AYaAhAdEALw_wcB\">(melynek els\u0151 \u00e9vada el\u00e9rhet\u0151 az RTL + Premiumon<\/a>) m\u00e1sodik \u00e9vad\u00e1ban. A fiatalok l\u00e1that\u00f3an <a href=\"https:\/\/rtl.hu\/bulvar\/2026\/06\/01\/meszaros-bende-es-zsigmond-angi-szakitas-tovabblepes-tinder\" rel=\"nofollow noopener\" target=\"_blank\">m\u00e9g nincsenek t\u00fal egym\u00e1son<\/a>, \u00e9s van r\u00e1 es\u00e9ly, hogy id\u0151vel visszatal\u00e1lnak egym\u00e1shoz.\u00a0<\/p>\n<p><img decoding=\"async\" src=\"https:\/\/www.europesays.com\/hu\/wp-content\/uploads\/2026\/06\/image_f40cff5ad2130ad2cadc56662c50.webp\" alt=\"k\u0151halmi\"  \/>Angi \u00e9s Bende m\u00e9g nem l\u00e9ptek t\u00fal a szak\u00edt\u00e1son.<\/p>\n<p>\u00a0<\/p>\n","protected":false},"excerpt":{"rendered":"2026-ban sem maradunk f\u00e1jdalmas szak\u00edt\u00e1sok \u00e9s v\u00e1l\u00e1sok n\u00e9lk\u00fcl a szt\u00e1rvil\u00e1gban. Ezen n\u00e9vsor most K\u0151halmi Zolt\u00e1nnal b\u0151v\u00fclt, aki k\u00f6z\u00f6ss\u00e9gi&hellip;\n","protected":false},"author":2,"featured_media":126853,"comment_status":"","ping_status":"","sticky":false,"template":"","format":"standard","meta":{"footnotes":"","_share_on_mastodon":"0"},"categories":[21],"tags":[2902,198,137,26628,199,44,2666,42,40,13192,39770,43,4890,1230,41,40236,12435,3834,1032,3831,3833,2841,138,40235,614,40179,13521],"class_list":["post-126852","post","type-post","status-publish","format-standard","has-post-thumbnail","category-hiressegek","tag-bulvar","tag-celebrities","tag-entertainment","tag-exek-csataja","tag-hiressegek","tag-hu","tag-humorista","tag-hungarian","tag-hungary","tag-kapcsolatok","tag-kohalmi-zoltan","tag-magyar","tag-magyar-celebek","tag-magyar-sztarok","tag-magyarorszag","tag-meszaros-bende-es-zsigmond-angi","tag-nagy-bogi","tag-nyero-paros","tag-rtl-hiressegek","tag-simon-attila","tag-szakitas","tag-szerelem","tag-szorakozas","tag-sztarvilag","tag-valas","tag-varga-miklos-joe","tag-zeneipar"],"share_on_mastodon":{"url":"https:\/\/pubeurope.com\/@hu\/116701318685056211","error":""},"_links":{"self":[{"href":"https:\/\/www.europesays.com\/hu\/wp-json\/wp\/v2\/posts\/126852","targetHints":{"allow":["GET"]}}],"collection":[{"href":"https:\/\/www.europesays.com\/hu\/wp-json\/wp\/v2\/posts"}],"about":[{"href":"https:\/\/www.europesays.com\/hu\/wp-json\/wp\/v2\/types\/post"}],"author":[{"embeddable":true,"href":"https:\/\/www.europesays.com\/hu\/wp-json\/wp\/v2\/users\/2"}],"replies":[{"embeddable":true,"href":"https:\/\/www.europesays.com\/hu\/wp-json\/wp\/v2\/comments?post=126852"}],"version-history":[{"count":0,"href":"https:\/\/www.europesays.com\/hu\/wp-json\/wp\/v2\/posts\/126852\/revisions"}],"wp:featuredmedia":[{"embeddable":true,"href":"https:\/\/www.europesays.com\/hu\/wp-json\/wp\/v2\/media\/126853"}],"wp:attachment":[{"href":"https:\/\/www.europesays.com\/hu\/wp-json\/wp\/v2\/media?parent=126852"}],"wp:term":[{"taxonomy":"category","embeddable":true,"href":"https:\/\/www.europesays.com\/hu\/wp-json\/wp\/v2\/categories?post=126852"},{"taxonomy":"post_tag","embeddable":true,"href":"https:\/\/www.europesays.com\/hu\/wp-json\/wp\/v2\/tags?post=126852"}],"curies":[{"name":"wp","href":"https:\/\/api.w.org\/{rel}","templated":true}]}}