{"id":127493,"date":"2026-06-06T17:40:10","date_gmt":"2026-06-06T17:40:10","guid":{"rendered":"https:\/\/www.europesays.com\/hu\/127493\/"},"modified":"2026-06-06T17:40:10","modified_gmt":"2026-06-06T17:40:10","slug":"a-fradinak-is-fizethet-a-klub-amely-egy-magyar-jatekosnak-is-tartozik","status":"publish","type":"post","link":"https:\/\/www.europesays.com\/hu\/127493\/","title":{"rendered":"A Fradinak is fizethet a klub, amely egy magyar j\u00e1t\u00e9kosnak is tartozik"},"content":{"rendered":"<p>                    <a href=\"https:\/\/news.google.com\/publications\/CAAqJQgKIh9DQklTRVFnTWFnMEtDMk56WVd0bWIyTnBMbWgxS0FBUAE\" target=\"_blank\" class=\"google-news\" rel=\"nofollow noopener\">A legfrissebb h\u00edrek\u00e9rt k\u00f6vess minket a Csakfoci Google News oldal\u00e1n is!<\/a><\/p>\n<p>Folyamatosan egyenl\u00edten\u00e9 ki tartoz\u00e1sait a t\u00f6r\u00f6k Genclerbirligi. A h\u00e9ten m\u00e1r <a href=\"https:\/\/www.csakfoci.hu\/magyar-foci\/legiosok-sulyos-tartozas-a-magyar-valogatott-tamado-fele-kellemetlen-napok-elott-a-kulfoldi-klub\" target=\"_blank\" rel=\"noopener nofollow\">besz\u00e1moltunk<\/a> r\u00f3la, hogy a klub kor\u00e1bbi k\u00f6lcs\u00f6nj\u00e1t\u00e9kosa, Csoboth Kevin is v\u00e1rja a (ki)fizet\u00e9s\u00e9t, a magyar v\u00e1logatott t\u00e1mad\u00f3 fel is jelentette az egyes\u00fcletet kor\u00e1bban &#8211; a h\u00edrek szerint kb. 270 ezer eur\u00f3t rem\u00e9lhet.<\/p>\n<p>Most a Gen\u00e7lerbirli\u011fivel kapcsolatos t\u00f6rt\u00e9n\u00e9seket \u00f6sszegy\u0171jt\u00fa Gen\u00e7lerbirli\u011fi Haber Ajans\u0131 \u00edrja, hogy t\u00f6bb tartoz\u00e1s\u00e1t is kiegyenl\u00edtette az elm\u00falt id\u0151szakban a klub. A k\u00f6vetkez\u0151 napokban a Ferencv\u00e1ros is p\u00e9nzhez juthat, \u00fagy tudni, 190 ezer eur\u00f3t (kb. 67 milli\u00f3 forint) kaphatnak m\u00e9g az Adama Traor\u00e9-transzfer ut\u00e1n.<\/p>\n<p>A mali futballista 2025 nyar\u00e1n igazolt T\u00f6r\u00f6korsz\u00e1gba, hogy azt\u00e1n sz\u0171k egy h\u00f3nappal k\u00e9s\u0151bb jelent\u0151s k\u00f6lcs\u00f6nv\u00e9teli d\u00edj\u00e9rt (1,5 milli\u00f3 eur\u00f3\u00e9rt) elengedj\u00e9k Sza\u00fad-Ar\u00e1bi\u00e1ba. Traor\u00e9 jelenleg a t\u00f6r\u00f6k csapatot er\u0151s\u00edti, 16 \u00e9lvonalbeli bajnokin k\u00e9t g\u00f3lig, egy g\u00f3lpasszig jutott tavasszal.<\/p>\n<p>Az egy\u00fcttes m\u00e1r csak az\u00e9rt is igyekszik minden \u00e9rintettet kifizetni, nehogy \u00e1tigazol\u00e1si tilalommal s\u00fajts\u00e1k.<\/p>\n<p dir=\"ltr\" lang=\"tr\">Popa dosyas\u0131 da kapand\u0131!<\/p>\n<p>Gen\u00e7lerbirli\u011fi&#8217;nde FIFA&#8217;dan May\u0131s ay\u0131 i\u00e7inde gelen ve transfer yasa\u011f\u0131na neden olan dosya say\u0131s\u0131 4&#8217;ten 2&#8217;ye d\u00fc\u015ft\u00fc.<\/p>\n<p>K\u0131rm\u0131z\u0131-siyahl\u0131lar, yasa\u011fa neden olan Daniel Popa dosyas\u0131 i\u00e7in 27 bin 500 Euro, Emre Zahid Sa\u011flam dosyas\u0131 i\u00e7in ise 47 bin 500 Euro \u00f6deme\u2026 <a href=\"https:\/\/t.co\/jEzlG2zoYU\" target=\"_blank\" rel=\"nofollow\">pic.twitter.com\/jEzlG2zoYU<\/a><\/p>\n<p>\u2014 Gen\u00e7lerbirli\u011fi Haber Ajans\u0131 (@G_Birligi_Haber) <a href=\"https:\/\/x.com\/G_Birligi_Haber\/status\/2063159795088035934?ref_src=twsrc%5Etfw\" target=\"_blank\" rel=\"nofollow\">June 6, 2026<\/a><\/p>\n<p><a href=\"https:\/\/www.csakfoci.hu\/magyar-foci\/legiosok-ket-angol-klub-is-ugyanazt-a-fiatal-magyar-kozeppalyast-nezte-ki\" class=\"embed-article\" rel=\"nofollow noopener\" target=\"_blank\"><\/p>\n<p>Olvastad m\u00e1r?<\/p>\n<p>            <img loading=\"lazy\" decoding=\"async\" class=\"lazy-img\" src=\"https:\/\/www.europesays.com\/hu\/wp-content\/uploads\/2026\/06\/1780767610_358_649030323_1347369780766024_4256229761364371982_n-768x432.jpg\" width=\"768\" height=\"432\" alt=\"\"\/><\/p>\n<p>L\u00e9gi\u00f3sok: K\u00e9t angol klub is ugyanazt a fiatal magyar k\u00f6z\u00e9pp\u00e1ly\u00e1st n\u00e9zte ki<\/p>\n<p>A DAC magyarja, Tuboly M\u00e1t\u00e9 kap\u00f3s lehet a ny\u00e1ri \u00e1tigazol\u00e1si id\u0151szakban. <\/p>\n<p>Elolvasom<\/p>\n<p><\/a><\/p>\n<p>                                    <script async src=\"https:\/\/platform.twitter.com\/widgets.js\" charset=\"utf-8\"><\/script><\/p>\n","protected":false},"excerpt":{"rendered":"A legfrissebb h\u00edrek\u00e9rt k\u00f6vess minket a Csakfoci Google News oldal\u00e1n is! Folyamatosan egyenl\u00edten\u00e9 ki tartoz\u00e1sait a t\u00f6r\u00f6k Genclerbirligi.&hellip;\n","protected":false},"author":2,"featured_media":127494,"comment_status":"","ping_status":"","sticky":false,"template":"","format":"standard","meta":{"footnotes":"","_share_on_mastodon":"0"},"categories":[14],"tags":[40360,377,35604,44,42,40,43,41,45,131],"class_list":["post-127493","post","type-post","status-publish","format-standard","has-post-thumbnail","category-sport","tag-adama-traore","tag-fradi","tag-genclerbirligi","tag-hu","tag-hungarian","tag-hungary","tag-magyar","tag-magyarorszag","tag-sport","tag-sports"],"share_on_mastodon":{"url":"https:\/\/pubeurope.com\/@hu\/116704393815839877","error":""},"_links":{"self":[{"href":"https:\/\/www.europesays.com\/hu\/wp-json\/wp\/v2\/posts\/127493","targetHints":{"allow":["GET"]}}],"collection":[{"href":"https:\/\/www.europesays.com\/hu\/wp-json\/wp\/v2\/posts"}],"about":[{"href":"https:\/\/www.europesays.com\/hu\/wp-json\/wp\/v2\/types\/post"}],"author":[{"embeddable":true,"href":"https:\/\/www.europesays.com\/hu\/wp-json\/wp\/v2\/users\/2"}],"replies":[{"embeddable":true,"href":"https:\/\/www.europesays.com\/hu\/wp-json\/wp\/v2\/comments?post=127493"}],"version-history":[{"count":0,"href":"https:\/\/www.europesays.com\/hu\/wp-json\/wp\/v2\/posts\/127493\/revisions"}],"wp:featuredmedia":[{"embeddable":true,"href":"https:\/\/www.europesays.com\/hu\/wp-json\/wp\/v2\/media\/127494"}],"wp:attachment":[{"href":"https:\/\/www.europesays.com\/hu\/wp-json\/wp\/v2\/media?parent=127493"}],"wp:term":[{"taxonomy":"category","embeddable":true,"href":"https:\/\/www.europesays.com\/hu\/wp-json\/wp\/v2\/categories?post=127493"},{"taxonomy":"post_tag","embeddable":true,"href":"https:\/\/www.europesays.com\/hu\/wp-json\/wp\/v2\/tags?post=127493"}],"curies":[{"name":"wp","href":"https:\/\/api.w.org\/{rel}","templated":true}]}}