{"id":12783,"date":"2026-03-02T23:23:31","date_gmt":"2026-03-02T23:23:31","guid":{"rendered":"https:\/\/www.europesays.com\/hu\/12783\/"},"modified":"2026-03-02T23:23:31","modified_gmt":"2026-03-02T23:23:31","slug":"logisztikai-halozatok-budapest-es-a-videki-bazisok-szerepe","status":"publish","type":"post","link":"https:\/\/www.europesays.com\/hu\/12783\/","title":{"rendered":"Logisztikai h\u00e1l\u00f3zatok: Budapest \u00e9s a vid\u00e9ki b\u00e1zisok szerepe"},"content":{"rendered":"<p class=\"lead\">Budapest \u00e9s k\u00f6rny\u00e9ke tov\u00e1bbra is a hazai logisztika megk\u00e9rd\u0151jelezhetetlen k\u00f6zpontja, hiszen az orsz\u00e1gos eloszt\u00f3h\u00e1l\u00f3zatok t\u00f6bbs\u00e9ge innen indul ki. Ugyanakkor az elm\u00falt \u00e9vekben megfigyelhet\u0151, hogy a nagyv\u00e1llalatok a k\u00f6zponti rakt\u00e1roz\u00e1s mellett elkezdt\u00e9k ki\u00e9p\u00edteni a region\u00e1lis alk\u00f6zpontjaikat is. Ez nem a f\u0151v\u00e1rosi jelenl\u00e9t felad\u00e1s\u00e1t jelenti, hanem egyfajta kieg\u00e9sz\u00edt\u00e9st: a c\u00e9l az, hogy a kritikus fontoss\u00e1g\u00fa alkatr\u00e9szek vagy term\u00e9kek k\u00f6zelebb legyenek a gy\u00e1rt\u00f3sorokhoz \u00e9s a vid\u00e9ki fogyaszt\u00f3khoz, cs\u00f6kkentve ezzel a napi fuvarok sz\u00e1m\u00e1t.<\/p>\n<p>            Region\u00e1lis f\u00f3kuszpontok \u00e9s a rept\u00e9ri \u00f6vezet<\/p>\n<p style=\"font-weight: 400;\">A h\u00e1l\u00f3zati gondolkod\u00e1sban k\u00e9t ter\u00fclet \u00e9rt\u00e9kel\u0151d\u00f6tt fel k\u00fcl\u00f6n\u00f6sen. Az egyik a Liszt Ferenc Rep\u00fcl\u0151t\u00e9r k\u00f6rny\u00e9ke, \u00edgy p\u00e9ld\u00e1ul <a href=\"https:\/\/raktarad.hu\/projektek\/elado-raktarak\/vecses-elado-raktarak\/\" target=\"_blank\" rel=\"nofollow noopener\">Vecs\u00e9s rakt\u00e1r<\/a> b\u00e9rl\u00e9s vagy v\u00e1s\u00e1rl\u00e1s szempontj\u00e1b\u00f3l fontos k\u00f6zpont. A rep\u00fcl\u0151t\u00e9r k\u00f6zels\u00e9ge strat\u00e9giai el\u0151nyt ny\u00fajt a gyors \u00e1ruforgalmat, e-kereskedelmet vagy l\u00e9gi sz\u00e1ll\u00edt\u00e1st bonyol\u00edt\u00f3 c\u00e9geknek. Itt a hangs\u00faly a nemzetk\u00f6zi kapcsol\u00f3d\u00e1son van. Ezzel p\u00e1rhuzamosan a keleti r\u00e9gi\u00f3ban, az ipari beruh\u00e1z\u00e1sok vonz\u00e1sk\u00f6rzet\u00e9ben egy <a href=\"https:\/\/raktarad.hu\/projektek\/elado-raktarak\/debrecen\/\" target=\"_blank\" rel=\"nofollow noopener\">rakt\u00e1r Debrecen<\/a> ter\u00fclet\u00e9n m\u00e1r a gy\u00e1rt\u00e1skiszolg\u00e1l\u00f3 logisztika b\u00e1zisak\u00e9nt funkcion\u00e1l. A Rakt\u00e1rAD tapasztalatai alapj\u00e1n a b\u00e9rl\u0151k azt vizsg\u00e1lj\u00e1k, hogyan tudj\u00e1k ezeket a lok\u00e1ci\u00f3kat az ell\u00e1t\u00e1si l\u00e1ncukba a leghat\u00e9konyabban beilleszteni.<\/p>\n<p>Operat\u00edv hat\u00e9konys\u00e1g \u00e9s k\u00f6lts\u00e9gszintek<\/p>\n<p style=\"font-weight: 400;\">A t\u00f6bb telephely fenntart\u00e1sa komplexebb menedzsmentet ig\u00e9nyel, de a gyakorlati tapasztalatok szerint ez a strukt\u00fara n\u00f6veli az \u00fczembiztons\u00e1got. Egy region\u00e1lis b\u00e1zis birtok\u00e1ban a c\u00e9gek rugalmasabban reag\u00e1lnak a helyi ig\u00e9nyekre, \u00e9s kev\u00e9sb\u00e9 kiszolg\u00e1ltatottak a f\u0151 k\u00f6zleked\u00e9si \u00fatvonalak esetleges fennakad\u00e1sainak. A k\u00f6lts\u00e9gek tekintet\u00e9ben a vid\u00e9ki helysz\u00ednek b\u00e9rleti d\u00edjai gyakran kedvez\u0151bbek, mint a tel\u00edtett f\u0151v\u00e1rosi agglomer\u00e1ci\u00f3ban, \u00edgy a megosztott rakt\u00e1roz\u00e1s seg\u00edthet az \u00e1tlagos t\u00e1rol\u00e1si k\u00f6lts\u00e9gek optimaliz\u00e1l\u00e1s\u00e1ban is, an\u00e9lk\u00fcl, hogy a c\u00e9g elvesz\u00edten\u00e9 a k\u00f6zvetlen kapcsolatot a f\u0151v\u00e1rosi piaccal.<\/p>\n<p>Ingatlanmin\u0151s\u00e9g \u00e9s hossz\u00fa t\u00e1v\u00fa fenntarthat\u00f3s\u00e1g<\/p>\n<p style=\"font-weight: 400;\">A telephelyv\u00e1laszt\u00e1s v\u00e9gs\u0151 szakasza ma m\u00e1r minden esetben a m\u0171szaki param\u00e9terek \u00e9s az \u00fczemeltet\u00e9si k\u00f6lts\u00e9gek vizsg\u00e1lat\u00e1r\u00f3l sz\u00f3l. A korszer\u0171tlen, rosszul szigetelt \u00e9p\u00fcletek b\u00e9rleti d\u00edja hi\u00e1ba alacsonyabb, a rezsik\u00f6lts\u00e9gek \u00e9s a fenntart\u00e1si ig\u00e9nyek gyorsan elt\u00fcntetik az \u00e1rk\u00fcl\u00f6nbs\u00e9get. A piacon azok az ingatlanok a legkeresettebbek, amelyek modern g\u00e9p\u00e9szettel \u00e9s optimaliz\u00e1lt energiafelhaszn\u00e1l\u00e1ssal rendelkeznek, legyen sz\u00f3 a f\u0151v\u00e1rosi agglomer\u00e1ci\u00f3r\u00f3l vagy vid\u00e9ki csom\u00f3pontokr\u00f3l. A j\u00f6v\u0151ben azok a v\u00e1llalkoz\u00e1sok tudnak stabilan m\u0171k\u00f6dni, amelyek az elhelyezked\u00e9s mellett az \u00e9p\u00fcletek technikai sz\u00ednvonal\u00e1t is priorit\u00e1sk\u00e9nt kezelik.<\/p>\n<p>Iratkozz fel a h\u00edrlevel\u00fcnkre, \u00e9s mi minden h\u00e9ten \u00e9rdekes, sz\u00f3rakoztat\u00f3 sztorikat k\u00fcld\u00fcnk neked a vil\u00e1gb\u00f3l.<\/p>\n<p>H\u00edrlev\u00e9l feliratkoz\u00e1s<\/p>\n<p>T\u00e1mogatott \u00e9s aj\u00e1nlott tartalmaink<\/p>\n<p>            <a href=\"https:\/\/player.hu\/auto-motor-2\/voltie-elektromos-tolto\" class=\"ga-event-data\" data-ga_category=\"Cikk promo\" data-ga_action=\"T\u00e1mogatott \u00e9s aj\u00e1nlott tartalmaink\" data-ga_label=\"https:\/\/player.hu\/auto-motor-2\/voltie-elektromos-tolto\" rel=\"nofollow noopener\" target=\"_blank\"><\/p>\n<p>                    <img decoding=\"async\" src=\"https:\/\/www.europesays.com\/hu\/wp-content\/uploads\/2026\/03\/voltie-elektromos-tolto-player-1-768x461.jpg\" loading=\"lazy\" alt=\"\"\/><\/p>\n<p>Aut\u00f3-motor<\/p>\n<p>                    Mosolyogva t\u00f6lti az aut\u00f3d a magyar fejleszt\u00e9s\u0171 Voltie<\/p>\n<p>            <\/a><\/p>\n","protected":false},"excerpt":{"rendered":"Budapest \u00e9s k\u00f6rny\u00e9ke tov\u00e1bbra is a hazai logisztika megk\u00e9rd\u0151jelezhetetlen k\u00f6zpontja, hiszen az orsz\u00e1gos eloszt\u00f3h\u00e1l\u00f3zatok t\u00f6bbs\u00e9ge innen indul ki.&hellip;\n","protected":false},"author":2,"featured_media":12784,"comment_status":"","ping_status":"","sticky":false,"template":"","format":"standard","meta":{"footnotes":"","_share_on_mastodon":"0"},"categories":[22],"tags":[73,44,42,40,43,41,7867],"class_list":["post-12783","post","type-post","status-publish","format-standard","has-post-thumbnail","category-budapest","tag-budapest","tag-hu","tag-hungarian","tag-hungary","tag-magyar","tag-magyarorszag","tag-pr"],"share_on_mastodon":{"url":"","error":""},"_links":{"self":[{"href":"https:\/\/www.europesays.com\/hu\/wp-json\/wp\/v2\/posts\/12783","targetHints":{"allow":["GET"]}}],"collection":[{"href":"https:\/\/www.europesays.com\/hu\/wp-json\/wp\/v2\/posts"}],"about":[{"href":"https:\/\/www.europesays.com\/hu\/wp-json\/wp\/v2\/types\/post"}],"author":[{"embeddable":true,"href":"https:\/\/www.europesays.com\/hu\/wp-json\/wp\/v2\/users\/2"}],"replies":[{"embeddable":true,"href":"https:\/\/www.europesays.com\/hu\/wp-json\/wp\/v2\/comments?post=12783"}],"version-history":[{"count":0,"href":"https:\/\/www.europesays.com\/hu\/wp-json\/wp\/v2\/posts\/12783\/revisions"}],"wp:featuredmedia":[{"embeddable":true,"href":"https:\/\/www.europesays.com\/hu\/wp-json\/wp\/v2\/media\/12784"}],"wp:attachment":[{"href":"https:\/\/www.europesays.com\/hu\/wp-json\/wp\/v2\/media?parent=12783"}],"wp:term":[{"taxonomy":"category","embeddable":true,"href":"https:\/\/www.europesays.com\/hu\/wp-json\/wp\/v2\/categories?post=12783"},{"taxonomy":"post_tag","embeddable":true,"href":"https:\/\/www.europesays.com\/hu\/wp-json\/wp\/v2\/tags?post=12783"}],"curies":[{"name":"wp","href":"https:\/\/api.w.org\/{rel}","templated":true}]}}