{"id":128140,"date":"2026-06-07T11:21:16","date_gmt":"2026-06-07T11:21:16","guid":{"rendered":"https:\/\/www.europesays.com\/hu\/128140\/"},"modified":"2026-06-07T11:21:16","modified_gmt":"2026-06-07T11:21:16","slug":"kisse-felresikerult-ez-komor-tundermese-a-wednesday-sztarjaval","status":"publish","type":"post","link":"https:\/\/www.europesays.com\/hu\/128140\/","title":{"rendered":"Kiss\u00e9 f\u00e9lresiker\u00fclt ez komor t\u00fcnd\u00e9rmese a Wednesday szt\u00e1rj\u00e1val"},"content":{"rendered":"<p>\n                        A Death of a Unicorn egy izgalmas alap\u00f6tletet bont ki, k\u00f6zel sem olyan \u00e9rdekesen.                    <\/p>\n<p>Rengeteg tanmese sz\u00fcletett m\u00e1r arr\u00f3l, hogy az ember mik\u00e9nt zs\u00e1km\u00e1nyolja ki a k\u00f6rnyezet\u00e9t, a fikci\u00f3s m\u0171vek r\u00e1ad\u00e1sul azt is bemutatj\u00e1k, hogy aki a term\u00e9szetb\u0151l profitot akar termelni, az itt nem \u00e1ll meg: a term\u00e9szetfeletti jelens\u00e9geket is k\u00e9pes kihaszn\u00e1lni, ha anyagi haszna lehet bel\u0151le. De ahogy term\u00e9szet nem t\u0171ri a zsarnoks\u00e1got, \u00fagy a term\u00e9szetfeletti er\u0151ket sem lehet sok\u00e1ig ig\u00e1ba hajtani. A horror pedig mindig megmutatja, hogy aki a t\u00falvil\u00e1ggal h\u00faz ujjat, az v\u00e9g\u00fcl nagyon megb\u00e1nja. Ezt mes\u00e9li el \u00fajra, n\u00e9mik\u00e9pp \u00faj k\u00f6r\u00edt\u00e9ssel a Death of a Unicorn, ami nemr\u00e9g ker\u00fclt fel a SkyShowtime k\u00edn\u00e1lat\u00e1ba.<\/p>\n<p>&#13;<br \/>\n&#13;<\/p>\n<p><a href=\"https:\/\/port.hu\/adatlap\/szemely\/alex-scharfman\/person-734259\" rel=\"nofollow noopener\" target=\"_blank\">Alex Scharfman<\/a> forgat\u00f3k\u00f6nyv\u00edr\u00f3-rendez\u0151 t\u00f6rt\u00e9nete egy igyekv\u0151 ap\u00e1val, Elliottal (<a href=\"https:\/\/port.hu\/adatlap\/szemely\/paul-rudd\/person-11280\" rel=\"nofollow noopener\" target=\"_blank\">Paul Rudd<\/a>) \u00e9s elhideg\u00fclt kamaszl\u00e1ny\u00e1val, Ridleyval (<a href=\"https:\/\/port.hu\/adatlap\/szemely\/jenna-ortega\/person-587294\" rel=\"nofollow noopener\" target=\"_blank\">Jenna Ortega<\/a>, a Netflix Wednesday c\u00edm\u0171 sorozat\u00e1nak c\u00edmszerepl\u0151je) indul. \u00c9pp a Szikl\u00e1s-hegys\u00e9gbe tartanak egy hatalmas vadrezerv\u00e1tum ter\u00fclet\u00e9n fekv\u0151 birtokra, ahol apu az \u00faj \u00fcgyfeleivel t\u00e1rgyal, akik jogi tan\u00e1csosnak k\u00e9rik fel. Mivel a g\u00e9p k\u00e9sett, \u0151k is k\u00e9s\u00e9sben vannak, \u00edgy Elliott alaposan meghajtja a b\u00e9relt kocsit a vadrezerv\u00e1tumon kereszt\u00fcl, k\u00f6zben pr\u00fcszk\u00f6l az allergi\u00e1t\u00f3l, \u00f6sszebalh\u00e9zik a l\u00e1ny\u00e1val, \u00e9s folyton cs\u00f6r\u00f6g a telefonja, mert leend\u0151 munkaad\u00f3ival mindig megszakad a vonal a rossz t\u00e9rer\u0151 miatt. Sz\u00f3val ez nem \u00e9pp egy ide\u00e1lis forgalmi helyzet, el is \u00fctnek valamit, amir\u0151l m\u00e1r el\u0151re sejtik, hogy egy ritka faj lehet. Nem is ak\u00e1rmennyire ritka: egy unikornis fekszik az \u00faton, akit Elliot agyonver egy csavarkulccsal, csak, hogy ne szenvedjen, majd azon agg\u00f3dik, hogy vajon mennyit \u00e9rhet. Mivel nyilv\u00e1nval\u00f3an v\u00e9dett \u00e1llat, \u00e9s a f\u00e9rfi nem akar b\u00f6rt\u00f6nbe ker\u00fclni, bev\u00e1gja a tetemet a csomagtart\u00f3ba. \u00cdgy \u00e9rkeznek meg a k\u0151gazdag Leopolds-csal\u00e1d birtok\u00e1ra, akik a gy\u00f3gyszeriparb\u00f3l szerezt\u00e9k a vagyonukat, \u00e1m ironikus m\u00f3don a csal\u00e1df\u0151, Odell (<a href=\"https:\/\/port.hu\/adatlap\/szemely\/richard-e-grant\/person-9459\" rel=\"nofollow noopener\" target=\"_blank\">Richard E. Grant<\/a>) r\u00e1kban haldoklik. A film fekete humora enn\u00e9l nem is lehetne kegyetlenebb, m\u00e1r a mitikus l\u00e9ny agyonver\u00e9se is kifejezetten groteszk, k\u00e1r, hogy kicsit t\u00f6nkre v\u00e1gja az olcs\u00f3 CGI.<\/p>\n<p>&#13;<\/p>\n<p>&#13;<\/p>\n<p>Az elg\u00e1zolt unikornis azonban m\u00e9g nem pusztult el, \u00edgy Elliot titka hamar leleplez\u0151dik. Azonban arra is r\u00e1j\u00f6nnek, hogy az egyszarv\u00fa v\u00e9re gy\u00f3gy\u00edt\u00f3 hat\u00e1s\u00fa: Elliot kigy\u00f3gyult az allergi\u00e1b\u00f3l, s\u0151t, m\u00e9g szem\u00fcvegre sincs t\u00f6bb\u00e9 sz\u00fcks\u00e9ge, Ridley arc\u00e1r\u00f3l pedig, ahov\u00e1 az unikornis v\u00e9re fr\u00f6ccsent, elt\u0171ntek a pattan\u00e1sok. T\u00f6bb sem kell egy haldokl\u00f3, gy\u00f3gyszeripari mogulnak, m\u00e1ris kipr\u00f3b\u00e1lja mag\u00e1n az \u00e1llat v\u00e9r\u00e9t, \u00e9s amikor fel\u00e9p\u00fcl a r\u00e1kb\u00f3l, m\u00e1ris j\u00f6n a k\u00f6vetkez\u0151 \u00f6tlet: eladni az unikornis-v\u00e9rt, persze j\u00f3 dr\u00e1g\u00e1n. A Death of a Unicorn azt mutatja be, hogy a gazdagok sosem l\u00e1tnak tov\u00e1bb ann\u00e1l, minthogy mi az, ami m\u00e9g gazdagabb\u00e1 teheti \u0151ket: m\u00e9g a legnagyobb csod\u00e1t is k\u00e9pesek a legalantasabb, baz\u00e1ri szenz\u00e1ci\u00f3v\u00e1 alacsony\u00edtani, aminek egyetlen c\u00e9lja, hogy p\u00e9nzt termeljen. Err\u0151l sz\u00f3lt az 1993-as <a href=\"https:\/\/port.hu\/adatlap\/film\/tv\/jurassic-park-jurassic-park\/movie-1252\" rel=\"nofollow noopener\" target=\"_blank\">Jurassic Park<\/a> is, amelyben a DNS-b\u0151l reproduk\u00e1lt dinokat parkba z\u00e1rt\u00e1k, hogy majd mutogass\u00e1k a k\u00f6z\u00f6ns\u00e9gnek. A neves filmeszt\u00e9ta, Kir\u00e1ly Jen\u0151 \u00edgy err\u0151l az embert\u00edpusr\u00f3l Spielberg filmje kapcs\u00e1n:<\/p>\n<p>&#13;<br \/>\n\u201e\u00bbVan egy kis szigetem Costa Rica mellett\u00ab \u2013 szer\u00e9nykedik a v\u00e1llalkoz\u00f3. Feln\u0151tt egy \u00faj elit, melynek nincs sz\u00fcks\u00e9ge a hatalom megk\u00fcl\u00f6nb\u00f6ztet\u0151 gesztusaira, a luxus szimb\u00f3lumaira. Megjelen\u00e9s\u00fckben, szok\u00e1saikban olyanok, mint mi, annyi a k\u00fcl\u00f6nbs\u00e9g, hogy \u0151k nyomkodj\u00e1k a gombokat, r\u00e1ngatj\u00e1k a dr\u00f3tokat, \u00e9s m\u00e9g a sejtjeink f\u00f6l\u00f6tt is \u0151k rendelkeznek. Nem ut\u00e1nozz\u00e1k az egykori arisztokrat\u00e1kat, nem uriz\u00e1lnak, t\u00fals\u00e1gosan nagy hatalmukat \u00f3vakodnak kifejezni, tudj\u00e1k, hogy ink\u00e1bb \u00e1lc\u00e1zni kell.\u201d&#13;<\/p>\n<p>A term\u00e9szettel \u00e9s term\u00e9szetfelettivel szembeni al\u00e1zat hi\u00e1nya term\u00e9szetesen itt katasztr\u00f3f\u00e1hoz vezet.<\/p>\n<p>&#13;<br \/>\n<img decoding=\"async\" src=\"https:\/\/www.europesays.com\/hu\/wp-content\/uploads\/2026\/06\/048.webp\" alt=\"\" caption=\"true\" captiontext=\"Forr\u00e1s: A24\"\/>&#13;<br \/>\nForr\u00e1s: A24&#13;<br \/>\n&#13;<\/p>\n<p>Az unikornisok ugyanis messze nem olyan b\u00e9k\u00e9s l\u00e9nyek, mint a t\u00fcnd\u00e9rmes\u00e9kben, pl\u00e1ne, ha valaki elrabolja \u00e9s meg\u00f6li a gyerek\u00fcket: apukornis \u00e9s anyukornis meg\u00e9rkezik, \u00e9s k\u0151 k\u00f6v\u00f6n nem marad. Az film legsz\u00f3rakoztat\u00f3bb r\u00e9szei egy\u00e9rtelm\u0171en azok a pillanatok, amikor azt l\u00e1tjuk, mik\u00e9nt lakolnak meg a szerepl\u0151k gal\u00e1d tett\u00fck\u00e9rt. Meg persze <a href=\"https:\/\/port.hu\/adatlap\/szemely\/anthony-carrigan\/person-333128\" rel=\"nofollow noopener\" target=\"_blank\">Anthony Carrigan<\/a> j\u00e1t\u00e9ka \u2013 elk\u00e9peszt\u0151 bele\u00e9l\u00e9ssel alak\u00edtja az unott szolg\u00e1t, akinek m\u00e1r mindenb\u0151l elege van: testtart\u00e1sa, grimaszai, besz\u00f3l\u00e1sai a film leg\u00e9rt\u00e9kesebb pillanatai. A t\u00f6rt\u00e9net am\u00fagy pap\u00edrv\u00e9kony, k\u00f6zel k\u00e9t \u00f3ra kor\u00e1nt sincs benne, de a remek szerepl\u0151g\u00e1rda elviszi a h\u00e1t\u00e1n: Paul Rudd \u00e9s Jenna Ortega k\u00f6zt m\u0171k\u00f6dik a a k\u00e9mia, az any\u00e1t alak\u00edt\u00f3 <a href=\"https:\/\/port.hu\/adatlap\/szemely\/tea-leoni\/person-11449\" rel=\"nofollow noopener\" target=\"_blank\">T\u00e9a Leoni<\/a> remek komika, <a href=\"https:\/\/port.hu\/adatlap\/szemely\/will-poulter\/person-288765\" rel=\"nofollow noopener\" target=\"_blank\">Will Poulter<\/a> pedig \u00e9rz\u00e9kletes karikat\u00far\u00e1ja az elk\u00e9nyeztetett \u00fajgazdag fi\u00fanak. M\u00e9gis, az eg\u00e9sz valahogy m\u00e9gsem \u00e1ll \u00f6ssze.<\/p>\n<p>&#13;<br \/>\n<img decoding=\"async\" src=\"https:\/\/www.europesays.com\/hu\/wp-content\/uploads\/2026\/06\/054.webp\" alt=\"\" caption=\"true\" captiontext=\"Forr\u00e1s: A24\"\/>&#13;<br \/>\nForr\u00e1s: A24&#13;<br \/>\n&#13;<\/p>\n<p>A Death of a Unicorn legnagyobb hib\u00e1ja a sil\u00e1ny CGI mellett, hogy egym\u00e1st\u00f3l t\u00fal\u00a0t\u00e1voli \u00e9rzelmeket akar megpend\u00edteni, el\u00e9g \u00fcgyetlen\u00fcl. Egyszerre akar sz\u00f3lni a gy\u00e1szr\u00f3l, \u00e9s elv\u00e1rja, hogy meghat\u00f3djunk, mik\u00f6zben a fekete kom\u00e9dia \u00e9s a horror leggal\u00e1dabb eszk\u00f6zeivel is dolgozik. Lehet ezt j\u00f3l vegy\u00edteni, de az nagyon ritka, \u00e9s nem ebben a filmben t\u00f6rt\u00e9nik. Amilyen b\u00e1tran indul a Death of a Unicorn, v\u00e9g\u00fcl olyan \u00e9rzelg\u0151s maszlagba megy \u00e1t, amivel csup\u00e1n annyi a baj, hogy ez m\u00e1r nem az a film, amit az elej\u00e9n be\u00edg\u00e9rtek nek\u00fcnk.<\/p>\n<p>&#13;<\/p>\n<p>A Death of a Unicorn megtekinthet\u0151 a SkyShowtime k\u00edn\u00e1lat\u00e1ban.<\/p>\n<p>&#13;<\/p>\n<p><a href=\"https:\/\/port.hu\/cikk\/mozi\/6-zsenialis-fantasy-amirol-nem-beszelunk-eleget\/article-125564\" rel=\"nofollow noopener\" target=\"_blank\"><img decoding=\"async\" src=\"https:\/\/www.europesays.com\/hu\/wp-content\/uploads\/2026\/06\/714.webp\" width=\"300\"\/><\/a><a href=\"https:\/\/port.hu\/cikk\/mozi\/6-zsenialis-fantasy-amirol-nem-beszelunk-eleget\/article-125564\" rel=\"nofollow noopener\" target=\"_blank\">6 zseni\u00e1lis fantasy, amir\u0151l nem besz\u00e9l\u00fcnk eleget<\/a><\/p>\n<p>K\u00f6nnyen megfeledkez\u00fcnk ezekr\u0151l az alkot\u00e1sokr\u00f3l, b\u00e1r meg\u00e9rdemeln\u00e9k a figyelm\u00fcnket.<\/p>\n<p><a class=\"article-btn\" href=\"https:\/\/port.hu\/cikk\/mozi\/6-zsenialis-fantasy-amirol-nem-beszelunk-eleget\/article-125564\" rel=\"nofollow noopener\" target=\"_blank\">L\u00e1ssuk!<\/a><\/p>\n<p>&#13;<\/p>\n<p>\u00a0<\/p>\n<p>                <a href=\"https:\/\/google.com\/preferences\/source?q=https:\/\/port.hu\" target=\"_blank\" class=\"google-pref-banner\" id=\"googlePrefBanner\" rel=\"nofollow noopener\"><br \/>\n                    <img loading=\"lazy\" decoding=\"async\" src=\"https:\/\/port.hu\/img\/svg\/google-logo.svg\" width=\"52\" height=\"52\"\/><br \/>\n                    Itt \u00e1ll\u00edtsa be, hogy a Port az els\u0151k k\u00f6z\u00f6tt legyen a Google-tal\u00e1latokban!<\/p>\n<p>                <\/a><\/p>\n","protected":false},"excerpt":{"rendered":"A Death of a Unicorn egy izgalmas alap\u00f6tletet bont ki, k\u00f6zel sem olyan \u00e9rdekesen. Rengeteg tanmese sz\u00fcletett m\u00e1r&hellip;\n","protected":false},"author":2,"featured_media":128141,"comment_status":"","ping_status":"","sticky":false,"template":"","format":"standard","meta":{"footnotes":"","_share_on_mastodon":"0"},"categories":[21],"tags":[40512,40514,198,40511,137,199,44,42,40,4077,18634,40513,438,43,41,23709,1170,3749,878,138,40515,37816],"class_list":["post-128140","post","type-post","status-publish","format-standard","has-post-thumbnail","category-hiressegek","tag-alex-scharfman","tag-anthony-carrigan","tag-celebrities","tag-death-of-a-unicorn","tag-entertainment","tag-hiressegek","tag-hu","tag-hungarian","tag-hungary","tag-jenna-ortega","tag-jurassic-park","tag-kiraly-jeno","tag-kritika","tag-magyar","tag-magyarorszag","tag-paul-rudd","tag-richard-e-grant","tag-skyshowtime","tag-stream","tag-szorakozas","tag-tea-leoni","tag-will-poulter"],"share_on_mastodon":{"url":"https:\/\/pubeurope.com\/@hu\/116708565935112565","error":""},"_links":{"self":[{"href":"https:\/\/www.europesays.com\/hu\/wp-json\/wp\/v2\/posts\/128140","targetHints":{"allow":["GET"]}}],"collection":[{"href":"https:\/\/www.europesays.com\/hu\/wp-json\/wp\/v2\/posts"}],"about":[{"href":"https:\/\/www.europesays.com\/hu\/wp-json\/wp\/v2\/types\/post"}],"author":[{"embeddable":true,"href":"https:\/\/www.europesays.com\/hu\/wp-json\/wp\/v2\/users\/2"}],"replies":[{"embeddable":true,"href":"https:\/\/www.europesays.com\/hu\/wp-json\/wp\/v2\/comments?post=128140"}],"version-history":[{"count":0,"href":"https:\/\/www.europesays.com\/hu\/wp-json\/wp\/v2\/posts\/128140\/revisions"}],"wp:featuredmedia":[{"embeddable":true,"href":"https:\/\/www.europesays.com\/hu\/wp-json\/wp\/v2\/media\/128141"}],"wp:attachment":[{"href":"https:\/\/www.europesays.com\/hu\/wp-json\/wp\/v2\/media?parent=128140"}],"wp:term":[{"taxonomy":"category","embeddable":true,"href":"https:\/\/www.europesays.com\/hu\/wp-json\/wp\/v2\/categories?post=128140"},{"taxonomy":"post_tag","embeddable":true,"href":"https:\/\/www.europesays.com\/hu\/wp-json\/wp\/v2\/tags?post=128140"}],"curies":[{"name":"wp","href":"https:\/\/api.w.org\/{rel}","templated":true}]}}