{"id":128276,"date":"2026-06-07T13:55:11","date_gmt":"2026-06-07T13:55:11","guid":{"rendered":"https:\/\/www.europesays.com\/hu\/128276\/"},"modified":"2026-06-07T13:55:11","modified_gmt":"2026-06-07T13:55:11","slug":"kulonleges-repulo-landolt-szombaton-budapesten","status":"publish","type":"post","link":"https:\/\/www.europesays.com\/hu\/128276\/","title":{"rendered":"K\u00fcl\u00f6nleges rep\u00fcl\u0151 landolt szombaton Budapesten"},"content":{"rendered":"<p>Szombaton egy eg\u00e9sz k\u00fcl\u00f6nleges rep\u00fcl\u0151g\u00e9p, egy An\u2013124 Ruszlan landolt Budapesten \u2013 <a target=\"_blank\" rel=\"nofollow noopener\" href=\"https:\/\/hvg.hu\/tudomany\/20260606_budapesten-szallt-le-egy-an-124-es-a-vilag-legnagyobb-szallitogepe\">sz\u00farta ki<\/a> a HVG. K\u00fcl\u00f6nleges, hiszen az An\u2013124 Ruszlan a vil\u00e1g legnagyobb, jelenleg is akt\u00edv, sorozatban gy\u00e1rtott katonai \u00e9s civil tehersz\u00e1ll\u00edt\u00f3 rep\u00fcl\u0151g\u00e9pe.<\/p>\n<p>A HVG cikke szerint a rep\u00fcl\u0151 az Antonov rep\u00fcl\u0151g\u00e9pgy\u00e1r flott\u00e1j\u00e1hoz tartozik, Lipcs\u00e9b\u0151l \u00e9rkezett Budapestre, ugyanakkor a 150 tonna teher sz\u00e1ll\u00edt\u00e1s\u00e1ra k\u00e9pes g\u00e9p rakom\u00e1ny\u00e1r\u00f3l nincsenek inform\u00e1ci\u00f3k.<\/p>\n<p>A n\u00e9gy hajt\u00f3m\u0171ves Ruszlan annak a Mrija nev\u0171, Antonov An\u2013225 t\u00edpus\u00fa rep\u00fcl\u0151g\u00e9pnek a \u201ekistestv\u00e9re\u201d, amit az oroszok 2022 febru\u00e1rj\u00e1ban <a target=\"_blank\" href=\"https:\/\/24.hu\/kulfold\/2022\/02\/27\/az-oroszok-megsemmisitettek-a-vilag-legnagyobb-repulojet\/\" rel=\"nofollow noopener\">puszt\u00edtottak el<\/a> egy Ukrajna ellen ind\u00edtott t\u00e1mad\u00e1s sor\u00e1n. A g\u00e9p m\u00e9g a szovjet id\u0151kben k\u00e9sz\u00fclt, \u00e9s 1988-ban sz\u00e1llt fel el\u0151sz\u00f6r. Eredetileg az \u0171rprogramban vett r\u00e9szt, majd kereskedelmi tehersz\u00e1ll\u00edt\u00f3 lett, az ut\u00f3bbi id\u0151kben viszont m\u00e1r csak ritk\u00e1n sz\u00e1llt fel a hatalmas g\u00e9p.<\/p>\n","protected":false},"excerpt":{"rendered":"Szombaton egy eg\u00e9sz k\u00fcl\u00f6nleges rep\u00fcl\u0151g\u00e9p, egy An\u2013124 Ruszlan landolt Budapesten \u2013 sz\u00farta ki a HVG. K\u00fcl\u00f6nleges, hiszen az&hellip;\n","protected":false},"author":2,"featured_media":128277,"comment_status":"","ping_status":"","sticky":false,"template":"","format":"standard","meta":{"footnotes":"","_share_on_mastodon":"0"},"categories":[22],"tags":[40544,73,44,42,40,43,41,2436],"class_list":["post-128276","post","type-post","status-publish","format-standard","has-post-thumbnail","category-budapest","tag-an-124","tag-budapest","tag-hu","tag-hungarian","tag-hungary","tag-magyar","tag-magyarorszag","tag-repulogep"],"share_on_mastodon":{"url":"https:\/\/pubeurope.com\/@hu\/116709171246625393","error":""},"_links":{"self":[{"href":"https:\/\/www.europesays.com\/hu\/wp-json\/wp\/v2\/posts\/128276","targetHints":{"allow":["GET"]}}],"collection":[{"href":"https:\/\/www.europesays.com\/hu\/wp-json\/wp\/v2\/posts"}],"about":[{"href":"https:\/\/www.europesays.com\/hu\/wp-json\/wp\/v2\/types\/post"}],"author":[{"embeddable":true,"href":"https:\/\/www.europesays.com\/hu\/wp-json\/wp\/v2\/users\/2"}],"replies":[{"embeddable":true,"href":"https:\/\/www.europesays.com\/hu\/wp-json\/wp\/v2\/comments?post=128276"}],"version-history":[{"count":0,"href":"https:\/\/www.europesays.com\/hu\/wp-json\/wp\/v2\/posts\/128276\/revisions"}],"wp:featuredmedia":[{"embeddable":true,"href":"https:\/\/www.europesays.com\/hu\/wp-json\/wp\/v2\/media\/128277"}],"wp:attachment":[{"href":"https:\/\/www.europesays.com\/hu\/wp-json\/wp\/v2\/media?parent=128276"}],"wp:term":[{"taxonomy":"category","embeddable":true,"href":"https:\/\/www.europesays.com\/hu\/wp-json\/wp\/v2\/categories?post=128276"},{"taxonomy":"post_tag","embeddable":true,"href":"https:\/\/www.europesays.com\/hu\/wp-json\/wp\/v2\/tags?post=128276"}],"curies":[{"name":"wp","href":"https:\/\/api.w.org\/{rel}","templated":true}]}}