{"id":128515,"date":"2026-06-07T18:05:08","date_gmt":"2026-06-07T18:05:08","guid":{"rendered":"https:\/\/www.europesays.com\/hu\/128515\/"},"modified":"2026-06-07T18:05:08","modified_gmt":"2026-06-07T18:05:08","slug":"index-belfold-jambor-andras-vedelmebe-vette-juhasz-hajnalkat-miutan-bruti-a-kulsejen-gunyolodott","status":"publish","type":"post","link":"https:\/\/www.europesays.com\/hu\/128515\/","title":{"rendered":"Index &#8211; Belf\u00f6ld &#8211; J\u00e1mbor Andr\u00e1s v\u00e9delm\u00e9be vette Juh\u00e1sz Hajnalk\u00e1t, miut\u00e1n Bruti a k\u00fclsej\u00e9n g\u00fanyol\u00f3dott"},"content":{"rendered":"<p>\u201eNem Juh\u00e1sz Hajnalk\u00e1t akarom v\u00e9deni, hanem saj\u00e1t magunkat. Nem az \u00e9rdekel, hogy n\u00e9z ki a KDNP k\u00e9pvisel\u0151je, hanem az \u00e9rdekel, mit csin\u00e1lt, \u00e9s mit csin\u00e1l. Ezzel pedig b\u0151ven lehet vitatkozni\u201d \u2013 fogalmazott <a href=\"https:\/\/www.facebook.com\/photo\/?fbid=1578229487201506&amp;set=a.492435232447609\" id=\"hyperlink_35a01ad573ba4e0f06c81b90a83fe98f\" rel=\"nofollow noopener\" target=\"_blank\">posztj\u00e1ban<\/a> J\u00e1mbor Andr\u00e1s, reag\u00e1lva Bruti szombaton k\u00f6zz\u00e9tett \u00edr\u00e1s\u00e1ra, amelyben\u00a0<a href=\"https:\/\/index.hu\/belfold\/2026\/06\/06\/juhasz-hajnalka-bruti-kdnp-csunya-oreg-jezus-reakcio-humorista-toth-imre\/\" id=\"hyperlink_89e05ed0ec35eaa86373fe831fb1fb6b\" target=\"_blank\" title=\"Bruti a KDNP-s Juh\u00e1sz Hajnalka k\u00fclsej\u00e9n \u00e9lcel\u0151d\u00f6tt, gyorsan meg\u00e9rkezett a v\u00e1lasz\" rel=\"nofollow noopener\">Juh\u00e1sz Hajnalka kin\u00e9zet\u00e9n g\u00fanyol\u00f3dott<\/a> a humorista.<\/p>\n<p>\u201eAz el\u0151z\u0151 rendszerben sz\u00e1mtalan sz\u00f6veget kellett \u00edrnom az akkori ellenz\u00e9ki n\u0151i politikusok sz\u00e9gyen\u00edt\u00e9se miatt. V\u00e1llalhatatlan st\u00edlusban, az emberi m\u00e9lt\u00f3s\u00e1gukat gyal\u00e1zva besz\u00e9ltek fideszesek n\u0151i ellenz\u00e9ki k\u00e9pvisel\u0151kr\u0151l: Szab\u00f3 T\u00edme\u00e1t\u00f3l Sz\u00e9l Bernadettig. A mostani kamp\u00e1nyban azt is el\u00e9rtem, hogy p\u00e9ld\u00e1ul B\u00f3dis Kriszt\u00e1r\u00f3l k\u00e9sz\u00fclt sz\u00e9gyen\u00edt\u0151 AI-k\u00e9peket leszedje a helyi Fidesz, s\u0151t Ferencz Orsolya bocs\u00e1natot is k\u00e9rt, ami\u00e9rt ezt csin\u00e1lt\u00e1k a kamp\u00e1nyban\u201d \u2013 eml\u00e9keztetett kor\u00e1bbi int\u00e9zked\u00e9seire a M\u00e9rce alap\u00edt\u00f3 \u00fajs\u00e1g\u00edr\u00f3ja, aki lesz\u00f6gezte:<\/p>\n<p>Juh\u00e1sz Hajnalka politikai n\u00e9zeteivel ezer gondom van, err\u0151l pont egy hete is \u00edrtam. De t\u0151lem azt csin\u00e1l a test\u00e9vel, amit akar, \u00e9s egy percig sem \u00e9rdekel, hogyan n\u00e9z ki. Az \u00e9rdekel, hogy kiszolg\u00e1lt egy b\u0171n\u00f6s rendszert.\u00a0\u00c9s nektek is azt aj\u00e1nlom, hogy ez \u00e9rdekeljen. Semmilyen \u00f6sszef\u00fcgg\u00e9s nincs a Fidesz \u00e9s a KDNP ideol\u00f3gi\u00e1ja \u00e9s egy n\u0151 kin\u00e9zete k\u00f6z\u00f6tt.<\/p>\n<p>                        Nem szabadna, hogy a k\u00fcls\u0151 sz\u00e1m\u00edtson<\/p>\n<p>\u201eA n\u0151i k\u00f6zszerepl\u0151k k\u00fclsej\u00e9vel val\u00f3 foglalkoz\u00e1s\u00a0\u2013 m\u00e9g akkor is, ha valaki ideol\u00f3giai ellent\u00e9tet v\u00e9l felfedezni, mint Bruti\u00a0\u2013 azt a k\u00e9pet er\u0151s\u00edti, hogy f\u00e9rfiak, s\u0151t a t\u00e1rsadalom megmondhatja, hogyan n\u00e9zzen ki valaki, mit kezdjen a test\u00e9vel. Ez a folyamat a gondolati szabads\u00e1g \u00e9s a testi \u00f6nrendelkez\u00e9s ellen hat\u201d \u2013 fogalmazott J\u00e1mbor, kiemelve, hogy \u201eez nem a politikai vit\u00e1k j\u00f3 ir\u00e1nya\u201d.<\/p>\n<p>A legk\u00f6nnyebb leural\u00e1s, ha valakinek a gondolataira nem gondolattal, hanem a k\u00fclsej\u00e9vel v\u00e1laszolunk. \u00c9s ezzel val\u00f3j\u00e1ban a saj\u00e1t \u00e9rveinket is le\u00e9rt\u00e9kelj\u00fck<\/p>\n<p>\u2013 \u00e9rvelt az \u00fajs\u00e1g\u00edr\u00f3, aki arra is felh\u00edvta a figyelmet, hogy\u00a0Juh\u00e1sz Hajnalka k\u00fclsej\u00e9vel foglalkozni \u201eszimpla gy\u0171l\u00f6letkelt\u00e9s\u201d.<\/p>\n<p>Ezzel szemben az m\u00e1r politiz\u00e1l\u00e1s, ha \u201eJuh\u00e1sz Hajnalka hazugs\u00e1gaival foglalkozunk, \u00e9s azzal, miben vett r\u00e9szt k\u00e9pvisel\u0151k\u00e9nt az elm\u00falt \u00e9vtizedben, hogy kritika n\u00e9lk\u00fcl kiszolg\u00e1lta az emberek \u00e9let\u00e9t t\u00f6nkretev\u0151 Orb\u00e1n-rendszert\u201d \u2013 \u00edrta J\u00e1mbor Andr\u00e1s.<\/p>\n<p>Politiz\u00e1ljunk, \u00e9rvelj\u00fcnk. F\u0151leg, mert igazunk van. Hiszen ez\u00e9rt v\u00e1ltottuk le az Orb\u00e1n-rendszert, hogy ez a szabads\u00e1g, az \u00e9rvek menti kritika szabads\u00e1ga v\u00e9gre megval\u00f3sulhasson. \u00c9s az egyp\u00e1rti leural\u00f3 gondolkod\u00e1ssal szemben az \u00e9rvek vit\u00e1i ment\u00e9n el\u0151re mehessen v\u00e9gre Magyarorsz\u00e1g!<\/p>\n<p>\u2013 z\u00e1rta bejegyz\u00e9s\u00e9t a volt k\u00e9pvisel\u0151.<\/p>\n<p>\n                          (Bor\u00edt\u00f3k\u00e9p:\u00a0Dr. Juh\u00e1sz Hajnalka 2024. m\u00e1rcius 27-\u00e9n. Fot\u00f3:\u00a0Szoll\u00e1r Zs\u00f3fi \/ Index)\n                        <\/p>\n<p><a href=\"https:\/\/dex.hu\/x.php?id=googlepref_desktop&amp;url=https:\/\/google.com\/preferences\/source?q=https:\/\/index.hu\" class=\"google-pref-banner \" id=\"googlePrefBanner\" rel=\"nofollow noopener\" target=\"_blank\"><\/p>\n<p>    Itt \u00e1ll\u00edtsa be, hogy az Index az els\u0151k k\u00f6z\u00f6tt legyen a Google-tal\u00e1latokban!<\/p>\n<p><\/a><\/p>\n<p>    <img decoding=\"async\" src=\"https:\/\/index.hu\/assets\/images\/social-follow\/logo-big.svg\" alt=\"Index.hu logo\"\/><\/p>\n<p>K\u00f6vesse az Indexet Facebookon is!<\/p>\n<p>    <a href=\"https:\/\/facebook.com\/Indexhu\" target=\"_blank\" rel=\"nofollow noopener\"><\/p>\n<p>        K\u00f6vetem!<br \/>\n    <\/a><\/p>\n","protected":false},"excerpt":{"rendered":"\u201eNem Juh\u00e1sz Hajnalk\u00e1t akarom v\u00e9deni, hanem saj\u00e1t magunkat. Nem az \u00e9rdekel, hogy n\u00e9z ki a KDNP k\u00e9pvisel\u0151je, hanem&hellip;\n","protected":false},"author":2,"featured_media":128516,"comment_status":"","ping_status":"","sticky":false,"template":"","format":"standard","meta":{"footnotes":"","_share_on_mastodon":"0"},"categories":[6],"tags":[80,3122,44,42,40,4674,37422,4434,43,41],"class_list":["post-128515","post","type-post","status-publish","format-standard","has-post-thumbnail","category-magyarorszag","tag-belfold","tag-bruti","tag-hu","tag-hungarian","tag-hungary","tag-jambor-andras","tag-juhasz-hajnalka","tag-kdnp","tag-magyar","tag-magyarorszag"],"share_on_mastodon":{"url":"https:\/\/pubeurope.com\/@hu\/116710154300772617","error":""},"_links":{"self":[{"href":"https:\/\/www.europesays.com\/hu\/wp-json\/wp\/v2\/posts\/128515","targetHints":{"allow":["GET"]}}],"collection":[{"href":"https:\/\/www.europesays.com\/hu\/wp-json\/wp\/v2\/posts"}],"about":[{"href":"https:\/\/www.europesays.com\/hu\/wp-json\/wp\/v2\/types\/post"}],"author":[{"embeddable":true,"href":"https:\/\/www.europesays.com\/hu\/wp-json\/wp\/v2\/users\/2"}],"replies":[{"embeddable":true,"href":"https:\/\/www.europesays.com\/hu\/wp-json\/wp\/v2\/comments?post=128515"}],"version-history":[{"count":0,"href":"https:\/\/www.europesays.com\/hu\/wp-json\/wp\/v2\/posts\/128515\/revisions"}],"wp:featuredmedia":[{"embeddable":true,"href":"https:\/\/www.europesays.com\/hu\/wp-json\/wp\/v2\/media\/128516"}],"wp:attachment":[{"href":"https:\/\/www.europesays.com\/hu\/wp-json\/wp\/v2\/media?parent=128515"}],"wp:term":[{"taxonomy":"category","embeddable":true,"href":"https:\/\/www.europesays.com\/hu\/wp-json\/wp\/v2\/categories?post=128515"},{"taxonomy":"post_tag","embeddable":true,"href":"https:\/\/www.europesays.com\/hu\/wp-json\/wp\/v2\/tags?post=128515"}],"curies":[{"name":"wp","href":"https:\/\/api.w.org\/{rel}","templated":true}]}}