{"id":128667,"date":"2026-06-07T21:07:09","date_gmt":"2026-06-07T21:07:09","guid":{"rendered":"https:\/\/www.europesays.com\/hu\/128667\/"},"modified":"2026-06-07T21:07:09","modified_gmt":"2026-06-07T21:07:09","slug":"budapesten-landolt-az-ukranok-oriasgepe","status":"publish","type":"post","link":"https:\/\/www.europesays.com\/hu\/128667\/","title":{"rendered":"Budapesten landolt az ukr\u00e1nok \u00f3ri\u00e1sg\u00e9pe"},"content":{"rendered":"<p>Budapesten landolt a vil\u00e1g egyik legnagyobb tehersz\u00e1ll\u00edt\u00f3 rep\u00fcl\u0151g\u00e9pe \u2013 \u00edrta k\u00f6z\u00f6ss\u00e9gi oldal\u00e1n az AIRportal.hu.<\/p>\n<p>Az An\u2013124-esek megjelen\u00e9se ritkas\u00e1gnak sz\u00e1m\u00edt az eur\u00f3pai l\u00e9gikik\u00f6t\u0151kben, mivel a t\u00edpust kifejezetten t\u00falm\u00e9retes, nagy t\u00f6meg\u0171 vagy speci\u00e1lis ipari \u00e9s katonai sz\u00e1ll\u00edtm\u00e1nyok mozgat\u00e1s\u00e1ra alkalmazz\u00e1k.<\/p>\n<p>Az Antonov tervez\u0151iroda \u00e1ltal fejlesztett, 1982-ben felsz\u00e1llt t\u00edpus ak\u00e1r 150 tonna hasznos teher sz\u00e1ll\u00edt\u00e1s\u00e1ra is k\u00e9pes (p\u00e9ld\u00e1ul komplett j\u00e1rm\u0171vek, mozdonyok, ipari berendez\u00e9sek).<\/p>\n<p>K\u00e9tir\u00e1ny\u00fa rakod\u00e1si lehet\u0151s\u00e9ggel rendelkezik; a ki- \u00e9s bepakol\u00e1st felnyithat\u00f3 orr-r\u00e9sz, valamint h\u00e1ts\u00f3 r\u00e1mpa biztos\u00edtja.<\/p>\n<p>A 24 kerek\u0171 fut\u00f3m\u0171rendszer kialak\u00edt\u00e1sa lehet\u0151v\u00e9 teszi a biztons\u00e1gos \u00fczemeltet\u00e9st a gyeng\u00e9bb min\u0151s\u00e9g\u0171 kifut\u00f3p\u00e1ly\u00e1kon is.<\/p>\n<p>A rep\u00fcl\u0151g\u00e9pcsal\u00e1db\u00f3l a valaha \u00e9p\u00edtett legnagyobb, An\u2013225 Mrija nev\u0171 p\u00e9ld\u00e1ny 2022-ben a hosztomeli rep\u00fcl\u0151t\u00e9ren megsemmis\u00fclt, \u00edgy a nemzetk\u00f6zi neh\u00e9z l\u00e9gi sz\u00e1ll\u00edt\u00e1sban jelenleg a Ruszlan modellek l\u00e1tj\u00e1k el a kulcsfontoss\u00e1g\u00fa polg\u00e1ri \u00e9s logisztikai cargo feladatokat \u2013 eml\u00e9keztet a<\/p>\n<p>C\u00edmlapfot\u00f3nkon az An-225 l\u00e1that\u00f3.<\/p>\n","protected":false},"excerpt":{"rendered":"Budapesten landolt a vil\u00e1g egyik legnagyobb tehersz\u00e1ll\u00edt\u00f3 rep\u00fcl\u0151g\u00e9pe \u2013 \u00edrta k\u00f6z\u00f6ss\u00e9gi oldal\u00e1n az AIRportal.hu. Az An\u2013124-esek megjelen\u00e9se ritkas\u00e1gnak&hellip;\n","protected":false},"author":2,"featured_media":128668,"comment_status":"","ping_status":"","sticky":false,"template":"","format":"standard","meta":{"footnotes":"","_share_on_mastodon":"0"},"categories":[6],"tags":[40544,2508,44,42,40,43,41,58],"class_list":["post-128667","post","type-post","status-publish","format-standard","has-post-thumbnail","category-magyarorszag","tag-an-124","tag-ferihegyi-repuloter","tag-hu","tag-hungarian","tag-hungary","tag-magyar","tag-magyarorszag","tag-ukrajna"],"share_on_mastodon":{"url":"https:\/\/pubeurope.com\/@hu\/116710870118745954","error":""},"_links":{"self":[{"href":"https:\/\/www.europesays.com\/hu\/wp-json\/wp\/v2\/posts\/128667","targetHints":{"allow":["GET"]}}],"collection":[{"href":"https:\/\/www.europesays.com\/hu\/wp-json\/wp\/v2\/posts"}],"about":[{"href":"https:\/\/www.europesays.com\/hu\/wp-json\/wp\/v2\/types\/post"}],"author":[{"embeddable":true,"href":"https:\/\/www.europesays.com\/hu\/wp-json\/wp\/v2\/users\/2"}],"replies":[{"embeddable":true,"href":"https:\/\/www.europesays.com\/hu\/wp-json\/wp\/v2\/comments?post=128667"}],"version-history":[{"count":0,"href":"https:\/\/www.europesays.com\/hu\/wp-json\/wp\/v2\/posts\/128667\/revisions"}],"wp:featuredmedia":[{"embeddable":true,"href":"https:\/\/www.europesays.com\/hu\/wp-json\/wp\/v2\/media\/128668"}],"wp:attachment":[{"href":"https:\/\/www.europesays.com\/hu\/wp-json\/wp\/v2\/media?parent=128667"}],"wp:term":[{"taxonomy":"category","embeddable":true,"href":"https:\/\/www.europesays.com\/hu\/wp-json\/wp\/v2\/categories?post=128667"},{"taxonomy":"post_tag","embeddable":true,"href":"https:\/\/www.europesays.com\/hu\/wp-json\/wp\/v2\/tags?post=128667"}],"curies":[{"name":"wp","href":"https:\/\/api.w.org\/{rel}","templated":true}]}}