{"id":129074,"date":"2026-06-08T08:38:12","date_gmt":"2026-06-08T08:38:12","guid":{"rendered":"https:\/\/www.europesays.com\/hu\/129074\/"},"modified":"2026-06-08T08:38:12","modified_gmt":"2026-06-08T08:38:12","slug":"kovi-ebben-a-szereny-lakasban-el-a-viii-keruletben-pedig-luxusban-is-lakhatna-hazai-sztar","status":"publish","type":"post","link":"https:\/\/www.europesays.com\/hu\/129074\/","title":{"rendered":"Kovi ebben a szer\u00e9ny lak\u00e1sban \u00e9l a VIII. ker\u00fcletben: pedig luxusban is lakhatna &#8211; Hazai szt\u00e1r"},"content":{"rendered":"<p>Kovi semmilyen luxusvill\u00e1ra vagy kacsal\u00e1bon forg\u00f3 palot\u00e1ra sem cser\u00e9ln\u00e9 el nyolcadik ker\u00fcleti lak\u00e1s\u00e1t.<\/p>\n<p>                        Kovi otthona<\/p>\n<p>M\u00e1jus 28-\u00e1n deb\u00fct\u00e1lt az RTL+-on a Birodalom c\u00edm\u0171 sorozat, mely haz\u00e1nk legh\u00edresebb feln\u0151ttfilm rendez\u0151j\u00e9nek, Kovinak a \u00e9let\u00e9t dolgozza fel. Ugyan a forgat\u00e1sok alatt is beengedte a st\u00e1bot az otthon\u00e1ba, most a Story magazinnak k\u00fcl\u00f6n megmutatta otthon\u00e1t, ahol szeretett feles\u00e9g\u00e9vel \u00e9lnek.<\/p>\n<p>&#8211; M\u00e1r 7-8 \u00e9ves koromban ebben a lak\u00e1sban \u00e9ltem \u00e9desany\u00e1m\u00e9kkal, \u00e9s annak is t\u00f6bb mint 40 esztendeje, hogy Magdik\u00e1mmal viszszak\u00f6lt\u00f6ztem ide. \u00c9n mindig is a ny\u00f3ckerben laktam, a sz\u00edvemnek kedves ez a hely &#8211; mes\u00e9lte a rendez\u0151.<\/p>\n<p>\n                          <a href=\"https:\/\/story.hu\/napi-friss\/2026\/06\/08\/kovi-otthona\/j5f0qw9\" id=\"hyperlink_2c5d867e02837d8844a733c2998ea599\" rel=\"nofollow noopener\" target=\"_blank\">Kovi otthon\u00e1r\u00f3l ide kattintva tal\u00e1lsz fot\u00f3t!<\/a>\n                        <\/p>\n<p>Kovi hozz\u00e1tette, a forgat\u00e1sok miatt hatalmas, kacsal\u00e1bon forg\u00f3 luxusvill\u00e1kban is megfordult, \u00e1m egyikre sem cser\u00e9ln\u00e9 le a n\u00e9gy m\u00e9teres belmagass\u00e1ggal rendelkez\u0151, polg\u00e1ri lak\u00e1s\u00e1t.\u00a0<a href=\"https:\/\/story.hu\/napi-friss\/2026\/06\/08\/kovi-otthona\/j5f0qw9\" id=\"hyperlink_2c5d867e02837d8844a733c2998ea599\" rel=\"nofollow noopener\" target=\"_blank\"><\/p>\n<p>Kider\u00fclt, szereti, hogy maga a lak\u00e1s csendes, megvan a priv\u00e1t szf\u00e9r\u00e1ja, m\u00e9gis k\u00f6zel van a k\u00f6r\u00fat \u00e9s a belv\u00e1ros \u00e9s ha el kell ugrani valami\u00e9rt a boltba, gyalogt\u00e1vra van minden.\u00a0<\/p>\n<p>                                    <a href=\"https:\/\/femina.hu\/hazai_sztar\/kovi-felesege-2026\/\" title=\"\" rel=\"nofollow noopener\" target=\"_blank\"><br \/>\n                                    <img decoding=\"async\" src=\"https:\/\/www.europesays.com\/hu\/wp-content\/uploads\/2026\/06\/67720291_4999991_f5ff89210a5941a9dc4f6ed2393fa1c5_wm.jpg\" alt=\"\" title=\"\"\/><br \/>\n                                <\/a><\/p>\n<p>                                \u0150 a feln\u0151ttfilmes Kovi b\u00e1jos feles\u00e9ge m\u00e1r 46 \u00e9ve: Magdival ez\u00e9rt nem sz\u00fcletett gyerek\u00fck<\/p>\n<p class=\"lead\">Kovi k\u00f6zel 50 \u00e9ve rajong a feles\u00e9g\u00e9\u00e9rt, Magdi\u00e9rt, akivel egy\u00fctt n\u00e9zt\u00e9k meg A Birodalom sorozatot a premieren.<\/p>\n<p>                                <a href=\"https:\/\/femina.hu\/hazai_sztar\/kovi-felesege-2026\/\" class=\"btn btn-normal\" rel=\"nofollow noopener\" target=\"_blank\">Elolvasom<\/a><\/p>\n<p>\n                          Cover-fot\u00f3: Index\/Kasz\u00e1s Tam\u00e1s\n                        <\/p>\n<p>                                    <img loading=\"lazy\" decoding=\"async\" src=\"https:\/\/www.europesays.com\/hu\/wp-content\/uploads\/2026\/06\/1780907892_682_69438631_1f27342f2cf6a098516eb11de6d71ad5_wm.jpg\" width=\"198\" height=\"256\" alt=\"\"\/><br \/>\n                            \t    \tAz illatok ter\u00e1pi\u00e1s ereje<\/p>\n<p>M\u00e1r <a href=\"https:\/\/www.indapresskiado.hu\/products\/a-lathatatlan-gyogyito\" rel=\"noopener nofollow noreferrer\" target=\"_blank\">el\u0151rendelhet\u0151<\/a> a Femina els\u0151 k\u00f6nyve:\u00a0<\/p>\n<p>A l\u00e1thatatlan gy\u00f3gy\u00edt\u00f3<\/p>\n<p>Moln\u00e1r \u00c9va k\u00f6tete egy k\u00fcl\u00f6nleges utaz\u00e1sra h\u00edv az illatok gy\u00f3gy\u00edt\u00f3 vil\u00e1g\u00e1ba \u2014 az \u00f3kori f\u00fcst\u00f6l\u0151kt\u0151l eg\u00e9szen a modern olfakt\u00edv ter\u00e1pi\u00e1ig.<br \/>Hogyan hatnak r\u00e1nk az illatok? Mi\u00e9rt kapcsol\u00f3dik \u00f6ssze ennyire m\u00e9lyen az eml\u00e9kezet, a l\u00e9lek \u00e9s a szagl\u00e1s? \u00c9s hogyan seg\u00edthetnek az illatok a testi-lelki harm\u00f3nia megtal\u00e1l\u00e1s\u00e1ban?\u00a0<\/p>\n<p class=\"promocio\">Prom\u00f3ci\u00f3<\/p>\n<p><a href=\"https:\/\/dex.hu\/x.php?id=googlepref_desktop_femina&amp;url=https:\/\/google.com\/preferences\/source?q=https:\/\/femina.hu\/\" class=\"google-pref-banner \" id=\"googlePrefBanner\" rel=\"nofollow noopener\" target=\"_blank\"><\/p>\n<p>        \u00c1ll\u00edtsd be a Google keres\u0151j\u00e9t, hogy a tal\u00e1latok k\u00f6z\u00f6tt biztos ott legyen a Femina!<\/p>\n<p><\/a><\/p>\n","protected":false},"excerpt":{"rendered":"Kovi semmilyen luxusvill\u00e1ra vagy kacsal\u00e1bon forg\u00f3 palot\u00e1ra sem cser\u00e9ln\u00e9 el nyolcadik ker\u00fcleti lak\u00e1s\u00e1t. Kovi otthona M\u00e1jus 28-\u00e1n deb\u00fct\u00e1lt&hellip;\n","protected":false},"author":2,"featured_media":129075,"comment_status":"","ping_status":"","sticky":false,"template":"","format":"standard","meta":{"footnotes":"","_share_on_mastodon":"0"},"categories":[21],"tags":[198,137,206,199,44,42,40,6494,43,41,138,205,6503],"class_list":["post-129074","post","type-post","status-publish","format-standard","has-post-thumbnail","category-hiressegek","tag-celebrities","tag-entertainment","tag-hazai-sztar","tag-hiressegek","tag-hu","tag-hungarian","tag-hungary","tag-kovacs-istvan","tag-magyar","tag-magyarorszag","tag-szorakozas","tag-sztar","tag-sztarok-otthonai"],"share_on_mastodon":{"url":"https:\/\/pubeurope.com\/@hu\/116713586853304507","error":""},"_links":{"self":[{"href":"https:\/\/www.europesays.com\/hu\/wp-json\/wp\/v2\/posts\/129074","targetHints":{"allow":["GET"]}}],"collection":[{"href":"https:\/\/www.europesays.com\/hu\/wp-json\/wp\/v2\/posts"}],"about":[{"href":"https:\/\/www.europesays.com\/hu\/wp-json\/wp\/v2\/types\/post"}],"author":[{"embeddable":true,"href":"https:\/\/www.europesays.com\/hu\/wp-json\/wp\/v2\/users\/2"}],"replies":[{"embeddable":true,"href":"https:\/\/www.europesays.com\/hu\/wp-json\/wp\/v2\/comments?post=129074"}],"version-history":[{"count":0,"href":"https:\/\/www.europesays.com\/hu\/wp-json\/wp\/v2\/posts\/129074\/revisions"}],"wp:featuredmedia":[{"embeddable":true,"href":"https:\/\/www.europesays.com\/hu\/wp-json\/wp\/v2\/media\/129075"}],"wp:attachment":[{"href":"https:\/\/www.europesays.com\/hu\/wp-json\/wp\/v2\/media?parent=129074"}],"wp:term":[{"taxonomy":"category","embeddable":true,"href":"https:\/\/www.europesays.com\/hu\/wp-json\/wp\/v2\/categories?post=129074"},{"taxonomy":"post_tag","embeddable":true,"href":"https:\/\/www.europesays.com\/hu\/wp-json\/wp\/v2\/tags?post=129074"}],"curies":[{"name":"wp","href":"https:\/\/api.w.org\/{rel}","templated":true}]}}