{"id":129815,"date":"2026-06-08T20:24:07","date_gmt":"2026-06-08T20:24:07","guid":{"rendered":"https:\/\/www.europesays.com\/hu\/129815\/"},"modified":"2026-06-08T20:24:07","modified_gmt":"2026-06-08T20:24:07","slug":"sean-penn-elarulta-miert-utalja-a-szelfiket-meg-egy-holokauszttulelonek-is-nemet-mondana","status":"publish","type":"post","link":"https:\/\/www.europesays.com\/hu\/129815\/","title":{"rendered":"Sean Penn el\u00e1rulta, mi\u00e9rt ut\u00e1lja a szelfiket: m\u00e9g egy holokausztt\u00fal\u00e9l\u0151nek is nemet mondana"},"content":{"rendered":"<p>Sean Penn egy besz\u00e9lget\u0151s esem\u00e9nyt is elv\u00e1llalt a fesztiv\u00e1lon, nyilatkozat\u00e1t a <a href=\"https:\/\/variety.com\/2026\/film\/news\/sean-penn-selfies-skipping-oscars-kaitlin-collins-1236768328\/\" target=\"_blank\" rel=\"noopener noreferrer nofollow\">Variety szeml\u00e9zte<\/a>. Sosem volt egy keny\u00e9rre kenhet\u0151 m\u0171v\u00e9sz, de az ut\u00f3bbi id\u0151ben m\u00e9g ink\u00e1bb el\u0151j\u00f6tt kor\u00e1bban is l\u00e9tez\u0151 t\u00f6megiszonya, amely a kor el\u0151rehaladt\u00e1val egyre ink\u00e1bb megb\u00e9lyegzi mindennapjait \u2013 Penn err\u0151l is mes\u00e9lt az interj\u00faban.<\/p>\n<p>Az Oscar alatt nem is volt otthon<br \/>\n<img fetchpriority=\"high\" decoding=\"async\" class=\"img-responsive wp-image-2145111 size-full\" src=\"https:\/\/www.europesays.com\/hu\/wp-content\/uploads\/2026\/06\/gettyimages-2260834199.jpg\" alt=\"Sean Penn a Santa Barbara Filmfesztiv\u00e1lon 2026 febru\u00e1rj\u00e1banban.\" width=\"1024\" height=\"576\"   loading=\"lazy\"\/><\/p>\n<p class=\"wp-caption-text\">Sean Penn a Santa Barbara Filmfesztiv\u00e1lon, 2026. febru\u00e1rj\u00e1ban (Forr\u00e1s: Rebecca Sapp\/Getty Images for Santa Barbara International Film Festival)<\/p>\n<p>A sz\u00edn\u00e9sz alak\u00edt\u00e1sai k\u00f6z\u00fcl \u00f6t kapott Oscar-nomin\u00e1ci\u00f3t, ezek k\u00f6z\u00fcl 2004-ben (<a href=\"https:\/\/www.imdb.com\/title\/tt0327056\/\" target=\"_blank\" rel=\"noopener noreferrer nofollow\">Titokzatos foly\u00f3<\/a>), 2009-ben (<a href=\"https:\/\/www.imdb.com\/title\/tt1013753\/\" target=\"_blank\" rel=\"noopener noreferrer nofollow\">Milk<\/a>) \u00e9s 2006-ban (<a href=\"https:\/\/nlc.hu\/szabadido\/20260316\/oscar-2026-dijak-gala-dijazottak-musor-riport\/?fbclid=IwY2xjawSTmupleHRuA2FlbQIxMQBicmlkETBVcHVZMjNSbXNjN2w5cDdRc3J0YwZhcHBfaWQQMjIyMDM5MTc4ODIwMDg5MgABHtwuFQCOOFn1w06MTmYO-wnVr8a9QAiJ3JbndZWLySiIlqsuBxMWZGwu6IhK_aem_wkfI4H6AVthC-9A23m_pAw\" target=\"_blank\" rel=\"noopener nofollow\">Egyik csata a m\u00e1sik ut\u00e1n<\/a>) kedvezett a szavaz\u00e1s Pennek. A nyers modor\u00e1r\u00f3l is h\u00edres szt\u00e1r egy\u00e9bir\u00e1nt h\u00edres demokrata, szerepv\u00e1laszt\u00e1sai is h\u00edven t\u00fckr\u00f6zik liber\u00e1lis szeml\u00e9letm\u00f3dj\u00e1t \u2013 de saj\u00e1t bevall\u00e1sa szerint nincs m\u00e1r t\u00fcrelme a filmjeivel j\u00e1r\u00f3 felhajt\u00e1shoz, d\u00edj\u00e1tad\u00f3khoz, sajt\u00f3k\u00f6r\u00fathoz. A Tribeca fesztiv\u00e1lon is hangot adott abb\u00f3l fakad\u00f3 \u00f6r\u00f6m\u00e9nek, hogy a besz\u00e9lget\u00e9spanel st\u00fadi\u00f3k\u00f6r\u00fclm\u00e9nyek k\u00f6z\u00f6tt k\u00e9sz\u00fclt, nem t\u00f6megek el\u0151tt.<\/p>\n<p>Penn sokadik sz\u00edn\u00e9szi vir\u00e1gz\u00e1s\u00e1t \u00e9li, az Egyik csata a m\u00e1sik ut\u00e1nban mutatott l\u00e1tv\u00e1nyos alak\u00edt\u00e1s\u00e1\u00e9rt a k\u00f6z\u00f6ns\u00e9g \u00e9s a szakma is rajongott \u2013 de \u0151 <a href=\"https:\/\/nlc.hu\/sztarok\/20260317\/sean-penn-ukrajna-zelenszkij-oscar-dij\/\" target=\"_blank\" rel=\"noopener nofollow\">nem \u00fclt be<\/a> a show-ra, no, nem felt\u00e9tlen\u00fcl az\u00e9rt, mert nem b\u00edrta volna ki a felhajt\u00e1st, hanem az\u00e9rt, mert \u00e9pp Ukrajn\u00e1ban volt dolga. Penn hangos t\u00e1mogat\u00f3ja Ukrajn\u00e1nak \u00e9s Zelenszkij eln\u00f6knek.<\/p>\n<p>N\u00e9h\u00e1ny \u00e9ve <a href=\"https:\/\/www.imdb.com\/title\/tt18327788\/\" target=\"_blank\" rel=\"noopener noreferrer nofollow\">dokumentumfilmet<\/a> is forgatott az orsz\u00e1g honv\u00e9d\u0151 h\u00e1bor\u00faj\u00e1r\u00f3l. T\u00e1volmarad\u00e1s\u00e1t el\u0151re bejelentette, tudott r\u00f3la az Egyik csata\u2026 st\u00e1bja is \u2013 \u00e9s Penn besz\u00e1mol\u00f3ja szerint t\u00e1mogatt\u00e1k is, hogy nem lesz jelen, hisz \u00e9rtes\u00fcltek a sz\u00edn\u00e9sz ut\u00f3bbi \u00e9vekben egyre mark\u00e1nsabban jelentkez\u0151 szociof\u00f3bi\u00e1j\u00e1r\u00f3l \u00e9s t\u00f6megiszony\u00e1r\u00f3l. \u00dagy voltak vele, \u00edgy lesz j\u00f3 mindenkinek. De Penn \u00edgy is nagyon \u00f6r\u00fclt a d\u00edjnak, Paul Thomas Anderson filmj\u00e9n pedig k\u00fcl\u00f6n\u00f6sen szeretett dolgozni.<\/p>\n<p>Vesszenek a szelfik!<\/p>\n<p>A sz\u00edn\u00e9sz nyilatkozat\u00e1ban is kit\u00e9rt arra, hogy semmik\u00e9ppen sem a g\u00e1l\u00e1k \u00fcnnep\u00e9lyess\u00e9g\u00e9vel van gondja, nem is a sz\u00f3rakoztat\u00f3iparnak szeretne \u00edgy \u00fczenni \u2013 egyszer\u0171en az a baja az ilyesfajta cerem\u00f3ni\u00e1kkal \u00e9s tal\u00e1lkoz\u00f3kkal, hogy t\u00fal sok ott az ember. Fejteget\u00e9se szerint pont ugyanolyan rosszul \u00e9rezn\u00e9 mag\u00e1t akkor is, ha a g\u00e1la helyett mondjuk egy nagy afterpartin kellene r\u00e9sztvennie.<\/p>\n<p>N\u00e9zte a g\u00e1l\u00e1t, de Ukrajn\u00e1ban, t\u00e9v\u00e9ben, \u00e9s saj\u00e1t bevall\u00e1sa szerint m\u00e9g sosem tudta ennyire \u00e9lvezni a d\u00edj\u00e1tad\u00f3t, mert nem fesz\u00e9lyezte a t\u00f6meg.<\/p>\n<p>A rajong\u00f3kkal k\u00f6z\u00f6s szelfikr\u0151l k\u00fcl\u00f6n\u00f6sen les\u00fajt\u00f3 a v\u00e9lem\u00e9nye Pennek. A k\u00f6vetkez\u0151ket mondta err\u0151l a Variety cikke szerint:<\/p>\n<p>Az embereknek soha senkivel sem szabadna szelfit csin\u00e1lniuk. Rossz neked, rossz mindenkinek. L\u00e9lek\u00f6l\u0151 dolog.<\/p>\n<p>Majd ezut\u00e1n k\u00f6vetkezetett Penn \u00e9rz\u00e9kletes p\u00e9ld\u00e1ja arr\u00f3l, hogy \u0151 sz\u00f3 szerint mindenkit elutas\u00edt, akik a k\u00f6z\u00f6s szelfi terv\u00e9vel k\u00f6zel\u00edtenek fel\u00e9:<\/p>\n<p>\u201eOdaj\u00f6n egy holokauszt-nagyi \u00e9s a hat\u00e9ves kerekekessz\u00e9kes unok\u00e1ja? Nekik is hat\u00e1rozott nem a v\u00e1laszom.\u201d<\/p>\n","protected":false},"excerpt":{"rendered":"Sean Penn egy besz\u00e9lget\u0151s esem\u00e9nyt is elv\u00e1llalt a fesztiv\u00e1lon, nyilatkozat\u00e1t a Variety szeml\u00e9zte. Sosem volt egy keny\u00e9rre kenhet\u0151&hellip;\n","protected":false},"author":2,"featured_media":129816,"comment_status":"","ping_status":"","sticky":false,"template":"","format":"standard","meta":{"footnotes":"","_share_on_mastodon":"0"},"categories":[17],"tags":[137,160,44,42,40,43,41,159,4456,3195,138,235],"class_list":["post-129815","post","type-post","status-publish","format-standard","has-post-thumbnail","category-filmek","tag-entertainment","tag-filmek","tag-hu","tag-hungarian","tag-hungary","tag-magyar","tag-magyarorszag","tag-movie","tag-oscar-dij","tag-sean-penn","tag-szorakozas","tag-sztarok"],"share_on_mastodon":{"url":"https:\/\/pubeurope.com\/@hu\/116716363472381498","error":""},"_links":{"self":[{"href":"https:\/\/www.europesays.com\/hu\/wp-json\/wp\/v2\/posts\/129815","targetHints":{"allow":["GET"]}}],"collection":[{"href":"https:\/\/www.europesays.com\/hu\/wp-json\/wp\/v2\/posts"}],"about":[{"href":"https:\/\/www.europesays.com\/hu\/wp-json\/wp\/v2\/types\/post"}],"author":[{"embeddable":true,"href":"https:\/\/www.europesays.com\/hu\/wp-json\/wp\/v2\/users\/2"}],"replies":[{"embeddable":true,"href":"https:\/\/www.europesays.com\/hu\/wp-json\/wp\/v2\/comments?post=129815"}],"version-history":[{"count":0,"href":"https:\/\/www.europesays.com\/hu\/wp-json\/wp\/v2\/posts\/129815\/revisions"}],"wp:featuredmedia":[{"embeddable":true,"href":"https:\/\/www.europesays.com\/hu\/wp-json\/wp\/v2\/media\/129816"}],"wp:attachment":[{"href":"https:\/\/www.europesays.com\/hu\/wp-json\/wp\/v2\/media?parent=129815"}],"wp:term":[{"taxonomy":"category","embeddable":true,"href":"https:\/\/www.europesays.com\/hu\/wp-json\/wp\/v2\/categories?post=129815"},{"taxonomy":"post_tag","embeddable":true,"href":"https:\/\/www.europesays.com\/hu\/wp-json\/wp\/v2\/tags?post=129815"}],"curies":[{"name":"wp","href":"https:\/\/api.w.org\/{rel}","templated":true}]}}