{"id":129842,"date":"2026-06-08T20:48:08","date_gmt":"2026-06-08T20:48:08","guid":{"rendered":"https:\/\/www.europesays.com\/hu\/129842\/"},"modified":"2026-06-08T20:48:08","modified_gmt":"2026-06-08T20:48:08","slug":"ezek-voltak-a-tony-awards-legszebb-ruhai-csak-kapkodjuk-a-fejunket-a-sztarok-szettjei-lattan","status":"publish","type":"post","link":"https:\/\/www.europesays.com\/hu\/129842\/","title":{"rendered":"Ezek voltak a Tony Awards legszebb ruh\u00e1i, csak kapkodjuk a fej\u00fcnket a szt\u00e1rok szettjei l\u00e1tt\u00e1n"},"content":{"rendered":"<p>\u00a9 glamour.hu  \u00a9 IndaNext Hungary Kft. Az oldalak tartalm\u00e1val kapcsolatban minden jog fenntartva, bele\u00e9rtve a tartalom sz\u00f6veg- \u00e9s adatb\u00e1ny\u00e1szat c\u00e9lj\u00e1ra val\u00f3 felhaszn\u00e1l\u00e1s\u00e1t is \u2013 a szerz\u0151i jogr\u00f3l sz\u00f3l\u00f3 1999. \u00e9vi LXXVI. t\u00f6rv\u00e9ny rendelkez\u00e9sei \u00e9rtelm\u00e9ben a t\u00f6rv\u00e9ny 35\/A. \u00a7 (1) paragrafusa \u00e9s a digit\u00e1lis szolg\u00e1ltat\u00e1sok piacair\u00f3l sz\u00f3l\u00f3 eur\u00f3pai ir\u00e1nyelv (Az Eur\u00f3pai Parlament \u00e9s a Tan\u00e1cs (EU) 2019\/790 Ir\u00e1nyelve) 4. cikke alapj\u00e1n! Az oldalak, azok tartalma &#8211; ide\u00e9rtve k\u00fcl\u00f6n\u00f6sen, de nem kiz\u00e1r\u00f3lag az azokon k\u00f6zz\u00e9tett sz\u00f6vegeket, grafik\u00e1kat, k\u00e9peket, fot\u00f3kat, hangfelv\u00e9teleket \u00e9s vide\u00f3kat stb. &#8211; az IndaNext Hungary Kft. (&#8222;Jogtulajdonos&#8221;) kiz\u00e1r\u00f3lagos jogosults\u00e1ga al\u00e1 esnek. Mindezek minden \u00e9s b\u00e1rmely felhaszn\u00e1l\u00e1sa csak a Jogtulajdonos el\u0151zetes \u00edr\u00e1sbeli hozz\u00e1j\u00e1rul\u00e1s\u00e1val lehets\u00e9ges. Az oldalr\u00f3l kivezet\u0151 linkeken el\u00e9rhet\u0151 tartalmak\u00e9rt a Jogtulajdonos semmilyen felel\u0151ss\u00e9get, helyt\u00e1ll\u00e1st nem v\u00e1llal. A Jogtulajdonos pontos \u00e9s hiteles inform\u00e1ci\u00f3k k\u00f6zl\u00e9s\u00e9re, t\u00e1j\u00e9koztat\u00e1s megad\u00e1s\u00e1ra t\u00f6rekszik, de a k\u00f6zl\u00e9sb\u0151l, t\u00e1j\u00e9koztat\u00e1sb\u00f3l fakad\u00f3 esetleges k\u00e1rok\u00e9rt felel\u0151ss\u00e9get, helyt\u00e1ll\u00e1st nem v\u00e1llal.<\/p>\n","protected":false},"excerpt":{"rendered":"\u00a9 glamour.hu \u00a9 IndaNext Hungary Kft. Az oldalak tartalm\u00e1val kapcsolatban minden jog fenntartva, bele\u00e9rtve a tartalom sz\u00f6veg- \u00e9s&hellip;\n","protected":false},"author":2,"featured_media":129843,"comment_status":"","ping_status":"","sticky":false,"template":"","format":"standard","meta":{"footnotes":"","_share_on_mastodon":"0"},"categories":[21],"tags":[198,137,1513,199,44,42,40,40946,43,41,740,5989,3220,138,40945],"class_list":["post-129842","post","type-post","status-publish","format-standard","has-post-thumbnail","category-hiressegek","tag-celebrities","tag-entertainment","tag-galeria","tag-hiressegek","tag-hu","tag-hungarian","tag-hungary","tag-lea-michele","tag-magyar","tag-magyarorszag","tag-nemzetkozi-sztarok","tag-pink","tag-rachel-zegler","tag-szorakozas","tag-tony-awards"],"share_on_mastodon":{"url":"https:\/\/pubeurope.com\/@hu\/116716457489239043","error":""},"_links":{"self":[{"href":"https:\/\/www.europesays.com\/hu\/wp-json\/wp\/v2\/posts\/129842","targetHints":{"allow":["GET"]}}],"collection":[{"href":"https:\/\/www.europesays.com\/hu\/wp-json\/wp\/v2\/posts"}],"about":[{"href":"https:\/\/www.europesays.com\/hu\/wp-json\/wp\/v2\/types\/post"}],"author":[{"embeddable":true,"href":"https:\/\/www.europesays.com\/hu\/wp-json\/wp\/v2\/users\/2"}],"replies":[{"embeddable":true,"href":"https:\/\/www.europesays.com\/hu\/wp-json\/wp\/v2\/comments?post=129842"}],"version-history":[{"count":0,"href":"https:\/\/www.europesays.com\/hu\/wp-json\/wp\/v2\/posts\/129842\/revisions"}],"wp:featuredmedia":[{"embeddable":true,"href":"https:\/\/www.europesays.com\/hu\/wp-json\/wp\/v2\/media\/129843"}],"wp:attachment":[{"href":"https:\/\/www.europesays.com\/hu\/wp-json\/wp\/v2\/media?parent=129842"}],"wp:term":[{"taxonomy":"category","embeddable":true,"href":"https:\/\/www.europesays.com\/hu\/wp-json\/wp\/v2\/categories?post=129842"},{"taxonomy":"post_tag","embeddable":true,"href":"https:\/\/www.europesays.com\/hu\/wp-json\/wp\/v2\/tags?post=129842"}],"curies":[{"name":"wp","href":"https:\/\/api.w.org\/{rel}","templated":true}]}}