{"id":131095,"date":"2026-06-09T19:40:12","date_gmt":"2026-06-09T19:40:12","guid":{"rendered":"https:\/\/www.europesays.com\/hu\/131095\/"},"modified":"2026-06-09T19:40:12","modified_gmt":"2026-06-09T19:40:12","slug":"volgyesi-gabi-nekiment-a-multiknak-az-enekesno-ugy-veli-megloptak-2","status":"publish","type":"post","link":"https:\/\/www.europesays.com\/hu\/131095\/","title":{"rendered":"V\u00f6lgyesi Gabi nekiment a multiknak \u2013 az \u00e9nekesn\u0151 \u00fagy v\u00e9li, meglopt\u00e1k"},"content":{"rendered":"<p class=\"a-lead mb-8 text-xl lg:text-xl-plus font-medium&#10;                leading-[var(--article-lead-lh-mobile)] lg:leading-8\">\n    Az \u00fcgyv\u00e9dk\u00e9nt is praktiz\u00e1l\u00f3 \u00e9nekesn\u0151, V\u00f6lgyesi Gabi a napokban szerzett \u00fajabb diplom\u00e1t, szakdolgozata pedig h\u00fasbav\u00e1g\u00f3 t\u00e9m\u00e1val foglalkozik: a zen\u00e9szeket, \u00edgy \u0151t is megk\u00e1ros\u00edt\u00f3 c\u00e9gekkel.\n<\/p>\n<p>A mesters\u00e9ges intelligencia haszn\u00e1lata \u00fcdv\u00f6s \u00e9s k\u00e1rt\u00e9kony egyszerre \u2013 vallja <a href=\"https:\/\/story.hu\/napi-friss\/2025\/09\/25\/volgyesi-gabi-elarulta-milyen-trukkel-csabitotta-el-a-ferje\/\" id=\"60e94130-4853-4e54-98cb-f46db6d7ac77\" rel=\"nofollow noopener\" target=\"_blank\">V\u00f6lgyesi Gabi<\/a>, akit nem csak jog\u00e1szk\u00e9nt, hanem \u00e9nekesn\u0151k\u00e9nt is \u00e9rz\u00e9kenyen \u00e9rint a t\u00e9ma. \u00dagy v\u00e9li, vil\u00e1gc\u00e9gek \u00e9l\u0151sk\u00f6dnek, gazdagodnak a zeneipar alkot\u00f3in: a mesters\u00e9ges intelligencia seg\u00edts\u00e9g\u00e9vel m\u00e1sok szellemi term\u00e9keit haszn\u00e1lj\u00e1k \u00e9s \u00e9rt\u00e9kes\u00edtik. Mindez m\u00e9lys\u00e9gesen felh\u00e1bor\u00edtja a <a href=\"https:\/\/www.uniquemusic.hu\/\" id=\"bc3677d1-813a-4633-b257-992a387e3f26\" rel=\"nofollow noopener\" target=\"_blank\">Unique egy\u00fcttes<\/a> \u00e9nekesn\u0151j\u00e9t.<\/p>\n<p>Gabi \u00e9s a vil\u00e1gc\u00e9gek meccse sajnos lefutottnak t\u0171nik, de az \u00e9nekes-\u00fcgyv\u00e9dn\u0151 az\u00e9rt ahol lehet, hangot ad a v\u00e9lem\u00e9ny\u00e9nek.<\/p>\n<p>Legut\u00f3bb a <a href=\"https:\/\/tv2play.hu\/mokka\/volgyesi_gabi_uj_diplomat_szerzett_mesterseges_intelligenciabol_vizsgazott\" id=\"67ef2bc4-2d2e-4e18-b7f1-2648fb25009c\" rel=\"nofollow noopener\" target=\"_blank\">TV2 Mokka c\u00edm\u0171 reggeli m\u0171sor\u00e1ban<\/a>, ahol friss diplom\u00e1ja aprop\u00f3j\u00e1n vend\u00e9geskedett.<\/p>\n<p>                                                                                                                                \u00dajabb diploma<\/p>\n<p>Sikeresen teljes\u00edtette a mesters\u00e9ges intelligencia \u00e9s technol\u00f3giai szakjog\u00e1szi k\u00e9pz\u00e9s \u00e1llamvizsg\u00e1j\u00e1t, mondja a m\u0171sorvezet\u0151, <a href=\"https:\/\/story.hu\/napi-friss\/2026\/01\/08\/istenes-laszlonal-kihuzta-a-gyufat-szabo-zsofi\/\" id=\"4b4a0d98-e770-4a25-b892-ae1f388d51d2\" rel=\"nofollow noopener\" target=\"_blank\">Istenes L\u00e1szl\u00f3<\/a>, egyben gratul\u00e1l Gabinak, aki ezut\u00e1n a diplomamunk\u00e1j\u00e1r\u00f3l mes\u00e9l.<\/p>\n<p>\u00cdrtam egy diplomamunk\u00e1t arr\u00f3l, hogy mennyire nem sz\u00e9p dolog az, hogy a nagy technol\u00f3giai c\u00e9gek bulv\u00e1rosan fogalmazva lerabolt\u00e1k az interneten a szerz\u0151k, el\u0151ad\u00f3k szerzem\u00e9nyeit, teljes\u00edtm\u00e9nyeit, amik fent vannak digit\u00e1lisan a neten.<\/p>\n<p>Ezt \u00fagy \u00e9rtem, hogy nem k\u00e9rtek r\u00e1 enged\u00e9lyt, nem fizettek \u00e9rte jogd\u00edjat senkinek. Egyszer\u0171en feltan\u00edtott\u00e1k a mesters\u00e9ges intelligencia alap\u00fa rendszereket, amiket mi is haszn\u00e1lunk napi szinten. Ezek az\u00e9rt ilyen okosak, mert egy csom\u00f3 zen\u00e9vel, sz\u00f6veggel \u00e9s egy\u00e9b m\u00f3don lettek okos\u00edtva\u201d \u2013 magyar\u00e1zta szenved\u00e9lyesen.<\/p>\n<p>Gabi elismeri, erre halad a vil\u00e1g, m\u00e9g \u0151 \u00e9s zen\u00e9szt\u00e1rsai, p\u00e9ld\u00e1ul <a href=\"https:\/\/story.hu\/napi-friss\/2023\/03\/24\/volgyesi-gabi-ha-mi-szetmennenk-az-nagy-valoszinuseggel-az-egyuttes-veget-is-jelentene\/\" id=\"60e36978-ce96-4817-ac7e-92184e8bda8f\" rel=\"nofollow noopener\" target=\"_blank\">a f\u00e9rje, Kovacsics \u00c1d\u00e1m<\/a> is haszn\u00e1lja a mesters\u00e9ges intelligenci\u00e1t, csakhogy mindennek k\u00e1rosultjai is vannak. \u201eAkik ehhez az olajat, az \u00fczemanyagot adt\u00e1k\u201d \u2013 fogalmaz plasztikusan.<\/p>\n<p>                        <img class=\"object-contain mx-auto w-full sm:w-auto\"  src=\"https:\/\/www.europesays.com\/hu\/wp-content\/uploads\/2026\/06\/PmGk9mPaHR0cHM6Ly9pbWFnZXMuc3RvcnkuaHUvMS9qUUVrOWxCYUhSMGNITTZMeTl2WTJSdUxtVjFMM0IxYkhOamJYTXZUVVJCW.webp\" alt=\"V\u00f6lgyesi Gabi el\u00e1rulta, hogy f\u00e9rj\u00e9nek, Kovacsics \u00c1d\u00e1mnak a mesters\u00e9ges intelligencia seg\u00edtett kil\u00e1balni az alkot\u00f3i v\u00e1ls\u00e1gb\u00f3l\" loading=\"lazy\" decoding=\"async\" \/><\/p>\n<p>                    Fotocentral \/ Schumy Csaba<\/p>\n<p>        V\u00f6lgyesi Gabi el\u00e1rulta, hogy f\u00e9rj\u00e9nek, Kovacsics \u00c1d\u00e1mnak a mesters\u00e9ges intelligencia seg\u00edtett kil\u00e1balni az alkot\u00f3i v\u00e1ls\u00e1gb\u00f3l<\/p>\n<p>Az \u00e9nekesn\u0151 igaz\u00e1t ugyan <a href=\"https:\/\/24.hu\/tech\/2024\/04\/03\/zene-mesterseges-intelligencia-artisjus-fluor-tomi-ai-act-jogositas\/\" id=\"f7ca577a-1c26-467b-85fc-7b14b8057b26\" rel=\"nofollow noopener\" target=\"_blank\">kevesen k\u00e9rd\u0151jelezn\u00e9k meg<\/a>, de hogy az igazs\u00e1g gy\u0151z-e, tal\u00e1n \u0151 maga sem hiszi.<\/p>\n","protected":false},"excerpt":{"rendered":"Az \u00fcgyv\u00e9dk\u00e9nt is praktiz\u00e1l\u00f3 \u00e9nekesn\u0151, V\u00f6lgyesi Gabi a napokban szerzett \u00fajabb diplom\u00e1t, szakdolgozata pedig h\u00fasbav\u00e1g\u00f3 t\u00e9m\u00e1val foglalkozik: a&hellip;\n","protected":false},"author":2,"featured_media":131034,"comment_status":"","ping_status":"","sticky":false,"template":"","format":"standard","meta":{"footnotes":"","_share_on_mastodon":"0"},"categories":[21],"tags":[198,137,199,44,42,40,43,41,283,204,138,41270,41269],"class_list":["post-131095","post","type-post","status-publish","format-standard","has-post-thumbnail","category-hiressegek","tag-celebrities","tag-entertainment","tag-hiressegek","tag-hu","tag-hungarian","tag-hungary","tag-magyar","tag-magyarorszag","tag-mesterseges-intelligencia","tag-mokka","tag-szorakozas","tag-unique","tag-volgyesi-gabi"],"share_on_mastodon":{"url":"https:\/\/pubeurope.com\/@hu\/116721852517521670","error":""},"_links":{"self":[{"href":"https:\/\/www.europesays.com\/hu\/wp-json\/wp\/v2\/posts\/131095","targetHints":{"allow":["GET"]}}],"collection":[{"href":"https:\/\/www.europesays.com\/hu\/wp-json\/wp\/v2\/posts"}],"about":[{"href":"https:\/\/www.europesays.com\/hu\/wp-json\/wp\/v2\/types\/post"}],"author":[{"embeddable":true,"href":"https:\/\/www.europesays.com\/hu\/wp-json\/wp\/v2\/users\/2"}],"replies":[{"embeddable":true,"href":"https:\/\/www.europesays.com\/hu\/wp-json\/wp\/v2\/comments?post=131095"}],"version-history":[{"count":0,"href":"https:\/\/www.europesays.com\/hu\/wp-json\/wp\/v2\/posts\/131095\/revisions"}],"wp:featuredmedia":[{"embeddable":true,"href":"https:\/\/www.europesays.com\/hu\/wp-json\/wp\/v2\/media\/131034"}],"wp:attachment":[{"href":"https:\/\/www.europesays.com\/hu\/wp-json\/wp\/v2\/media?parent=131095"}],"wp:term":[{"taxonomy":"category","embeddable":true,"href":"https:\/\/www.europesays.com\/hu\/wp-json\/wp\/v2\/categories?post=131095"},{"taxonomy":"post_tag","embeddable":true,"href":"https:\/\/www.europesays.com\/hu\/wp-json\/wp\/v2\/tags?post=131095"}],"curies":[{"name":"wp","href":"https:\/\/api.w.org\/{rel}","templated":true}]}}