{"id":131254,"date":"2026-06-09T22:13:14","date_gmt":"2026-06-09T22:13:14","guid":{"rendered":"https:\/\/www.europesays.com\/hu\/131254\/"},"modified":"2026-06-09T22:13:14","modified_gmt":"2026-06-09T22:13:14","slug":"szekerfesztival-2026-programok-we-love-budapest","status":"publish","type":"post","link":"https:\/\/www.europesays.com\/hu\/131254\/","title":{"rendered":"Szek\u00e9rfesztiv\u00e1l 2026 &#8211; Programok &#8211; We love Budapest"},"content":{"rendered":"<p>A Szek\u00e9rfesztiv\u00e1l j\u00fanius 13-\u00e1n imm\u00e1r 30. alkalommal vonul v\u00e9gig Budapest utc\u00e1in. A Krisna-h\u00edv\u0151k hagyom\u00e1nyos Ratha-j\u00e1tr\u00e1 \u00fcnnep\u00e9n a l\u00e1tv\u00e1nyos menet az E\u00f6tv\u00f6s t\u00e9rr\u0151l indul a <a href=\"https:\/\/welovebudapest.com\/hely\/varosliget\/\u00a0\" target=\"_blank\" rel=\"nofollow noopener\">V\u00e1rosligetbe<\/a>, a felvonul\u00e1st zen\u00e9szek \u00e9s t\u00e1ncosok k\u00eds\u00e9rik. A ligetben m\u00e1r d\u00e9lt\u0151l elkezd\u0151dnek az India Fesztiv\u00e1l programjai: tradicion\u00e1lis zene \u00e9s t\u00e1nc, j\u00f3ga- \u00e9s workshopfoglalkoz\u00e1sok, el\u0151ad\u00e1s, koncert, hennafest\u00e9s, gyermekprogramok, v\u00e1s\u00e1r \u00e9s gasztron\u00f3miai k\u00fcl\u00f6nlegess\u00e9gek v\u00e1rj\u00e1k a l\u00e1togat\u00f3kat. A programon val\u00f3 r\u00e9szv\u00e9tel ingyenes.\u00a0<\/p>\n<p>&#13;<br \/>\n&#13;<\/p>\n<p>(Bor\u00edt\u00f3k\u00e9p:\u00a0Szek\u00e9rfesztiv\u00e1l)<\/p>\n<p><a href=\"https:\/\/dex.hu\/x.php?id=googlepref_desktop_welovebudapest&amp;url=https:\/\/google.com\/preferences\/source?q=https:\/\/welovebudapest.com\/\" class=\"google-pref-banner \" id=\"googlePrefBanner\" rel=\"nofollow noopener\" target=\"_blank\"><\/p>\n<p>        \u00c1ll\u00edtsd be a Google keres\u0151j\u00e9t, hogy a tal\u00e1latok k\u00f6z\u00f6tt biztos ott legyen a We Love Budapest!<\/p>\n<p><\/a><\/p>\n<p>        <img loading=\"lazy\" decoding=\"async\" class=\"wlbkonyv-ajanlo_img\" src=\"https:\/\/www.europesays.com\/hu\/wp-content\/uploads\/2026\/06\/1781043194_246_69201281_3194f691f5c54101ba8cd5e10826374b_wm.jpg\" width=\"851\" height=\"851\" alt=\"\" style=\"\"\/><\/p>\n<p>            <a href=\"https:\/\/www.indapresskiado.hu\/products\/15-ve-sszhangban-a-v-rossal\" target=\"_blank\" rel=\"nofollow noopener\">Megjelent els\u0151 bookazine-unk, ne maradj le r\u00f3la!<\/a><\/p>\n<p>M\u00e1r 15 \u00e9ve l\u00e9legz\u00fcnk \u00f6sszhangban a f\u0151v\u00e1rossal. Jubileumi kiadv\u00e1nyunkban mindent megtal\u00e1lsz, ami magazinunk \u00e9s eddigi munk\u00e1nk esszenci\u00e1ja. Gasztron\u00f3mia, kult\u00fara, v\u00e1rosi legend\u00e1k \u00e9s Budapest arcai, interj\u00fak, t\u00f6rt\u00e9netek \u00e9s a legjobb helyek \u2013 \u00fagy, ahogyan mi l\u00e1tjuk a f\u0151v\u00e1rost. <\/p>\n<p> <a href=\"https:\/\/www.indapresskiado.hu\/products\/15-ve-sszhangban-a-v-rossal\" target=\"_blank\" rel=\"nofollow noopener\">Rendeld meg itt <\/a>vagy keresd a nagyobb k\u00f6nyvesboltokban!\n        <\/p>\n<p class=\"wlbkonyv-ajanlo_promocio\">hirdet\u00e9s<\/p>\n<p>Folytatn\u00e1d az olvas\u00e1st? Szeretsz mindig k\u00e9pben lenni, \u00e9rdekelnek a leg\u00fajabb budapesti h\u00edrek, t\u00f6rt\u00e9netek? <a target=\"_blank\" href=\"https:\/\/welovebudapest.com\/hirlevel\/feliratkozas\" rel=\"nofollow noopener\">Iratkozz fel heti h\u00edrlevel\u00fcnkre<\/a>, az Insiderre, \u00e9s legy\u00e9l te a t\u00e1rsas\u00e1g ir\u00e1nyt\u0171je, ha \u00e9ttermet, kir\u00e1ndul\u00f3helyet vagy programot kerestek!<\/p>\n<p>                C\u00edmk\u00e9k            <\/p>\n","protected":false},"excerpt":{"rendered":"A Szek\u00e9rfesztiv\u00e1l j\u00fanius 13-\u00e1n imm\u00e1r 30. alkalommal vonul v\u00e9gig Budapest utc\u00e1in. A Krisna-h\u00edv\u0151k hagyom\u00e1nyos Ratha-j\u00e1tr\u00e1 \u00fcnnep\u00e9n a l\u00e1tv\u00e1nyos&hellip;\n","protected":false},"author":2,"featured_media":131255,"comment_status":"","ping_status":"","sticky":false,"template":"","format":"standard","meta":{"footnotes":"","_share_on_mastodon":"0"},"categories":[22],"tags":[73,41325,44,42,40,41328,1646,41326,43,41,2980,939,41327,11780],"class_list":["post-131254","post","type-post","status-publish","format-standard","has-post-thumbnail","category-budapest","tag-budapest","tag-eotvos-ter","tag-hu","tag-hungarian","tag-hungary","tag-indiai-kultura","tag-ingyenes-program","tag-krisna","tag-magyar","tag-magyarorszag","tag-programok","tag-szabadido","tag-szekerfesztival","tag-varosliget"],"share_on_mastodon":{"url":"https:\/\/pubeurope.com\/@hu\/116722454234776760","error":""},"_links":{"self":[{"href":"https:\/\/www.europesays.com\/hu\/wp-json\/wp\/v2\/posts\/131254","targetHints":{"allow":["GET"]}}],"collection":[{"href":"https:\/\/www.europesays.com\/hu\/wp-json\/wp\/v2\/posts"}],"about":[{"href":"https:\/\/www.europesays.com\/hu\/wp-json\/wp\/v2\/types\/post"}],"author":[{"embeddable":true,"href":"https:\/\/www.europesays.com\/hu\/wp-json\/wp\/v2\/users\/2"}],"replies":[{"embeddable":true,"href":"https:\/\/www.europesays.com\/hu\/wp-json\/wp\/v2\/comments?post=131254"}],"version-history":[{"count":0,"href":"https:\/\/www.europesays.com\/hu\/wp-json\/wp\/v2\/posts\/131254\/revisions"}],"wp:featuredmedia":[{"embeddable":true,"href":"https:\/\/www.europesays.com\/hu\/wp-json\/wp\/v2\/media\/131255"}],"wp:attachment":[{"href":"https:\/\/www.europesays.com\/hu\/wp-json\/wp\/v2\/media?parent=131254"}],"wp:term":[{"taxonomy":"category","embeddable":true,"href":"https:\/\/www.europesays.com\/hu\/wp-json\/wp\/v2\/categories?post=131254"},{"taxonomy":"post_tag","embeddable":true,"href":"https:\/\/www.europesays.com\/hu\/wp-json\/wp\/v2\/tags?post=131254"}],"curies":[{"name":"wp","href":"https:\/\/api.w.org\/{rel}","templated":true}]}}